{"id":261722,"date":"2025-11-29T08:10:09","date_gmt":"2025-11-29T08:10:09","guid":{"rendered":"https:\/\/www.europesays.com\/es\/261722\/"},"modified":"2025-11-29T08:10:09","modified_gmt":"2025-11-29T08:10:09","slug":"proteccion-ciudadana-destinara-5-millones-en-2026-a-promover-la-seguridad-en-santander","status":"publish","type":"post","link":"https:\/\/www.europesays.com\/es\/261722\/","title":{"rendered":"Protecci\u00f3n Ciudadana destinar\u00e1 5 millones en 2026 a promover la seguridad en Santander"},"content":{"rendered":"<p>\t\t\t\t\t\tEduardo Castillo, concejal de Protecci\u00f3n Ciudadana\t\t\t\t\t<\/p>\n<tr>\n<td>\n\t\t\t\t\t\t<img decoding=\"async\" src=\"https:\/\/www.europesays.com\/es\/wp-content\/uploads\/2025\/11\/eduardo_castillo_presupuesto_2026.jpg\" alt=\"noticias\/imagen-asociada\/2025\/11\/eduardo_castillo_presupuesto_2026.jpg\" class=\"col-xs-12 col-md-12 img-responsive img-left\"\/>\n\t\t\t\t\t<\/td>\n<\/tr>\n<p class=\"lead\">\n\t\t\t\tCastillo destaca el incremento del 16% en el presupuesto del \u00e1rea y la apuesta por la modernizaci\u00f3n de veh\u00edculos, vestuario y tecnolog\u00eda de videovigilancia, as\u00ed como la inversi\u00f3n en el parque de Bomberos\t\t\t<\/p>\n<p style=\"text-align: justify;\">El concejal de Protecci\u00f3n Ciudadana del Ayuntamiento de Santander, Eduardo Castillo, ha presentado el presupuesto del \u00e1rea para 2026, que aumenta un 16%, pasando de 4,3 millones a 5 millones de euros, con el objetivo de reforzar los medios t\u00e9cnicos, materiales y humanos que prestan servicio a la ciudadan\u00eda a trav\u00e9s de la Polic\u00eda Local, Bomberos y Protecci\u00f3n Civil.<\/p>\n<p style=\"text-align: justify;\">\u201cEl Ayuntamiento tiene claro que la seguridad de los santanderinos pasa por disponer de los mejores medios, modernas dotaciones y una gesti\u00f3n \u00e1gil que permita responder de forma eficaz ante cualquier incidencia\u201d, ha subrayado.<\/p>\n<p style=\"text-align: justify;\">El presupuesto reserva 100.000 euros para la adquisici\u00f3n de veh\u00edculos policiales, que se suman a la compra de cuatro turismos realizada este a\u00f1o. De este modo, en 2026 se incorporar\u00e1n una furgoneta de atestados y dos veh\u00edculos de servicio, con el objetivo de continuar con la renovaci\u00f3n del parque m\u00f3vil de la Polic\u00eda Local.<\/p>\n<p style=\"text-align: justify;\">Asimismo, se destinan 340.000 euros para vestuario de Polic\u00eda y Bomberos, que permitir\u00e1 la reposici\u00f3n de material para los agentes en activo y la dotaci\u00f3n de los 9 bomberos y 10 bomberos-conductores que el Ayuntamiento prev\u00e9 incorporar, adem\u00e1s de renovar material actualmente en servicio.<\/p>\n<p style=\"text-align: justify;\">Castillo ha puesto en valor adem\u00e1s los 670.000 euros que se destinar\u00e1n al servicio de socorrismo en playas, que mantendr\u00e1 las mejoras incorporadas la pasada temporada y permitir\u00e1 reforzar la seguridad en el litoral durante el periodo estival.<\/p>\n<p style=\"text-align: justify;\">Como novedades destacables, el presupuesto incorpora tambi\u00e9n 300.000 euros en dos nuevas partidas para la modernizaci\u00f3n del sistema municipal de videovigilancia, que incluir\u00e1 la actualizaci\u00f3n de c\u00e1maras y la instalaci\u00f3n de nuevos puntos de control en diversas \u00e1reas de la ciudad.<\/p>\n<p style=\"text-align: justify;\">Adem\u00e1s, se duplica hasta alcanzar los 238.000 euros la partida de se\u00f1alizaci\u00f3n horizontal para mejorar la seguridad vial.<\/p>\n<p style=\"text-align: justify;\">Igualmente, las cuentas incluyen una inversi\u00f3n de 200.000 euros para el mantenimiento del Parque de Bomberos, que permitir\u00e1 actuar en la actualizaci\u00f3n de cubiertas, impermeabilizaci\u00f3n de fachadas y otras mejoras.<\/p>\n<p style=\"text-align: justify;\">\u201cQueremos mantener a Santander entre las ciudades m\u00e1s seguras de Espa\u00f1a. Por eso, continuaremos reforzando los medios humanos, modernizando los equipos e invirtiendo donde hace falta. La seguridad es una prioridad y este presupuesto responde a ese compromiso con hechos e inversiones reales\u201d, ha concluido.<\/p>\n","protected":false},"excerpt":{"rendered":"Eduardo Castillo, concejal de Protecci\u00f3n Ciudadana Castillo destaca el incremento del 16% en el presupuesto del \u00e1rea y&hellip;\n","protected":false},"author":2,"featured_media":261723,"comment_status":"","ping_status":"","sticky":false,"template":"","format":"standard","meta":{"footnotes":""},"categories":[5],"tags":[17,18,25,24,13,14,11,19,20,9,10,15,16,23,12,21,22],"class_list":{"0":"post-261722","1":"post","2":"type-post","3":"status-publish","4":"format-standard","5":"has-post-thumbnail","7":"category-titulares","8":"tag-breaking-news","9":"tag-breakingnews","10":"tag-es","11":"tag-espana","12":"tag-featured-news","13":"tag-featurednews","14":"tag-headlines","15":"tag-latest-news","16":"tag-latestnews","17":"tag-news","18":"tag-noticias","19":"tag-noticias-destacadas","20":"tag-noticiasdestacadas","21":"tag-spain","22":"tag-titulares","23":"tag-ultimas-noticias","24":"tag-ultimasnoticias"},"share_on_mastodon":{"url":"https:\/\/pubeurope.com\/@es\/115631975870487313","error":""},"_links":{"self":[{"href":"https:\/\/www.europesays.com\/es\/wp-json\/wp\/v2\/posts\/261722","targetHints":{"allow":["GET"]}}],"collection":[{"href":"https:\/\/www.europesays.com\/es\/wp-json\/wp\/v2\/posts"}],"about":[{"href":"https:\/\/www.europesays.com\/es\/wp-json\/wp\/v2\/types\/post"}],"author":[{"embeddable":true,"href":"https:\/\/www.europesays.com\/es\/wp-json\/wp\/v2\/users\/2"}],"replies":[{"embeddable":true,"href":"https:\/\/www.europesays.com\/es\/wp-json\/wp\/v2\/comments?post=261722"}],"version-history":[{"count":0,"href":"https:\/\/www.europesays.com\/es\/wp-json\/wp\/v2\/posts\/261722\/revisions"}],"wp:featuredmedia":[{"embeddable":true,"href":"https:\/\/www.europesays.com\/es\/wp-json\/wp\/v2\/media\/261723"}],"wp:attachment":[{"href":"https:\/\/www.europesays.com\/es\/wp-json\/wp\/v2\/media?parent=261722"}],"wp:term":[{"taxonomy":"category","embeddable":true,"href":"https:\/\/www.europesays.com\/es\/wp-json\/wp\/v2\/categories?post=261722"},{"taxonomy":"post_tag","embeddable":true,"href":"https:\/\/www.europesays.com\/es\/wp-json\/wp\/v2\/tags?post=261722"}],"curies":[{"name":"wp","href":"https:\/\/api.w.org\/{rel}","templated":true}]}}