{"id":261724,"date":"2025-11-29T08:18:14","date_gmt":"2025-11-29T08:18:14","guid":{"rendered":"https:\/\/www.europesays.com\/es\/261724\/"},"modified":"2025-11-29T08:18:14","modified_gmt":"2025-11-29T08:18:14","slug":"los-jugadores-de-valencia-basket-que-disputaron-la-minicopa-endesa","status":"publish","type":"post","link":"https:\/\/www.europesays.com\/es\/261724\/","title":{"rendered":"Los jugadores de Valencia Basket que disputaron la Minicopa Endesa"},"content":{"rendered":"<p class=\"ft-text\"><a class=\"ft-link ft-link--decoration\" href=\"https:\/\/www.superdeporte.es\/baloncesto\/2025\/11\/27\/lalqueria-fonteta-acogen-primera-fase-minicopa-endesa-clubes-acb-124203030.html\" rel=\"nofollow noopener\" target=\"_blank\">Que la Minicopa Endesa es el lugar donde nacen las estrellas<\/a> es un hecho m\u00e1s que comprobado, con 126 ejemplos de jugadores, de\u00a0<strong>Ricky Rubio<\/strong>\u00a0a\u00a0<strong>H\u00e9ctor Alderete\u00a0(debut\u00f3 en la Jornada 4 de la Liga Endesa 2025-26), que alcanzaron la Liga Endesa<\/strong><a class=\"ft-link ft-link--decoration themonetise\" href=\"https:\/\/www.acb.com\/articulo\/ver\/535397-dia-1-la-minicopa-endesa-en-directo.html\" rel=\"nofollow sponsored noopener\" target=\"_blank\"><strong> tras pasar previamente por la Minicopa Endesa<\/strong><\/a><strong>.<\/strong><\/p>\n<p class=\"ft-text\">A ese elevado n\u00famero hay que a\u00f1adir los casos especiales de\u00a0<strong>Santi Aldama<\/strong>\u00a0o\u00a0<strong>Victor Wembanyama<\/strong>, <strong>que aterrizaron en la <\/strong><a class=\"ft-link ft-link--decoration\" href=\"https:\/\/www.superdeporte.es\/tags\/nba\/\" rel=\"nofollow noopener\" target=\"_blank\"><strong>NBA<\/strong><\/a><strong> a\u00f1os despu\u00e9s de haber dejado muestras de su calidad en la Minicopa Endesa<\/strong>. Todos ellos son el mejor ejemplo para la nueva hornada de jugadores que, pr\u00f3ximamente, disputar\u00e1n la Minicopa Endesa Gran Canaria 2025.<\/p>\n<p class=\"ft-text\">En la actual plantilla de <a class=\"ft-link ft-link--decoration\" href=\"https:\/\/www.superdeporte.es\/tags\/valencia-basket\/\" rel=\"nofollow noopener\" target=\"_blank\">Valencia Basket<\/a> tambi\u00e9n hay dos jugadores que disputaron la Minicopa Endesa hace ya varios a\u00f1os: <a class=\"ft-link ft-link--decoration\" href=\"https:\/\/www.superdeporte.es\/tags\/jaime-pradilla\/\" rel=\"nofollow noopener\" target=\"_blank\"><strong>Jaime Pradilla<\/strong><\/a><strong> la jug\u00f3 dos a\u00f1os consecutivos, 2014 y 2015, con el Basket Zaragoza, y en 2018 debut\u00f3 en ACB con el mismo equipo de su ciudad natal. <\/strong><a class=\"ft-link ft-link--decoration\" href=\"https:\/\/www.superdeporte.es\/tags\/josep-puerto\/\" rel=\"nofollow noopener\" target=\"_blank\"><strong>Josep Puerto<\/strong><\/a><strong>, por su parte, jug\u00f3 la Minicopa en 2013, con el Valencia, y su debut en ACB se dio en 2017 tambi\u00e9n con el equipo de su ciudad. <\/strong><\/p>\n<p><img decoding=\"async\" src=\"https:\/\/www.europesays.com\/es\/wp-content\/uploads\/2025\/11\/d5050409-ee17-4fdf-81cd-e6e46f064642_alta-libre-aspect-ratio_default_0.jpg\" width=\"1200\" height=\"800\" alt=\"Puerto, Montero y Costello, en una acci\u00f3n defensiva ante el Dubai.\" class=\"ft-helper-img-rd\" loading=\"lazy\"\/><\/p>\n<p class=\"ft-helper-fontColor-quaternary ft-helper-fontSize-body-S ft-helper-spacer-t-xxs\">Puerto, Montero y Costello, en una acci\u00f3n defensiva ante el Dubai.  \/ Germ\u00e1n Caballero<\/p>\n<p class=\"ft-text\">Otros jugadores de la cuerda taronja que disputaron la Minicopa y m\u00e1s tarde debutarn en ACB son: <strong>Jos\u00e9 Sime\u00f3n, Juan Luis Navarro, Pablo P\u00e9rez, Mill\u00e1n Jim\u00e9nez, Guillem Ferrando, Alejandro Bellver o Lucas Mar\u00ed<\/strong>.<\/p>\n<p>Ricky Rubio fue el primero<\/p>\n<p class=\"ft-text\"><a class=\"ft-link ft-link--decoration\" href=\"https:\/\/www.superdeporte.es\/valencia-basket\/2025\/10\/24\/larrea-sueno-medirse-ricky-rubio-liga-endesa-valencia-basket-joventut-122971926.html\" rel=\"nofollow noopener\" target=\"_blank\">Ricky Rubio\u00a0fue el primero<\/a>, en aquella edici\u00f3n de Sevilla, de una lista llena de nombres. Apenas un a\u00f1o y medio m\u00e1s tarde,\u00a0<strong>A\u00edto Garc\u00eda Reneses<\/strong>\u00a0<strong>vio algo especial en el que fuera MVP de la Minicopa 2004 y le hizo debutar con el Joventut<\/strong>, punto de inicio de una carrera de ensue\u00f1o que le llevar\u00eda a ser el MVP de toda una Copa del Mundo.<\/p>\n<p><img decoding=\"async\" src=\"https:\/\/www.europesays.com\/es\/wp-content\/uploads\/2025\/11\/cb9791ab-8f62-424b-b44f-5f3cf23c2dcd_alta-libre-aspect-ratio_default_0.jpg\" width=\"1200\" height=\"675\" alt=\"Sergio Larrea y Ricky Rubio, con la Selecci\u00f3n\" class=\"ft-helper-img-rd\" loading=\"lazy\"\/><\/p>\n<p class=\"ft-helper-fontColor-quaternary ft-helper-fontSize-body-S ft-helper-spacer-t-xxs\">Sergio Larrea y Ricky Rubio, con la Selecci\u00f3n  \/ EFE<\/p>\n<p>M\u00e1s jugadores destacados<\/p>\n<p class=\"ft-text\">Otros ejemplos de jugadores que alcanzaron a la competici\u00f3n estadounidense son los canteranos del Real Madrid\u00a0<strong>Usman Garuba<\/strong>\u00a0(de vuelta en el club blanco) y\u00a0<a class=\"ft-link ft-link--decoration\" href=\"https:\/\/www.superdeporte.es\/baloncesto\/2025\/11\/11\/reactiva-lakers-victoria-gracias-doncic-123584767.html\" rel=\"nofollow noopener\" target=\"_blank\">Luka Doncic\u00a0(Dallas Mavericks) o el mismo\u00a0Domantas Sabonis<\/a>\u00a0(Sacramento Kings) que se form\u00f3 en Unicaja, debutando en Liga Endesa antes de ser un jugador clave en la NBA.<\/p>\n<p class=\"ft-text\">En la lista hay de todo. Por un lado, el club de los m\u00e1s que asentados en Liga Endesa (del reci\u00e9n retirado\u00a0<strong>Pepe Pozas<\/strong>\u00a0a un\u00a0<strong>Felipe Dos Anjos<\/strong>\u00a0que comienza a sentirse c\u00f3modo en la \u00e9lite, pasando por los\u00a0<strong>Albert Ventura, Ferran Bassas, Guillem Vives, Dani P\u00e9rez, Oriol Paul\u00ed, Llu\u00eds Costa, Carlos Aloc\u00e9n, Miquel Salv\u00f3, Jaime Fern\u00e1ndez<\/strong>\u00a0o\u00a0<strong>Sergi Mart\u00ednez<\/strong>) y, por otro, un selecto grupo de jugadores de presente y futuro de la talla de\u00a0<strong>Miguel Allen, Mario Saint-Supery, Hugo Gonz\u00e1lez, Aday Mara, Rafa Villar, Jordi Rodriguez, Ismaila Diagne<\/strong>\u00a0o\u00a0<strong>Lucas Langarita<\/strong>.<\/p>\n<p class=\"ft-text\">Algunos de esos, por ciertos, ba\u00f1ados de oro internacional, a imagen y semejanza de\u00a0<strong>Alberto D\u00edaz, Dar\u00edo Brizuela<\/strong>\u00a0y\u00a0<strong>Jaime Pradilla<\/strong>, tres campeones Europa en categor\u00eda senior que tambi\u00e9n dejaron su sello en la Minicopa Endesa, al igual que el mundialista\u00a0<strong>Juan N\u00fa\u00f1ez<\/strong>, de vuelta a la Liga Endesa de la mano del Bar\u00e7a.<\/p>\n<p><img decoding=\"async\" src=\"https:\/\/www.europesays.com\/es\/wp-content\/uploads\/2025\/11\/a197afee-93e5-4fd0-968c-0a1072892239_alta-libre-aspect-ratio_default_0.jpg\" width=\"1200\" height=\"676\" alt=\"Wembanyama durante su partido contra los Bucks\" class=\"ft-helper-img-rd\" loading=\"lazy\"\/><\/p>\n<p class=\"ft-helper-fontColor-quaternary ft-helper-fontSize-body-S ft-helper-spacer-t-xxs\">Wembanyama durante su partido contra los Bucks  \/ EFE<\/p>\n","protected":false},"excerpt":{"rendered":"Que la Minicopa Endesa es el lugar donde nacen las estrellas es un hecho m\u00e1s que comprobado, con&hellip;\n","protected":false},"author":2,"featured_media":261725,"comment_status":"","ping_status":"","sticky":false,"template":"","format":"standard","meta":{"footnotes":""},"categories":[269],"tags":[302,299,1918,298,168,2917,25,24,6000,6004,2713,56693,2918,53242,4080,23,167,235,2916],"class_list":{"0":"post-261724","1":"post","2":"type-post","3":"status-publish","4":"format-standard","5":"has-post-thumbnail","7":"category-baloncesto","8":"tag-acb","9":"tag-baloncesto","10":"tag-basket","11":"tag-basketball","12":"tag-deportes","13":"tag-endesa","14":"tag-es","15":"tag-espana","16":"tag-jaime-pradilla","17":"tag-josep-puerto","18":"tag-jugadores","19":"tag-jugaron","20":"tag-la-liga","21":"tag-minicopa","22":"tag-ricky-rubio","23":"tag-spain","24":"tag-sports","25":"tag-valencia","26":"tag-valencia-basket"},"share_on_mastodon":{"url":"https:\/\/pubeurope.com\/@es\/115632008010382280","error":""},"_links":{"self":[{"href":"https:\/\/www.europesays.com\/es\/wp-json\/wp\/v2\/posts\/261724","targetHints":{"allow":["GET"]}}],"collection":[{"href":"https:\/\/www.europesays.com\/es\/wp-json\/wp\/v2\/posts"}],"about":[{"href":"https:\/\/www.europesays.com\/es\/wp-json\/wp\/v2\/types\/post"}],"author":[{"embeddable":true,"href":"https:\/\/www.europesays.com\/es\/wp-json\/wp\/v2\/users\/2"}],"replies":[{"embeddable":true,"href":"https:\/\/www.europesays.com\/es\/wp-json\/wp\/v2\/comments?post=261724"}],"version-history":[{"count":0,"href":"https:\/\/www.europesays.com\/es\/wp-json\/wp\/v2\/posts\/261724\/revisions"}],"wp:featuredmedia":[{"embeddable":true,"href":"https:\/\/www.europesays.com\/es\/wp-json\/wp\/v2\/media\/261725"}],"wp:attachment":[{"href":"https:\/\/www.europesays.com\/es\/wp-json\/wp\/v2\/media?parent=261724"}],"wp:term":[{"taxonomy":"category","embeddable":true,"href":"https:\/\/www.europesays.com\/es\/wp-json\/wp\/v2\/categories?post=261724"},{"taxonomy":"post_tag","embeddable":true,"href":"https:\/\/www.europesays.com\/es\/wp-json\/wp\/v2\/tags?post=261724"}],"curies":[{"name":"wp","href":"https:\/\/api.w.org\/{rel}","templated":true}]}}