{"id":261726,"date":"2025-11-29T08:19:10","date_gmt":"2025-11-29T08:19:10","guid":{"rendered":"https:\/\/www.europesays.com\/es\/261726\/"},"modified":"2025-11-29T08:19:10","modified_gmt":"2025-11-29T08:19:10","slug":"el-barca-no-arroja-la-toalla-por-kane-decidira-en-enero","status":"publish","type":"post","link":"https:\/\/www.europesays.com\/es\/261726\/","title":{"rendered":"El Bar\u00e7a no arroja la toalla por Kane: decidir\u00e1 en enero"},"content":{"rendered":"<p class=\"ft-text\">Harry Kane es uno de los delanteros que m\u00e1s se ajusta al perfil que busca el Bar\u00e7a en el caso de que vaya al mercado para firmar a un goleador.<a class=\"ft-link ft-link--decoration\" href=\"https:\/\/www.sport.es\/es\/noticias\/barca\/bayern-toma-serio-interes-barca-124131630\" rel=\"nofollow noopener\" target=\"_blank\"><strong> El club blaugrana se inform\u00f3 de su situaci\u00f3n y por ahora no ha ido m\u00e1s all\u00e1, pero son conscientes de que toda la partida se jugar\u00e1 en enero. <\/strong><\/a><strong>Kane tiene hasta el 31 de este mes para activar su cl\u00e1usula de salida en verano por 65 millones de euros y en Alemania aseguran que no lo har\u00e7a. El Bar\u00e7a no arroja la toalla porque el futbolista busca un contrato a largo plazo y, por ahora, el Bayern no ha movido ficha.<\/strong><\/p>\n<p class=\"ft-text\"><a class=\"ft-link ft-link--decoration\" href=\"https:\/\/www.sport.es\/es\/noticias\/barca\/aseguran-harry-kane-realmente-feliz-124243160\" rel=\"nofollow noopener\" target=\"_blank\">&#8216;Bild&#8217; asegur\u00f3 que Kane no est\u00e1 por la labor de activar la cl\u00e1usula en este mes de enero porque se siente a gusto en el Bayern y cree que se ha construido un proyecto potente para intentar ganar todos los t\u00edtulos. <\/a>Su rendimiento es excepcional, pero Kane est\u00e1 esperando un gesto del club b\u00e1varo en forma de renovaci\u00f3n. <strong>Acaba contrato en el 2027 y por ahora el Bayern no ha movido ficha. Lo har\u00e1 en el mes de enero porque el futbolista desea saber a lo que atenerse y a partir de ah\u00ed decidir\u00e1.<\/strong><\/p>\n<p class=\"ft-text\"><a class=\"ft-link ft-link--decoration\" href=\"https:\/\/www.sport.es\/es\/videos\/champions\/20251126\/kane-quiere-seguir-munich-abierto\/124134325.shtml\" rel=\"nofollow noopener\" target=\"_blank\">Es cierto que Kane prioriza ahora su continuidad en el Bayern, pero tambi\u00e9n es cierto que su entorno ha sondeado opciones de futuro por lo que pueda pasar.<\/a> Y uno de estos sondeos tuvo como protagonista el Bar\u00e7a, club que podr\u00eda repetir con Kane una operaci\u00f3n que ya le sali\u00f3 muy bien con Robert Lewandowski. La gran clave de todo el asunto est\u00e1 en la duraci\u00f3n de contrato. <strong>Kane tiene 32 a\u00f1os y busca estabilidad a largo plazo, por lo que el Bayern deber\u00eda ofrecerle una ampliaci\u00f3n de dos a\u00f1os m\u00e1s, al menos hasta el 2029 para convencerle. Y eso no est\u00e1 tan claro.<\/strong><\/p>\n<p class=\"ft-text\">El Bar\u00e7a est\u00e1 a la exceptativa sin decidir nada sobre el candidato para ocupar la posici\u00f3n de &#8216;9&#8217; a partir del pr\u00f3ximo curso. Si Kane no activa la cl\u00e1usula, su nombre se caer\u00e1 de la lista y se trabajar\u00e1 con otras opciones. Juli\u00e1n \u00c1lvarez (Atl\u00e9tico) <strong>es el gran favorito aunque para que la operaci\u00f3n tenga opciones de realizarse es obligado que el futbolista de un paso al frente y pida salir a finales de temporada. Incluso as\u00ed, su tasaci\u00f3n no bajar\u00eda de los 150 millones de euros, un precio que en el Bar\u00e7a consideran demasiado elevado.<\/strong><\/p>\n<p class=\"ft-text\">El Bar\u00e7a maneja otras opciones &#8216;low-cost&#8217; como Etta Eyong (Levante) y son conscientes de que el mercado de delanteros va a estar muy, muy complicado este mes de junio. El pasado verano se colocaron varios delanteros centros interesantes por cifras astron\u00f3micas y hay pocas opciones interesantes a precios muy altos.<strong> Kane interesaba al tener una tasaci\u00f3n ya cerrada, pero todo depende de \u00e9l. El Bar\u00e7a no arroja la toalla aunque el camino se ha complicado.<\/strong><\/p>\n","protected":false},"excerpt":{"rendered":"Harry Kane es uno de los delanteros que m\u00e1s se ajusta al perfil que busca el Bar\u00e7a en&hellip;\n","protected":false},"author":2,"featured_media":261727,"comment_status":"","ping_status":"","sticky":false,"template":"","format":"standard","meta":{"footnotes":""},"categories":[268],"tags":[2296,210,2297,24836,168,25,24,280,282,18136,281,23,167],"class_list":{"0":"post-261726","1":"post","2":"type-post","3":"status-publish","4":"format-standard","5":"has-post-thumbnail","7":"category-futbol","8":"tag-barca","9":"tag-barcelona","10":"tag-barsa","11":"tag-bayern","12":"tag-deportes","13":"tag-es","14":"tag-espana","15":"tag-football","16":"tag-futbol","17":"tag-harry-kane","18":"tag-soccer","19":"tag-spain","20":"tag-sports"},"share_on_mastodon":{"url":"https:\/\/pubeurope.com\/@es\/115632010933341109","error":""},"_links":{"self":[{"href":"https:\/\/www.europesays.com\/es\/wp-json\/wp\/v2\/posts\/261726","targetHints":{"allow":["GET"]}}],"collection":[{"href":"https:\/\/www.europesays.com\/es\/wp-json\/wp\/v2\/posts"}],"about":[{"href":"https:\/\/www.europesays.com\/es\/wp-json\/wp\/v2\/types\/post"}],"author":[{"embeddable":true,"href":"https:\/\/www.europesays.com\/es\/wp-json\/wp\/v2\/users\/2"}],"replies":[{"embeddable":true,"href":"https:\/\/www.europesays.com\/es\/wp-json\/wp\/v2\/comments?post=261726"}],"version-history":[{"count":0,"href":"https:\/\/www.europesays.com\/es\/wp-json\/wp\/v2\/posts\/261726\/revisions"}],"wp:featuredmedia":[{"embeddable":true,"href":"https:\/\/www.europesays.com\/es\/wp-json\/wp\/v2\/media\/261727"}],"wp:attachment":[{"href":"https:\/\/www.europesays.com\/es\/wp-json\/wp\/v2\/media?parent=261726"}],"wp:term":[{"taxonomy":"category","embeddable":true,"href":"https:\/\/www.europesays.com\/es\/wp-json\/wp\/v2\/categories?post=261726"},{"taxonomy":"post_tag","embeddable":true,"href":"https:\/\/www.europesays.com\/es\/wp-json\/wp\/v2\/tags?post=261726"}],"curies":[{"name":"wp","href":"https:\/\/api.w.org\/{rel}","templated":true}]}}