{"id":261728,"date":"2025-11-29T08:20:17","date_gmt":"2025-11-29T08:20:17","guid":{"rendered":"https:\/\/www.europesays.com\/es\/261728\/"},"modified":"2025-11-29T08:20:17","modified_gmt":"2025-11-29T08:20:17","slug":"el-unico-arrepentimiento-de-kim-kardashian-sobre-su-iconico-look-de-marilyn-monroe-en-la-met-gala","status":"publish","type":"post","link":"https:\/\/www.europesays.com\/es\/261728\/","title":{"rendered":"El \u00fanico arrepentimiento de Kim Kardashian sobre su ic\u00f3nico look de Marilyn Monroe en la Met Gala"},"content":{"rendered":"<p>\n          Kim Kardashian revela su peor error de estilo en la Met Gala 2022 con el vestido de Marilyn Monroe<\/p>\n<p>En un reciente episodio de The Kardashians,<b> Kim Kardashian<\/b> sorprendi\u00f3 al hacer una autocr\u00edtica sobre uno de los looks m\u00e1s pol\u00e9micos de su carrera: su aparici\u00f3n en la<b> Met Gala 2022,<\/b> cuando llev\u00f3 el ic\u00f3nico vestido de Marilyn Monroe, la misma prenda que la actriz llev\u00f3 en 1962 para cantar el c\u00e9lebre \u201cHappy Birthday, Mr. President\u201d a JFK.<\/p>\n<p>             <img loading=\"lazy\" decoding=\"async\" src=\"https:\/\/www.europesays.com\/es\/wp-content\/uploads\/2025\/11\/1764404413_233_\" class=\"lazyload\" alt=\"The 2022 Met Gala Celebrating &quot;In America: An Anthology of Fashion&quot; - Arrivals\"  width=\"1200\" height=\"1800\"\/> <\/p>\n<p>              Kim Kardashian<\/p>\n<p>Llevando el vestido de Marylin Monroe para la MET Gala 2022<\/p>\n<p>              (Dimitrios Kambouris\/Getty Images for The Met Museum\/ )<\/p>\n<p>Durante la pl\u00e1tica, la empresaria admiti\u00f3 que, con el paso del tiempo, ha reconsiderado varias decisiones de estilo, entre ellas haberse pintado el pelo de rubio platinado.<\/p>\n<p>\u201cNo s\u00e9 por qu\u00e9, pero todos me dec\u00edan: &#8216;No te hagas el pelo a lo Marilyn, parecer\u00e1s una figura de cera de Marilyn&#8217;\u201d, dijo \u201cSolo quer\u00edamos ser rubias. Deber\u00eda haber sido morena, como Jackie O\u2019Neill\u201d.<\/p>\n<p>Al final, Kardashian y su hairstylist Chris Appleton optaron por un \u00abrubio Marilyn\u00bb, aunque ella recuerda la elecci\u00f3n como cuestionable.<\/p>\n<p>             <img loading=\"lazy\" decoding=\"async\" src=\"https:\/\/www.europesays.com\/es\/wp-content\/uploads\/2025\/11\/1764404415_908_\" class=\"lazyload\" alt=\"The 2022 Met Gala Celebrating &quot;In America: An Anthology of Fashion&quot; - Arrivals\"  width=\"1200\" height=\"833\"\/> <\/p>\n<p>              Kim Kardashian revela que se arrepiente de pintarse el pelo rubio para la Met Gala 2022.<br \/>\n              (Getty Images)<\/p>\n<p>Cuatro a\u00f1os y medio despu\u00e9s, Kardashian sigue sufriendo por la decisi\u00f3n. \u00abDe hecho, lo he retocado con Photoshop de 500 maneras diferentes despu\u00e9s, como el a\u00f1o pasado, para ver. Porque he torturado a Chris Appleton por esta decisi\u00f3n\u00bb, se\u00f1al\u00f3.<\/p>\n<p>Mientras, en una escena del reality, scrollea las fotos en su tel\u00e9fono para mostr\u00e1rselas a los productores y camar\u00f3grafos, Kardashian se cuestiona en voz alta: \u00ab\u00bfDeber\u00eda haber sido un rubio estilo Marilyn&#8230; o m\u00e1s bien un oscuro estilo Jackie O? Cualquiera de los dos habr\u00eda funcionado\u00bb.<\/p>\n<p>             <img loading=\"lazy\" decoding=\"async\" src=\"https:\/\/www.europesays.com\/es\/wp-content\/uploads\/2025\/11\/1764404417_554_\" class=\"lazyload\" alt=\"kim-kardashian-se-arrepiente-pelo-rubio-met-gala-2022.jpg\"  width=\"1200\" height=\"685\"\/> <\/p>\n<p>              Kim Kardashian se arrepiente de haberse pintado el pelo de rubio para su look de Marilyn Monroe en la Met Gala 2022.<br \/>\n              (Instagram)<\/p>\n","protected":false},"excerpt":{"rendered":"Kim Kardashian revela su peor error de estilo en la Met Gala 2022 con el vestido de Marilyn&hellip;\n","protected":false},"author":2,"featured_media":261729,"comment_status":"","ping_status":"","sticky":false,"template":"","format":"standard","meta":{"footnotes":""},"categories":[174],"tags":[255,146,147,25,24,2793,256,7903,65295,65296,65297,23,65298],"class_list":{"0":"post-261728","1":"post","2":"type-post","3":"status-publish","4":"format-standard","5":"has-post-thumbnail","7":"category-famosos","8":"tag-celebrities","9":"tag-entertainment","10":"tag-entretenimiento","11":"tag-es","12":"tag-espana","13":"tag-espectaculos","14":"tag-famosos","15":"tag-kim-kardashian","16":"tag-kim-kardashian-se-arrepiente-pelo-rubio-met-gala-2022","17":"tag-kim-kardashian-vestido-marilyn-monroe","18":"tag-kim-kardashian-vestido-marilyn-monroe-met-gala-2022","19":"tag-spain","20":"tag-vestido-marilyn-monroe"},"share_on_mastodon":{"url":"https:\/\/pubeurope.com\/@es\/115632015181460722","error":""},"_links":{"self":[{"href":"https:\/\/www.europesays.com\/es\/wp-json\/wp\/v2\/posts\/261728","targetHints":{"allow":["GET"]}}],"collection":[{"href":"https:\/\/www.europesays.com\/es\/wp-json\/wp\/v2\/posts"}],"about":[{"href":"https:\/\/www.europesays.com\/es\/wp-json\/wp\/v2\/types\/post"}],"author":[{"embeddable":true,"href":"https:\/\/www.europesays.com\/es\/wp-json\/wp\/v2\/users\/2"}],"replies":[{"embeddable":true,"href":"https:\/\/www.europesays.com\/es\/wp-json\/wp\/v2\/comments?post=261728"}],"version-history":[{"count":0,"href":"https:\/\/www.europesays.com\/es\/wp-json\/wp\/v2\/posts\/261728\/revisions"}],"wp:featuredmedia":[{"embeddable":true,"href":"https:\/\/www.europesays.com\/es\/wp-json\/wp\/v2\/media\/261729"}],"wp:attachment":[{"href":"https:\/\/www.europesays.com\/es\/wp-json\/wp\/v2\/media?parent=261728"}],"wp:term":[{"taxonomy":"category","embeddable":true,"href":"https:\/\/www.europesays.com\/es\/wp-json\/wp\/v2\/categories?post=261728"},{"taxonomy":"post_tag","embeddable":true,"href":"https:\/\/www.europesays.com\/es\/wp-json\/wp\/v2\/tags?post=261728"}],"curies":[{"name":"wp","href":"https:\/\/api.w.org\/{rel}","templated":true}]}}