{"id":261732,"date":"2025-11-29T08:23:09","date_gmt":"2025-11-29T08:23:09","guid":{"rendered":"https:\/\/www.europesays.com\/es\/261732\/"},"modified":"2025-11-29T08:23:09","modified_gmt":"2025-11-29T08:23:09","slug":"la-voz-119-se-recupera-y-lidera-a-muy-poca-distancia-de-de-viernes-que-baja-a-un-116-formulatv","status":"publish","type":"post","link":"https:\/\/www.europesays.com\/es\/261732\/","title":{"rendered":"&#039;La Voz&#039; (11,9%) se recupera y lidera a muy poca distancia de &#039;\u00a1De viernes!&#039;, que baja a un 11,6% &#8211; FormulaTV"},"content":{"rendered":"<ol>\n<li><a href=\"https:\/\/news.google.com\/rss\/articles\/CBMilgFBVV95cUxQVFdTWXlIb3JmMkg0dnM2azVfRXVvZWtweldLSU00bTIxdE1BN2ZNbVRQb2RPa0kycEJkVWEwcTFpb2Jsdlc0Z2loa1QzNWtGWmRCbFRlT2p5Y0NuNFV6WGV1RzJieGxEbmNnNklGZzZoNVl4RHpUVGN3d0hfSTJhc01oWTlwNy1seTkxQWFVSUdGZUFtNkE?oc=5\" target=\"_blank\" rel=\"nofollow noopener\">&#8216;La Voz&#8217; (11,9%) se recupera y lidera a muy poca distancia de &#8216;\u00a1De viernes!&#8217;, que baja a un 11,6%<\/a>&nbsp;&nbsp;FormulaTV<\/li>\n<li><a href=\"https:\/\/news.google.com\/rss\/articles\/CBMirgFBVV95cUxOaUxENHJSUVhVZ2VCbmxQcF9YcTdTdE9aNFhqQU5xZG94cS1tUC1LYjhQOTRBN2dvSGVidW9NVktjWUhWSUJuMmVaQUtrcHlDTEMzQjNiWTFkMHRVRnE3SktQWlJnQm03ZGI1TlNyQ1l5Zy1HWk5NVC1FYnJnbHR0dlBlUGJTUnRfa096d0pUT0VnUWdvOXM5cGhKU3N2MExURW9WbjNJdjQxNjR0LUHSAboBQVVfeXFMT0pwd2VsSmpBcEc1UDV1RDFSbVJrS3o5bVY3SUpZaWU4VzdUOVl3Z1BRWU05TGw3X2oyZUprSU4xajJYbU5DYURBOXlqRHNnMlVVYlJaU2VIR2kybmd4OHU2U0tJOEtISU9hSE1RX0ZnYW5Mdk9uTnhKalMwWWlkczFIS09RUG1OUjQ5TFNDOEdiaEdYejVKcGxkNUxteUtzQTI3ZGxxMVR3aFFkeWQ0X05zMzZubGZMMUxR?oc=5\" target=\"_blank\" rel=\"nofollow noopener\">\u2018\u00a1De Viernes!\u2019 alcanza 100 programas en Telecinco como l\u00edder de su franja esta temporada y gran referente del<\/a>&nbsp;&nbsp;mediaset.es<\/li>\n<li><a href=\"https:\/\/news.google.com\/rss\/articles\/CBMimAFBVV95cUxQcElRQXRveHRyTllva1NJY0ktU0Ezcm1COGJTUlNrMlRrcHlqbUJIYTFQUUJEQnlSa2RhOTBSdW1CNXhnZFJiUGF2YmYyeW1DSktwaEhzSk9kLVpfNXZTeHBxTm8xNXZDLUE1dmJMLVppTU5Qc21OdDA3SzZwN0hBVHRoQ3FnT2F6OEVxWFhYakk5YUpJQ3BoONIBngFBVV95cUxNMmFPb19fMWJMc1NLVlFwNmhfeGwtYk01SXk0b3hWUTdnV2NTT1J1c0d4NVVVVTd1ZExHWlVVUlYyRlpYRU1MZlVLWGFScDdtamg2VVVRVmlEZ1JBcFM2TzZybWxFZ2JsTkpLTmZtSlE0NmxTVF9MTFZZZExVN21jNzQzYVVULVZKQUVnZ0FPZXdkMm9uSDVUNFZmZFU4Zw?oc=5\" target=\"_blank\" rel=\"nofollow noopener\">\u2018De Viernes\u2019 confirma a sus invitados para hoy, viernes 21 de noviembre<\/a>&nbsp;&nbsp;OkDiario<\/li>\n<li><a href=\"https:\/\/news.google.com\/rss\/articles\/CBMiuwFBVV95cUxOYTFaT3J5aWFUOVY3YndKV01kNjAtcEtWX1d4V2JWRUVsRFJWQklHMmFHc0FMV2lvM1FsbVhjMlZudTdqWno4T1IwbkVVc2p5b1BfTlNBMXpYWS1UbWRVdHpwTE1rN2JjQk9WdF9DZXFfZVFHLTBHSHVzS3FyMEs2Vzl4M3JhbUhnVGNwai1jSHFtdXhCZlZSVkxxbWVMb0dONG9CWmZNdzZCQWZNbGxXRzg1eVlRV3VueE9j0gHAAUFVX3lxTE5uNlh4Z1pVUVBfcFVHTXM3YmkxQlF1TkNXODVtd0U3TmZZWmRfZ0F1czBnbHVtQ1d2c0V0UUJ6NWp4eHQ4SEVoWEhFY09mZGFmWkR1X3pfZ2FjdHZoVnE0UVJ5UmRNR0NVaVZPN0dDaE0zQnhiM3ZVM21PeS1Kcnpwd0dwaUVkQnR1ZDRwcEVGUWthN3VyLUQ3eTJ6MXh6UzhSNFBPX0lCV25DWFJaV2Qzd3dDcVo4aDBVN1JQanotRw?oc=5\" target=\"_blank\" rel=\"nofollow noopener\">&#8216;De viernes&#8217; tambi\u00e9n lidera con Isa Pantoja y ampl\u00eda su ventaja con &#8216;La Voz&#8217;, que cae a nuevo m\u00ednimo<\/a>&nbsp;&nbsp;La Opini\u00f3n de M\u00e1laga<\/li>\n<li><a href=\"https:\/\/news.google.com\/rss\/articles\/CBMi1gFBVV95cUxQWVdtZXhjZjQteWhBdUxrSk8tSTBXSDhhc0c2ODczenhUWW1EWGEydVRvRkpoa0Q1TFYyTjhOSmxtRU5ZQXNBWGZJUGhNOHFaZ3FaczdCN0tQUmRjeWJ4aEFoR0V2RFR5a01QX0ttMEFsNkpLZGZsU3JreEVaT0tkUi12YXk2dGZnZjhJNWtmR1RBcFlSdnE1VHVHRUhBU3lLOTEtZEZ3TkdyQmFGaFZOTkMyamhZQlgwRUV4b0R1TzlxNk9LQTRsenZpcDhIRENqd0lPeXRB0gHWAUFVX3lxTFBieTVzcHVOdnNvcWhfVXdfY0xUa1FTWnVNT3NjQzBrS212R3FzUi1IZmpIcnktMjZsXzVOeVlBWTNaVEtWZkUtMUFVMmhxRnExb3B5bUREcTI5eTRvLWVOS2pvR0RkbTBubk9UWHVnODUwS0VUcVJUZmxRUHdMaFl2cWJodnZJb1NBTlh6Vk1VYnFjb3pMbGJvWDdMcE1uSHFUcFBnNzJHbG5NdTRITHJNYU9uQk9zcjlKdTRkUVN0a1ZGRHkyYXBMcVNqamx4R3B5ZU1MOGc?oc=5\" target=\"_blank\" rel=\"nofollow noopener\">\u2018\u00a1De Viernes!\u2019 celebra su programa n\u00famero 100 con la entrevista m\u00e1s esperada<\/a>&nbsp;&nbsp;El Peri\u00f3dico<\/li>\n<\/ol>\n","protected":false},"excerpt":{"rendered":"&#8216;La Voz&#8217; (11,9%) se recupera y lidera a muy poca distancia de &#8216;\u00a1De viernes!&#8217;, que baja a un&hellip;\n","protected":false},"author":2,"featured_media":261733,"comment_status":"","ping_status":"","sticky":false,"template":"","format":"standard","meta":{"footnotes":""},"categories":[171],"tags":[146,147,25,24,23,214],"class_list":{"0":"post-261732","1":"post","2":"type-post","3":"status-publish","4":"format-standard","5":"has-post-thumbnail","7":"category-tv","8":"tag-entertainment","9":"tag-entretenimiento","10":"tag-es","11":"tag-espana","12":"tag-spain","13":"tag-tv"},"share_on_mastodon":{"url":"","error":""},"_links":{"self":[{"href":"https:\/\/www.europesays.com\/es\/wp-json\/wp\/v2\/posts\/261732","targetHints":{"allow":["GET"]}}],"collection":[{"href":"https:\/\/www.europesays.com\/es\/wp-json\/wp\/v2\/posts"}],"about":[{"href":"https:\/\/www.europesays.com\/es\/wp-json\/wp\/v2\/types\/post"}],"author":[{"embeddable":true,"href":"https:\/\/www.europesays.com\/es\/wp-json\/wp\/v2\/users\/2"}],"replies":[{"embeddable":true,"href":"https:\/\/www.europesays.com\/es\/wp-json\/wp\/v2\/comments?post=261732"}],"version-history":[{"count":0,"href":"https:\/\/www.europesays.com\/es\/wp-json\/wp\/v2\/posts\/261732\/revisions"}],"wp:featuredmedia":[{"embeddable":true,"href":"https:\/\/www.europesays.com\/es\/wp-json\/wp\/v2\/media\/261733"}],"wp:attachment":[{"href":"https:\/\/www.europesays.com\/es\/wp-json\/wp\/v2\/media?parent=261732"}],"wp:term":[{"taxonomy":"category","embeddable":true,"href":"https:\/\/www.europesays.com\/es\/wp-json\/wp\/v2\/categories?post=261732"},{"taxonomy":"post_tag","embeddable":true,"href":"https:\/\/www.europesays.com\/es\/wp-json\/wp\/v2\/tags?post=261732"}],"curies":[{"name":"wp","href":"https:\/\/api.w.org\/{rel}","templated":true}]}}