{"id":261734,"date":"2025-11-29T08:25:13","date_gmt":"2025-11-29T08:25:13","guid":{"rendered":"https:\/\/www.europesays.com\/es\/261734\/"},"modified":"2025-11-29T08:25:13","modified_gmt":"2025-11-29T08:25:13","slug":"el-ultimo-arrebato-el-documental-que-analiza-el-enigma-ivan-zulueta-a-traves-de-sus-super-8-y-sus-amigos-de-su-juventud","status":"publish","type":"post","link":"https:\/\/www.europesays.com\/es\/261734\/","title":{"rendered":"&#8216;El \u00faltimo arrebato&#8217;, el documental que analiza el enigma Ivan Zulueta a trav\u00e9s de sus Super 8 y sus amigos de su juventud"},"content":{"rendered":"<p class=\"article-text\">\n        En 2013, ante la inminente demolici\u00f3n de Villa Aloha, una de las \u00faltimas mansiones se\u00f1oriales de la colina que asoma sobre el paseo de Miraconcha, en San Sebasti\u00e1n, se retiraron de la casa las pertenencias del postrer habitante hasta su muerte en 2009: <a href=\"https:\/\/www.eldiario.es\/cultura\/cine\/diario-inedito-ivan-zulueta-sirve-desvelar-mito-misterioso-cine-espanol_1_12363814.html\" data-mrf-recirculation=\"links-noticia\" class=\"link\" rel=\"nofollow noopener\" target=\"_blank\">el cineasta donostiarra Iv\u00e1n Zulueta<\/a>. Entre ellas se encontraron numerosas cajas \u2013se habla de 40\u2013 que conten\u00edan material creativo de Zulueta, en especial numerosas pel\u00edculas en formato Super 8 que el director hab\u00eda grabado en su juventud antes de lanzarse al cine profesionalmente.\n    <\/p>\n<p>    <a href=\"https:\/\/www.eldiario.es\/cultura\/cine\/diario-inedito-ivan-zulueta-sirve-desvelar-mito-misterioso-cine-espanol_1_12363814.html\" data-mrf-recirculation=\"saber-mas\" data-dl-event=\"saber-mas\" rel=\"nofollow noopener\" target=\"_blank\"><\/p>\n<p class=\"know-more__title\">El diario in\u00e9dito de Iv\u00e1n Zulueta que sirve para desvelar el mito m\u00e1s misterioso del cine espa\u00f1ol<\/p>\n<p>            <img decoding=\"async\" class=\"lazy\" loading=\"lazy\" data-src=\"https:\/\/static.eldiario.es\/clip\/d1766b82-e806-4b87-900a-c160919ae357_16-9-aspect-ratio_default_0.jpg\" src=\"data:image\/svg+xml,%3Csvg xmlns=\" http:=\"\" viewbox=\"0 0 880 495\" alt=\"El diario in\u00e9dito de Iv\u00e1n Zulueta que sirve para desvelar el mito m\u00e1s misterioso del cine espa\u00f1ol\"\/><\/p>\n<p>                        <\/a><\/p>\n<p class=\"article-text\">\n        En su corta pero singular carrera, Zulueta logr\u00f3 rodar dos obras tan peculiares como Un, dos, tres, el escondite ingl\u00e9s (1970) y sobre todo <a href=\"https:\/\/www.eldiario.es\/cultura\/cine\/zulueta-resucita-ritmo-musica-jota-planetas-abrir-seminci-mejor-forma-posible_1_10617641.html\" data-mrf-recirculation=\"links-noticia\" class=\"link\" rel=\"nofollow noopener\" target=\"_blank\">Arrebato<\/a> (1979), considerada por algunos como la gran obra maestra del cine de la llamada movida madrile\u00f1a \u2013con permiso de <a href=\"https:\/\/www.eldiario.es\/cultura\/ley-deseo-almodovar-aniversario_1_3598758.html\" target=\"_blank\" data-mrf-recirculation=\"links-noticia\" class=\"link\" rel=\"nofollow noopener\">Pedro Almod\u00f3var su cinta La ley del deseo<\/a>\u2013 y una de las obras m\u00e1s reivindicables de la cinematograf\u00eda espa\u00f1ola del \u00faltimo medio siglo. Aunque difieren las cr\u00f3nicas sobre quien ostent\u00f3 la propiedad de los mismos, los rollos rescatados fueron finalmente vendidos a la Filmoteca Espa\u00f1ola en 2021, que los exhibi\u00f3 p\u00fablicamente, revelando aspectos hasta entonces ignorados del cine del artista guipuzcoano.\n    <\/p>\n<p class=\"article-text\">\n        El descubrimiento no es cuesti\u00f3n balad\u00ed si se tiene en cuenta la fascinaci\u00f3n que ejercen tanto Arrebato como el propio Zulueta, y su enigm\u00e1tica y elusiva personalidad, sobre numerosos cin\u00e9filos que en estos a\u00f1os han intentado acercarse a la figura del creador guipuzcoano para tratar de entender por qu\u00e9, tras su estreno, se retir\u00f3 del mundanal ruido en Villa Aloha, la casa familiar, y apenas volvi\u00f3 a salir ocasionalmente a pesar de que la pel\u00edcula fue ganando adeptos a lo largo de los a\u00f1os.\n    <\/p>\n<p>                            <img decoding=\"async\" style=\"border: 1px solid white; margin: 20px 20px 10px 0px; box-shadow: 5px 5px 10px 0px rgba(0,0,0,0.1);\" src=\"https:\/\/www.europesays.com\/es\/wp-content\/uploads\/2025\/11\/70123fb3-397a-4b9d-88cf-0a8e6ff75bc2_source-aspect-ratio_default_0.jpg\" alt=\"\" width=\"158\" height=\"\" align=\"left\" data-title=\"\"\/><\/p>\n<p class=\"article-text\">\n        De este modo, no han sido pocos los documentales de insignes \u201carrebat\u00f3logos\u201d que se adentran en el universo de Zulueta y su casi \u00fanica obra, para reinterpretar una pel\u00edcula llena de gui\u00f1os y met\u00e1foras, que unos quieren ver como una reflexi\u00f3n sobre el poder destructor de la hero\u00edna \u2013adicci\u00f3n que profesaba Zulueta\u2013 y otros, en cambio, refieren al para\u00edso perdido de la infancia o incluso la obsesi\u00f3n enfermiza de un creador por su obra. As\u00ed, el tambi\u00e9n cineasta Andr\u00e9s Duque logra en Iv\u00e1n Z. Entrar en el mundo de Villa Aloha cuando Zulueta todav\u00eda viv\u00eda, en 2004. Tres este hito, parec\u00eda que carec\u00eda de sentido seguir incidiendo en el an\u00e1lisis de Zulueta y su obra.\n    <\/p>\n<p>    Los rollos de Super 8 y &#8216;El \u00faltimo arrebato&#8217;<\/p>\n<p class=\"article-text\">\n        Pero precisamente del descubrimiento de los rollos de Super 8 en la mansi\u00f3n donostiarra en ruinas, se sirven Marta Medina y Enrique L\u00f3pez Lavigne para dar una nueva vuelta de tuerca a la \u201carrebatolog\u00eda\u201d y hacer un \u00faltimo acercamiento a la figura de Iv\u00e1n Zulueta y su mundo. Ambos han dirigido El \u00faltimo arrebato, contando para el guion con Jaime Ch\u00e1varri, uno de los grandes amigos en vida de Zulueta y autor de El desencanto (1976), otra de las exquisitas rarezas que nos dej\u00f3 el cine de la Transici\u00f3n.\n    <\/p>\n<p class=\"article-text\">\n        \u201cConoc\u00eda a Jaime porque me dio clase de direcci\u00f3n de actores hace diez a\u00f1os en la ECAM\u201d, explica Medina en videoconferencia con elDiario.es junto a Lavigne. Este a\u00f1ade que hab\u00edan establecido un contacto previo con \u00e9l durante la proyecci\u00f3n en 2021 de los rollos de Super 8 de Zulueta y que entonces supieron de la amistad entre ambos, de modo que cuando se decidieron a rodar un documental, le contactaron.\n    <\/p>\n<p>            <img decoding=\"async\" class=\"lazy\" loading=\"lazy\" data-src=\"https:\/\/static.eldiario.es\/clip\/ca561af8-f9f3-4e77-82ac-90047d022d61_16-9-discover-aspect-ratio_default_0.jpg\" src=\"data:image\/svg+xml,%3Csvg xmlns=\" http:=\"\" viewbox=\"0 0 1200 675\" alt=\"Marta Medina y Enrique L\u00f3pez Lavigne, directores de 'El \u00faltimo arrebato'\"\/><\/p>\n<p class=\"article-text\">\n        \u201cAl principio se mostr\u00f3 muy receloso\u201d, asegura Medina, que desvela que Chavarri no ve\u00eda nada claro \u201cel realizar otro documental m\u00e1s sobre Arrebato\u201d, por lo que le propusieron intervenir en el guion y buscar un \u00e1ngulo novedoso para el proyecto, cosa que Chavarri acept\u00f3.\n    <\/p>\n<p class=\"article-text\">\n        \u201cLe apetec\u00eda volver a rodar, pero en esta ocasi\u00f3n como actor\u201d, apunta Lavigne, que apostilla que la idea de El \u00faltimo arrebato surge cuando descubre \u201cabandonado en una residencia de Carabanchel\u201d a Paco Hoyos, uno de los principales distribuidores de cine en el pasado y que \u201cera el detentor de la titularidad de los derechos de Arrebato\u201d, cinta que, asegura, arrastra una oscura trama de titularidades no resuelta.\n    <\/p>\n<p>            <img decoding=\"async\" class=\"lazy\" loading=\"lazy\" data-src=\"https:\/\/static.eldiario.es\/clip\/59ae03de-060c-4547-8992-bbdb22cd3cd7_16-9-discover-aspect-ratio_default_0.jpg\" src=\"data:image\/svg+xml,%3Csvg xmlns=\" http:=\"\" viewbox=\"0 0 1200 675\" alt=\"Marta Fern\u00e1ndez Muro en un fotograma de 'El \u00faltimo arrebato'\"\/><\/p>\n<p class=\"article-text\">\n        De este modo naci\u00f3 El \u00faltimo arrebato, un documental que no quiere en realidad ser tal, sino que se ha pensado como un h\u00edbrido entre la investigaci\u00f3n y una fabulaci\u00f3n en torno a los mensajes que esconce la cinta de Zulueta. En especial, el poder vamp\u00edrico de la c\u00e1mara que en el filme utiliza Will More y que luego lega a Eusebio Poncela, en la pel\u00edcula el director de cine Jos\u00e9 Sirgado.\n    <\/p>\n<p>    El pr\u00edncipe del planeta Villa Aloha<\/p>\n<p class=\"article-text\">\n        En este sentido, y jugando con los efectos de la citada c\u00e1mara sobre quienes graba, que a su vez est\u00e1n grabando El \u00faltimo arrebato, la pel\u00edcula de Medina y L\u00f3pez Lavigne abre un debate sobre las causas de la corta andadura art\u00edstica del cineasta vasco, su retiro prematuro y su muerte en soledad. \u00bfFue la adicci\u00f3n a la hero\u00edna lo que marc\u00f3 su vida tras Arrebato? \u00bfO bien es la obsesi\u00f3n enfermiza de Zulueta por su obra lo que simboliza la c\u00e1mara que en la pel\u00edcula graba a Poncela hasta consumirlo? A este respecto, Lavigne explica que \u201cen un momento del documental que graba Duque [Iv\u00e1n Z.] Zulueta dice que todo el mundo culpa a la hero\u00edna de su retirada cuando la realidad es que sin la hero\u00edna no hubiera podido rodar Arrebato\u201d.\n    <\/p>\n<p>                            <img decoding=\"async\" style=\"border: 1px solid white; margin: 20px 20px 10px 0px; box-shadow: 5px 5px 10px 0px rgba(0,0,0,0.1);\" src=\"https:\/\/www.europesays.com\/es\/wp-content\/uploads\/2025\/11\/b5dfa1f8-c99f-469f-a43d-e61dea8df6bc_source-aspect-ratio_default_0.jpg\" alt=\"\" width=\"158\" height=\"\" align=\"left\" data-title=\"\"\/><\/p>\n<p class=\"article-text\">\n        No obstante, y este es el mayor valor de El \u00faltimo arrebato, para resolver el dilema, los directores contactan, adem\u00e1s de con Ch\u00e1varri, con otros amigos del c\u00edrculo de Zulueta en aquel Madrid ca\u00f3tico, hedonista y vol\u00e1til del posfranquismo. As\u00ed, pasa por delante de la c\u00e1mara \u2013la de Medina y Lavigne, pero tambi\u00e9n la de Will More\u2013 entre otros el testimonio de Carlos Astiarraga, entonces pareja de Zulueta, que desvela entre l\u00e1grimas c\u00f3mo le perdi\u00f3 por culpa de la adicci\u00f3n que profesaba el cineasta.\n    <\/p>\n<p class=\"article-text\">\n        Tambi\u00e9n Eusebio Poncela cuenta su experiencia con Zulueta y con Arrebato, desvelando que el fracaso comercial de la cinta afect\u00f3 a su director profundamente. Otro de los testimonios es el de Marta Fern\u00e1ndez Muro, que explica la complejidad del mundo interior de Zulueta, un mundo que, apuntan Lavigne y Medina, \u201cse revela en los cortos en Super 8 como limitado a los contornos de Villa Aloha, de donde parec\u00eda no querer salir\u201d. \u201cEn esa casa cab\u00eda todo su universo\u201d, opina la directora de El \u00faltimo arrebato.\n    <\/p>\n<p>    Los testimonios, gran valor de &#8216;El \u00faltimo arrebato&#8217;<\/p>\n<p class=\"article-text\">\n        \u201cSi te fijas, cuando filma una gota de agua en uno de los cortos, lo que se refleja es Villa Aloha, era todo lo que le importaba\u201d, remacha Lavigne, codirector y productor de cintas como Lo imposible de J. J. Bayona. Para ambos, Zulueta fue un artista que solo abandon\u00f3 su caparaz\u00f3n de infancia durante los a\u00f1os de cineasta para luego regresar a su planeta personal, que abandono pocas veces, para refugiarse de un mundo que no comprend\u00eda. Como El Principito de Saint Exup\u00e9ry. A este respecto, cuenta en Iv\u00e1n Z. el ya fallecido cr\u00edtico Antonio Gasset \u2013que tambi\u00e9n tuvo un papel en Arrebato\u2013, que en una ocasi\u00f3n Zulueta baj\u00f3 de Villa Aloha y se person\u00f3 en el Festival de San Sebasti\u00e1n vestido de aviador a la antigua, como si fuera el mism\u00edsimo Saint Exup\u00e9ry.\n    <\/p>\n<p>            <img decoding=\"async\" class=\"lazy\" loading=\"lazy\" data-src=\"https:\/\/static.eldiario.es\/clip\/8e22bb53-b18c-4e75-ac04-042c6c04a123_source-aspect-ratio_default_0.jpg\" src=\"data:image\/svg+xml,%3Csvg xmlns=\" http:=\"\" viewbox=\"0 0 643 492\" alt=\"Cecilia Roth en un fotograma de 'Arrebato'\"\/><\/p>\n<p class=\"article-text\">\n        Pero quiz\u00e1s los testimonios m\u00e1s conmovedores, y, por tanto, m\u00e1s valiosos, de El \u00faltimo arrebato sean los de Virginia Montenegro, viuda del pintor Vicente Ameztoy y la mejor amiga del realizador, as\u00ed como el de Ch\u00e1varri. La primera, que estuvo junto a \u00e9l hasta el \u00faltimo momento de su larga dolencia, relata un episodio de especial crudeza en torno a la enfermedad de Zulueta. En segundo, que asegura en la cinta que fue gracias a \u00e9l que se decidi\u00f3 a ser cineasta, reunido con Montenegro en la casa de esta en Villabona, le pide perd\u00f3n por haberla dejado tantos a\u00f1os sola al cuidado del amigo com\u00fan y se culpa de haberlo abandonado cuando m\u00e1s lo necesitaba.\n    <\/p>\n<p>    <a href=\"https:\/\/www.eldiario.es\/cultura\/cine\/secretos-detras-anatomia-instante-alberto-rodriguez-analiza-serie-golpe-23f_1_12799163.html\" data-mrf-recirculation=\"saber-mas-abajo\" data-dl-event=\"saber-mas-abajo\" rel=\"nofollow noopener\" target=\"_blank\"><\/p>\n<p class=\"know-more__title\">Los secretos detr\u00e1s de \u2018Anatom\u00eda de un instante\u2019: Alberto Rodr\u00edguez analiza su serie sobre el golpe de Estado del 23F<\/p>\n<p>            <img decoding=\"async\" class=\"lazy\" loading=\"lazy\" data-src=\"https:\/\/static.eldiario.es\/clip\/d1a1feb2-b73d-4d9d-bc64-34f9d79c5562_16-9-aspect-ratio_default_0.jpg\" src=\"data:image\/svg+xml,%3Csvg xmlns=\" http:=\"\" viewbox=\"0 0 880 495\" alt=\"Los secretos detr\u00e1s de \u2018Anatom\u00eda de un instante\u2019: Alberto Rodr\u00edguez analiza su serie sobre el golpe de Estado del 23F\"\/><\/p>\n<p>                        <\/a><\/p>\n<p class=\"article-text\">\n        De este modo, a pesar de algunos momentos confusos, el poso que deja El \u00faltimo arrebato es profundo y perturbador, en especial para aquellos y aquellas obsesionados con la figura de un cineasta tan singular como Iv\u00e1n Zulueta, que con una sola pel\u00edcula logr\u00f3 sacudir \u2013y podr\u00eda bien decirse que arrebatar\u2013 la historia del cine espa\u00f1ol de los \u00faltimos 50 a\u00f1os.\n    <\/p>\n","protected":false},"excerpt":{"rendered":"En 2013, ante la inminente demolici\u00f3n de Villa Aloha, una de las \u00faltimas mansiones se\u00f1oriales de la colina&hellip;\n","protected":false},"author":2,"featured_media":261735,"comment_status":"","ping_status":"","sticky":false,"template":"","format":"standard","meta":{"footnotes":""},"categories":[169],"tags":[6835,19156,11922,38515,177,6084,41681,146,147,25,24,176,4358,6850,175,23,3400,3230,3667,9919],"class_list":{"0":"post-261734","1":"post","2":"type-post","3":"status-publish","4":"format-standard","5":"has-post-thumbnail","7":"category-cine","8":"tag-6835","9":"tag-amigos","10":"tag-analiza","11":"tag-arrebato","12":"tag-cine","13":"tag-documental","14":"tag-enigma","15":"tag-entertainment","16":"tag-entretenimiento","17":"tag-es","18":"tag-espana","19":"tag-film","20":"tag-ivan","21":"tag-juventud","22":"tag-movies","23":"tag-spain","24":"tag-super","25":"tag-traves","26":"tag-ultimo","27":"tag-zulueta"},"share_on_mastodon":{"url":"https:\/\/pubeurope.com\/@es\/115632035371881437","error":""},"_links":{"self":[{"href":"https:\/\/www.europesays.com\/es\/wp-json\/wp\/v2\/posts\/261734","targetHints":{"allow":["GET"]}}],"collection":[{"href":"https:\/\/www.europesays.com\/es\/wp-json\/wp\/v2\/posts"}],"about":[{"href":"https:\/\/www.europesays.com\/es\/wp-json\/wp\/v2\/types\/post"}],"author":[{"embeddable":true,"href":"https:\/\/www.europesays.com\/es\/wp-json\/wp\/v2\/users\/2"}],"replies":[{"embeddable":true,"href":"https:\/\/www.europesays.com\/es\/wp-json\/wp\/v2\/comments?post=261734"}],"version-history":[{"count":0,"href":"https:\/\/www.europesays.com\/es\/wp-json\/wp\/v2\/posts\/261734\/revisions"}],"wp:featuredmedia":[{"embeddable":true,"href":"https:\/\/www.europesays.com\/es\/wp-json\/wp\/v2\/media\/261735"}],"wp:attachment":[{"href":"https:\/\/www.europesays.com\/es\/wp-json\/wp\/v2\/media?parent=261734"}],"wp:term":[{"taxonomy":"category","embeddable":true,"href":"https:\/\/www.europesays.com\/es\/wp-json\/wp\/v2\/categories?post=261734"},{"taxonomy":"post_tag","embeddable":true,"href":"https:\/\/www.europesays.com\/es\/wp-json\/wp\/v2\/tags?post=261734"}],"curies":[{"name":"wp","href":"https:\/\/api.w.org\/{rel}","templated":true}]}}