{"id":261740,"date":"2025-11-29T08:28:13","date_gmt":"2025-11-29T08:28:13","guid":{"rendered":"https:\/\/www.europesays.com\/es\/261740\/"},"modified":"2025-11-29T08:28:13","modified_gmt":"2025-11-29T08:28:13","slug":"el-exmarido-del-alcalde-y-el-hijo-del-expresidente","status":"publish","type":"post","link":"https:\/\/www.europesays.com\/es\/261740\/","title":{"rendered":"el exmarido del alcalde y el hijo del expresidente"},"content":{"rendered":"<p><a href=\"https:\/\/www.eleconomista.es\/informalia\/television\/noticias\/13665451\/11\/25\/condenan-a-los-productores-oscar-cornejo-y-adrian-madrid-a-dos-anos-de-carcel-por-revelar-en-television-un-episodio-de-rocio-flores-cuando-era-menor.html\" rel=\"nofollow noopener\" target=\"_blank\">La reciente condena por revelaci\u00f3n de secretos contra <b>\u00d3scar Cornejo<\/b> y <b>Adri\u00e1n Madrid<\/b> ha sacudido los cimientos de RTVE<\/a>, donde actualmente son responsables de Directo al grano y Malas lenguas, los programas que dominan las tardes de La 1. <b>Jos\u00e9 Pablo L\u00f3pez<\/b> les confi\u00f3 el entretenimiento vespertino de la Corporaci\u00f3n a pesar del sonado fracaso que supuso intentar exportar a TVE el suced\u00e1neo de S\u00e1lvame titulado La familia de la tele, presentado por <b>Mar\u00eda Pati\u00f1o <\/b>y<b> Bel\u00e9n Esteban<\/b>.<\/p>\n<p>Con los espacios que conducen <b>Marta Flich<\/b> y <b>Gonzalo Mir\u00f3<\/b>, y con las Malas lenguas de <b>Cintora<\/b>, la apuesta ha funcionado mucho mejor. Cornejo y Madrid han sabido aprovechar esta \u00absegunda oportunidad\u00bb concedida por el presidente de RTVE, que admiraba su trabajo hasta el punto de elegir como director de TVE a <b>Sergio Calder\u00f3n<\/b>, cuyo puesto anterior fue precisamente el de responsable de Contenidos, Innovaci\u00f3n, Marketing y Comunicaci\u00f3n a las \u00f3rdenes de Oscar Cornejo y su socio en su productora. Ellos le ficharon cuando fue despedido de Mediaset. El trabajo de Calder\u00f3n en la Corporaci\u00f3n con Jos\u00e9 Pablo L\u00f3pez est\u00e1 dando magn\u00edficos resultados en t\u00e9rminos de audiencia.<\/p>\n<p>En DAG, \u00d3scar Cornejo se ha ocupado personalmente, al pie del ca\u00f1\u00f3n, de mantener muchas de las f\u00f3rmulas, los tics, las trampas, los trucos y el sabio armaz\u00f3n de S\u00e1lvame, pero cambiando los mu\u00f1ecos del cutrer\u00edo rosa m\u00e1s friki por una versi\u00f3n de trazo grueso de la actualidad y el barullo pol\u00edtico. Tambi\u00e9n se nota en otra medida el &#8216;toque S\u00e1lvame&#8217; en los griter\u00edos del programa de Cintora, el punto de humor, la valent\u00eda en seg\u00fan qu\u00e9 contenidos o en &#8216;sobradas&#8217; como poner en pantalla el cartel-chiste \u00abAntonia Delata\u00bb mientras la modelo, casi llorando, relataba su calvario con Lequio. No se puede contener. Tambi\u00e9n se notan las ansias de salpicar con tanta porquer\u00eda como puedan a su antigua cadena, Mediaset, y a Ana Rosa Quintana, es decir, quienes les echaron de Fuencarral. Con todo, los espacios presentados por Marta Flich y Jes\u00fas Cintora han sido un acierto dada la buena acogida en t\u00e9rminos de audiencia. Otra cosa es si el objetivo prioritario de una TV p\u00fablica es sumar audiencia como sea.<\/p>\n<p>De momento, RTVE mantiene a dos condenados por un asunto tan delicado como el relacionado con una menor, dado que Roc\u00edo Flores era una adolescente cuando ocurrieron los hechos desvelados y difundidos en el documental Roc\u00edo, contar la verdad para seguir viva, lo cual para la Audiencia les hace \u00abcriminalmente responsables\u00bb de un delito de revelaci\u00f3n de secretos tipificado en el art\u00edculo 197.2. 3 p\u00e1rrafo del C\u00f3digo Penal.<\/p>\n<p>                            <img decoding=\"async\" src=\"https:\/\/www.europesays.com\/es\/wp-content\/uploads\/2025\/11\/770x_rocio-carrasco-docu1.jpg\" loading=\"lazy\"\/><\/p>\n<p>                            Roc\u00edo, contar la verdad para seguir viva<\/p>\n<p>El fallo de la Audiencia Provincial de Madrid es recurrible, pero en t\u00e9rminos reputacionales supone un duro golpe para los dos productores y abre un frente delicado para RTVE, que presume de ejemplaridad y tolerancia cero en asuntos que afecten a mujeres v\u00edctimas de cualquier tipo de violencia y no digamos en cuanto a menores. En ese \u00e1mbito, nadie espera hoy en d\u00eda, y menos en una Corporaci\u00f3n P\u00fablica, a que haya una sentencia firme para extirpar el mal con independencia de la presunci\u00f3n de inocencia que asiste a los presuntos \u00abcriminales\u00bb, adjetivo referido en el fallo. La m\u00ednima coherencia hace insostenible que unos condenados por un tribunal, sentenciados por atentar contra la intimidad de una menor, sigan siendo los responsables de contenidos de una buena parte de la parrilla diaria de RTVE mientras una cadena privada prescinde de un colaborador tras el testimonio de una mujer que denuncia maltrato.<\/p>\n<p>La sentencia contra Madrid y Cornejo <a href=\"https:\/\/www.eleconomista.es\/informalia\/television\/noticias\/13665451\/11\/25\/condenan-a-los-productores-oscar-cornejo-y-adrian-madrid-a-dos-anos-de-carcel-por-revelar-en-television-un-episodio-de-rocio-flores-cuando-era-menor.html\" rel=\"nofollow noopener\" target=\"_blank\">(dos a\u00f1os de prisi\u00f3n, dos de inhabilitaci\u00f3n y 200.000 euros de indemnizaci\u00f3n a Roc\u00edo Flores)<\/a> sit\u00faa a La Osa Producciones, su empresa actual, bajo un foco medi\u00e1tico que compromete no solo su continuidad en la cadena p\u00fablica, sino tambi\u00e9n la imagen de la propia RTVE, que ha optado por omitir en sus informativos la condena a quienes lideran dos de sus programas diarios m\u00e1s visibles.<\/p>\n<p>El fallo llega despu\u00e9s de que <a href=\"https:\/\/www.eleconomista.es\/informalia\/television\/noticias\/13652729\/11\/25\/alessandro-lequio-despedido-de-mediaset-tras-25-anos-en-la-cadena-por-las-acusaciones-de-antonia-dellatte.html\" rel=\"nofollow noopener\" target=\"_blank\">Mediaset haya despedido a Alessandro Lequio tras m\u00e1s de dos d\u00e9cadas en Telecinco por las acusaciones en ese caso de otra mujer, la italiana Antonia Dell&#8217;Atte<\/a>. Ni los informativos de TVE ni los programas de Cornejo se han resistido a la tentaci\u00f3n de se\u00f1alar y recordar que Ana Rosa y Mediaset mantuvieron a Lequio en la silla muchos a\u00f1os despu\u00e9s de que se conocieran las denuncias de Antonia Dell&#8217;Atte, que tienen d\u00e9cadas. Lo que no se dice es que Adri\u00e1n Madrid y \u00d3scar Cornejo estaban en la misma cadena (condenada subsidiariamente en la misma sentencia que ellos) ni que ellos emplearon, entre otros y durante a\u00f1os, a Antonio David (padre de Roc\u00edo Flores), incluso despu\u00e9s de que hubieran grabado el docudrama de Roc\u00edo Carrasco. Precisamente en uno de los programas que Cornejo y Madrid producen, Directo Al Grano, y tambi\u00e9n en Malas Lenguas, se emiti\u00f3 la entrevista grabada a la ex mujer de Lequio y madre de su hijo Clemente; si bien en aquel caso no hay ni proceso ni condena. Tambi\u00e9n en alguno de sus espacios del magac\u00edn de Marta Flich se debati\u00f3 sobre la responsabilidad de Telecinco de mantener a un colaborador se\u00f1alado como maltratador durante muchos a\u00f1os (tiempo en el que comparti\u00f3 cadena con los ahora condenados).<\/p>\n<p>La gallina de los huevos de oro<\/p>\n<p>Durante d\u00e9cadas, Cornejo y Madrid fueron la gallina de los huevos de oro y el aut\u00e9ntico ojito derecho de Paolo Vasile en Mediaset, y desde hace meses son apuestas personales del responsable de contenidos de RTVE, Jos\u00e9 Pablo L\u00f3pez, que coloc\u00f3 de director de TVE a Sergio Calder\u00f3n, ex empleado precisamente de los ahora condenados. Este movimiento, adelantado hace a\u00f1os por Informalia, puede verse afectado ahora, salvo que Jos\u00e9 Pablo L\u00f3pez asuma personalmente la responsabilidad de mantener a los condenados ignorando lo sucedido. Pero Cornejo y Madrid nunca se hab\u00edan enfrentado a un rev\u00e9s judicial tan contundente ni tan inc\u00f3modo para quienes los contratan. RTVE no contesta a nuestras preguntas sobre si mantendr\u00e1 a dos condenados (penalmente) tras ser demandados por una mujer que era menor cuando acontecieron los hechos desvelados.<\/p>\n<p>                            <img decoding=\"async\" src=\"https:\/\/www.europesays.com\/es\/wp-content\/uploads\/2025\/11\/770x_adrian-madrid-oscar-cornejo.jpg\" loading=\"lazy\"\/><\/p>\n<p>Tampoco se ha dado difusi\u00f3n ni visibilidad a todo esto como s\u00ed se cubri\u00f3 lo de Antonia Dell&#8217;Atte, apoyando a una mujer que denuncia. En este otro caso, RTVE guarda silencio sobre la condena mientras sigue emitiendo los formatos de la productora propiedad de los condenados. Una omisi\u00f3n que delata la parcialidad y el sectarismo, un silencio llamativo dado el perfil medi\u00e1tico del caso y la trascendencia de una sentencia que sit\u00faa a los dos creadores en el centro de un debate sobre responsabilidad, \u00e9tica y l\u00edmites del entretenimiento en una RTVE que protege a cualquier mujer y no digamos una menor frente a cualquier agresi\u00f3n, sea del tipo que sea, y eso incluye su intimidad.<\/p>\n<p>Se da la paradoja de que los mismos profesionales que durante a\u00f1os alimentaron el sensacionalismo televisivo, <a href=\"https:\/\/www.eleconomista.es\/informalia\/television\/noticias\/12227487\/04\/23\/salvame-se-ve-obligado-a-pedir-peron-a-antonia-dellatte-por-ensenar-su-numero-de-telefono-en-pantalla.html\" rel=\"nofollow noopener\" target=\"_blank\">tambi\u00e9n contra figuras como Antonia Dell&#8217;Atte<\/a>, ocupan hoy la franja de tarde de la cadena p\u00fablica, ahora con la propia Dell&#8217;Atte como protagonista por ser v\u00edctima de maltrato, seg\u00fan sostiene la italiana.<\/p>\n<p>A pesar de la sombra judicial y reputacional, de Cornejo y Madrid, su trayectoria est\u00e1 repleta de formatos eficaces, al menos para las cuentas de resultados. Otra cosa es que su estilo y sus propuestas sean las mejores para una Corporaci\u00f3n con vocaci\u00f3n de servicio p\u00fablico. Desde Aqu\u00ed hay tomate a S\u00e1lvame, pocas duplas han logrado construir un imperio tan rentable en el entretenimiento televisivo. Los datos que barajan algunas fuentes y que no hemos podido confirmar sit\u00faan las respectivas fortunas personales de los productores condenados por encima de los 20 millones de euros; cifra que no parece exagerada en proporci\u00f3n a los muchos a\u00f1os que dejaron las arcas de Mediaset repletas de dinero, recurriendo sin problema lo mismo a Antonio David Flores que a Roc\u00edo Carrasco, beneficiarios indirectos del negocio. Quienes antes contrataban, por ejemplo, a un humorista que dejara de loca a Dell&#8217;Atte en S\u00e1lvame, ahora hacen caja exhibiendo a la misma mujer en otro plano.<\/p>\n<p>                            <img decoding=\"async\" src=\"https:\/\/www.europesays.com\/es\/wp-content\/uploads\/2025\/11\/770x_antonia-dellatte-entrevista-dag.jpg\" loading=\"lazy\"\/><\/p>\n<p>Entre 2008 y 2023, La F\u00e1brica de la Tele y su alianza con Mediaset gener\u00f3 facturaciones anuales de entre 25 y 35 millones de euros y beneficios en torno a los 4\u20136 millones. Una rentabilidad que se repart\u00eda entre Cornejo (35%), Madrid (35%) y Mediaset Espa\u00f1a, propietaria del 30% restante. La asociaci\u00f3n fue tan estrecha que durante a\u00f1os la productora fue considerada la ni\u00f1a mimada de Vasile. Su capacidad para crear formatos que mezclaban a precios interesantes coraz\u00f3n, cr\u00f3nica social, espect\u00e1culo y reality no ten\u00eda rival. Tras la cancelaci\u00f3n de Aqu\u00ed hay tomate (producido por Atlas en principio) dieron con el formato que redefinir\u00eda las tardes de la televisi\u00f3n en Espa\u00f1a: S\u00e1lvame. Durante m\u00e1s de quince a\u00f1os dominaron audiencias, establecieron c\u00f3digos propios y protagonizaron pol\u00e9micas constantes, siempre en la frontera entre la pol\u00e9mica y la ilegalidad, con sentencias caras que ya sufrieron en el Tomate y siguieron en S\u00e1lvame y otros espacios. A\u00fan hoy, en la \u00f3rbita del m\u00edtico magac\u00edn quedan pendientes flecos judicializados.<\/p>\n<p>Cornejo y Madrid hab\u00edan coincidido en Atlas (generador contenidos de la que es propietaria Mediaset) para hacer el Aqu\u00ed Hay Tomate de Jorge Javier V\u00e1zquez y Carmen Alcayde a las \u00f3rdenes de Santiago Botello, hoy propietario de Mandarina (DeViernes). La ca\u00edda de S\u00e1lvame y la posterior venta de La F\u00e1brica de la Tele a Mediaset para ser liquidada llev\u00f3 a una ruptura traum\u00e1tica. Liquidada la empresa, Cornejo y Madrid pusieron en marcha un nuevo proyecto para liberarse del pasado: Fabricantes Studio, rebautizado en 2025 como La Osa Producciones, dise\u00f1ado expresamente para que RTVE los recibiera con los brazos abiertos sin arrastrar el lastre de la antigua productora.<\/p>\n<p>\u00d3scar Cornejo: de alumno brillante a productor todoterreno<\/p>\n<p>Para entender la dimensi\u00f3n del t\u00e1ndem Cornejo\u2013Madrid, conviene detenerse primero en la figura de \u00d3scar Cornejo Palomino (Tarragona, 1972), el motor estrat\u00e9gico del d\u00fao y la mente m\u00e1s obsesionada con el ritmo televisivo.<\/p>\n<p>Hijo de una familia andaluza emigrada a Catalu\u00f1a, se form\u00f3 acad\u00e9micamente con una solidez poco habitual en el mundo del entretenimiento: licenciado en Derecho por la Universidad de Barcelona y en Periodismo por la Pompeu Fabra. Esta doble titulaci\u00f3n que explica tanto su precisi\u00f3n narrativa como su habilidad para moverse en territorios legales delicados. Sus inicios fueron humildes pero intensos: c\u00e1mara, redactor, coordinador en Pecado Original, colaborador en De buena ma\u00f1ana. Siempre en segundo plano, siempre absorbiendo lenguajes televisivos.<\/p>\n<p>Su gran salto se produce cuando Telecinco lo designa para formar parte junto con Adri\u00e1n Madrid a las \u00f3rdenes de Botello de un formato para la dif\u00edcil franja vespertina. El resultado fue Aqu\u00ed hay tomate, un c\u00f3ctel fren\u00e9tico de cr\u00f3nica rosa, iron\u00eda y espect\u00e1culo que dinamit\u00f3 cualquier referencia previa del g\u00e9nero, incluido el Qu\u00e9 Me Dices de Globomedia, con Belinda Washington y Chapi. All\u00ed conoci\u00f3 Oscar a Adri\u00e1n Madrid, y all\u00ed comenz\u00f3 una sociedad profesional que cambiar\u00eda la industria gracias, en cierta medida, a la visi\u00f3n de grandes popes de la TV, como Paolo Vasile o Manolo Villanueva, adem\u00e1s de Botello. Adri\u00e1n hab\u00eda trabajado para Cuarzo, la productora de Ana Rosa Quintana, a las \u00f3rdenes de Antonio Robles en D\u00f3nde Est\u00e1s Coraz\u00f3n, presentado por Jaime Cantizano.<\/p>\n<p>Cornejo destac\u00f3 pronto por su capacidad para gestionar equipos enormes bajo presi\u00f3n, pero tambi\u00e9n por un ojo cl\u00ednico para detectar ingredientes televisivos de impacto: tensi\u00f3n emocional, personajes carism\u00e1ticos, conflictos escalables&#8230; Y, aunque esa habilidad les llev\u00f3 a momentos de gloria, tambi\u00e9n los condujo a m\u00faltiples pol\u00e9micas y al filo de lo judicial.<\/p>\n<p>En lo personal, la vida de Cornejo no siempre ha estado blindada frente a la prensa rosa: en 2011 se cas\u00f3 con el pol\u00edtico socialista Jaume Collboni, actual alcalde de Barcelona y uno de los rostros m\u00e1s visibles del PSC. Hab\u00edan iniciado su relaci\u00f3n tras conocerse en una Nochevieja de 2008, y aquel amor fue un s\u00edmbolo del ascenso medi\u00e1tico de ambos hasta su separaci\u00f3n en 2016. De Vasile o Jorge Javier V\u00e1zquez o de Bel\u00e9n Esteban a Jos\u00e9 Montilla (ex presidente de la Generalitat), aquella boda levant\u00f3 las costuras medi\u00e1ticas de Barcelona y llen\u00f3 las revistas.<\/p>\n<p>                            <img decoding=\"async\" src=\"https:\/\/www.europesays.com\/es\/wp-content\/uploads\/2025\/11\/oscar-cornejo-collboni.jpg\" loading=\"lazy\"\/><\/p>\n<p>Tras el divorcio (por la distancia), Cornejo se centr\u00f3 en su trayectoria profesional y en un proyecto vital largamente acariciado: la paternidad. En 2019 naci\u00f3 su hijo mediante gestaci\u00f3n subrogada, una decisi\u00f3n que \u00e9l mismo afront\u00f3 sin opacidad pese a la controversia social que siempre acompa\u00f1a este m\u00e9todo reproductivo. Las vicepresidentas Mar\u00eda Jes\u00fas Montero o Yolanda D\u00edaz califican el alquiler de madres para tener hijos por gestaci\u00f3n subrogada como \u00abviolencia contra la mujer\u00bb.<\/p>\n<p>La construcci\u00f3n de La F\u00e1brica de la Tele situ\u00f3 a \u00d3scar Cornejo en la c\u00faspide de la producci\u00f3n televisiva. Y aunque su imagen qued\u00f3 vinculada al universo S\u00e1lvame \u2014amado y odiado a partes iguales\u2014, el giro hacia RTVE a trav\u00e9s de La Osa Producciones buscaba mostrar una faceta m\u00e1s institucional, m\u00e1s limpia. La condena por revelaci\u00f3n de secretos llega, por tanto, en el momento menos oportuno para este intento de reposicionamiento. Por primera vez, el productor que parec\u00eda indestructible ve cuestionada su continuidad al frente de los programas que gobierna.<\/p>\n<p>Adri\u00e1n Madrid: artesano de la cr\u00f3nica social<\/p>\n<p>Si Cornejo, el ex marido del actual alcalde de Barcelona, representa la arquitectura televisiva, Adri\u00e1n Madrid Mart\u00edn (Zamora, 1970) encarna el instinto narrativo, el pulso con el espectador y el conocimiento profundo del mundo del coraz\u00f3n. Su biograf\u00eda arranca marcada por un apellido de peso: su padre, Demetrio Madrid, fue el primer presidente de Castilla y Le\u00f3n y uno de los socialistas m\u00e1s influyentes de los ochenta, hasta convertirse \u2014tras un proceso judicial del que fue absuelto\u2014 en lo que muchos analistas definen como la primera gran v\u00edctima pol\u00edtica del aznarismo emergente. Demetrio Madrid vio su carrera arruinada injustamente y cuando fue absuelto era demasiado tarde. Aznar, de la mano de Miguel \u00c1ngel Rodr\u00edguez, se qued\u00f3 con el sill\u00f3n de Demetrio Madrid, el padre de Adri\u00e1n.<\/p>\n<p>Aquella ca\u00edda abrupta impact\u00f3 profundamente al joven Adri\u00e1n, que desde muy temprano entendi\u00f3 el poder destructivo (y constructivo) de los relatos p\u00fablicos. Licenciado en Periodismo por la Pontificia de Salamanca, Madrid forj\u00f3 su identidad profesional en las redacciones de Onda Cero, TVE y Telemadrid. Sin embargo, fue en Antena 3 donde comenz\u00f3 a destacar, especialmente en Sabor a ti, de Ana Rosa, un programa que lo familiariz\u00f3 con la l\u00f3gica emocional de la televisi\u00f3n de tarde y le ense\u00f1\u00f3 a medir pulsos, silencios y gestos. De ah\u00ed salt\u00f3 a formatos como Rumore, rumore o Abierto al anochecer, todos ellos centrados en la cr\u00f3nica social, en los que Madrid dej\u00f3 ver su capacidad para manejar equipos y, sobre todo, para modular conflictos.<\/p>\n<p>Su llegada a Telecinco en 2002 defini\u00f3 su destino profesional. All\u00ed coincidi\u00f3 con Cornejo en Aqu\u00ed hay tomate, un encuentro que evolucion\u00f3 en alianza empresarial. En 2006, al rebufo de la pol\u00edtica de Vasile de crear productoras amigas participadas por Mediaset, ambos crearon una de las empresas m\u00e1s influyentes (y rentables) de la historia reciente de la televisi\u00f3n. Madrid se convirti\u00f3 en la figura m\u00e1s cercana al equipo, a los presentadores, al tono emocional del contenido. Y tambi\u00e9n en uno de los productores m\u00e1s se\u00f1alados cuando los formatos se extralimitaban.<\/p>\n<p>                            <img decoding=\"async\" src=\"https:\/\/www.europesays.com\/es\/wp-content\/uploads\/2025\/11\/corredera-cornejo-diaz.jpg\" loading=\"lazy\"\/><\/p>\n<p>En lo personal, Madrid tambi\u00e9n opt\u00f3 por la paternidad por v\u00eda de gestaci\u00f3n subrogada: en 2015 nacieron sus mellizas, un acontecimiento que vivi\u00f3 con discreci\u00f3n a pesar de la enorme exposici\u00f3n p\u00fablica que rodeaba su trabajo. A diferencia de Cornejo, Madrid siempre ha mantenido un perfil m\u00e1s bajo en la prensa rosa, aunque inevitablemente su nombre se ha visto asociado a pol\u00e9micas medi\u00e1ticas, investigaci\u00f3n por cohecho en la <b>Operaci\u00f3n Deluxe<\/b> y, ahora, a la sentencia de revelaci\u00f3n de secretos.<\/p>\n<p>Con la creaci\u00f3n de La Osa Producciones, Madrid buscaba junto a Cornejo iniciar una tercera vida profesional: m\u00e1s institucional, m\u00e1s respetable, m\u00e1s compatible con RTVE. Sus programas para la p\u00fablica, especialmente Malas lenguas, han mostrado su habilidad para reinterpretar el infoentretenimiento sin renunciar a su ADN. Pero la condena vuelve a situar su nombre en un terreno inc\u00f3modo. Y no solo por lo judicial: tambi\u00e9n por la inevitable relectura de su biograf\u00eda, marcada desde ni\u00f1o por los efectos devastadores de un proceso medi\u00e1tico-pol\u00edtico y ahora salpicada por un fallo judicial que tambi\u00e9n abre debates sobre la \u00e9tica.<\/p>\n<p>El giro de La F\u00e1brica de la Tele a La Osa Producciones represent\u00f3 mucho m\u00e1s que un cambio de marca. Fue una operaci\u00f3n calculada para entrar en RTVE \u00absin peajes del pasado\u00bb, despu\u00e9s de a\u00f1os marcados por pol\u00e9micas, investigaciones judiciales \u2014incluida la Operaci\u00f3n Deluxe de 2022\u2014 y tensiones con la nueva direcci\u00f3n de Mediaset. El proyecto estuvo a punto de quedar herido de muerte tras el fracaso de La familia de la tele, pero Directo al grano y Malas lenguas les han devuelto la relevancia. Para RTVE, contar con ellos era una apuesta segura: saben fabricar contenido, manejan los ritmos televisivos como pocos y gozan de un indudable tir\u00f3n en t\u00e9rminos de audiencia. Pero la condena sit\u00faa a RTVE en una posici\u00f3n de incomodidad que quiz\u00e1 les obliga a mover ficha, aunque sea de forma m\u00e1s est\u00e9tica que real.<\/p>\n<p>WhatsApp<a href=\"https:\/\/api.whatsapp.com\/send?text=https:\/\/www.eleconomista.es\/informalia\/television\/noticias\/13667903\/11\/25\/oscar-cornejo-y-adrian-madrid-los-productores-de-tve-sentenciados-a-dos-anos-de-carcel-el-exmarido-del-alcalde-y-el-hijo-del-expresidente.html?utm_source%3Dwhatsapp%26utm_medium%3Dshare_button&amp;id=1648118629957_whatsapp\" target=\"_blank\" data-action=\"share\/whatsapp\/share\" aria-label=\"Compartir en Whatsapp\" rel=\"nofollow noopener\"><\/a>Facebook<a id=\"fb-share\" href=\"#\" target=\"_blank\" rel=\"noopener noreferrer\" aria-label=\"Compartir en Facebook\"><\/a>Twitter<a href=\"https:\/\/twitter.com\/share?text=%C3%93scar+Cornejo+y+Adri%C3%A1n+Madrid%2C+los+productores+de+TVE+sentenciados+a+dos+a%C3%B1os+de+c%C3%A1rcel%3A+el+exmarido+del+alcalde+y+el+hijo+del+expresidente&amp;url=https:\/\/www.eleconomista.es\/informalia\/television\/noticias\/13667903\/11\/25\/oscar-cornejo-y-adrian-madrid-los-productores-de-tve-sentenciados-a-dos-anos-de-carcel-el-exmarido-del-alcalde-y-el-hijo-del-expresidente.html&amp;via=Informalia&amp;id=1648118839245_twitter\" target=\"_blank\" aria-label=\"Compartir en Twitter\" rel=\"nofollow noopener\"><\/a>Linkedin<a onclick=\"return abrirLinkedin();\" href=\"https:\/\/www.linkedin.com\/shareArticle?text=%C3%93scar+Cornejo+y+Adri%C3%A1n+Madrid%2C+los+productores+de+TVE+sentenciados+a+dos+a%C3%B1os+de+c%C3%A1rcel%3A+el+exmarido+del+alcalde+y+el+hijo+del+expresidente&amp;url=https:\/\/www.eleconomista.es\/informalia\/television\/noticias\/13667903\/11\/25\/oscar-cornejo-y-adrian-madrid-los-productores-de-tve-sentenciados-a-dos-anos-de-carcel-el-exmarido-del-alcalde-y-el-hijo-del-expresidente.html&amp;mini=true\" target=\"_blank\" aria-label=\"Compartir en linkedin\" rel=\"nofollow noopener\"><\/a>Beloud<a href=\"https:\/\/beloud.com\/share?text=%C3%93scar+Cornejo+y+Adri%C3%A1n+Madrid%2C+los+productores+de+TVE+sentenciados+a+dos+a%C3%B1os+de+c%C3%A1rcel%3A+el+exmarido+del+alcalde+y+el+hijo+del+expresidente&amp;url=https:\/\/www.eleconomista.es\/informalia\/television\/noticias\/13667903\/11\/25\/oscar-cornejo-y-adrian-madrid-los-productores-de-tve-sentenciados-a-dos-anos-de-carcel-el-exmarido-del-alcalde-y-el-hijo-del-expresidente.html&amp;via=Informalia&amp;id=1648118839245_beloud\" target=\"_blank\" aria-label=\"Compartir en beloud\" rel=\"nofollow noopener\"><\/a>Bluesky<a href=\"https:\/\/bsky.app\/intent\/compose?text=https:\/\/bsky.app\/intent\/compose?text=https:\/\/www.eleconomista.es\/informalia\/television\/noticias\/13667903\/11\/25\/oscar-cornejo-y-adrian-madrid-los-productores-de-tve-sentenciados-a-dos-anos-de-carcel-el-exmarido-del-alcalde-y-el-hijo-del-expresidente.html&amp;url=https:\/\/www.eleconomista.es\/informalia\/television\/noticias\/13667903\/11\/25\/oscar-cornejo-y-adrian-madrid-los-productores-de-tve-sentenciados-a-dos-anos-de-carcel-el-exmarido-del-alcalde-y-el-hijo-del-expresidente.html&amp;via=elEconomistaes&amp;id=1648118839245_bluesky\" target=\"_blank\" aria-label=\"Compartir en bluesky\" rel=\"nofollow noopener\"><\/a><\/p>\n<p><script async src=\"https:\/\/platform.twitter.com\/widgets.js\" charset=\"utf-8\"><\/script><\/p>\n","protected":false},"excerpt":{"rendered":"La reciente condena por revelaci\u00f3n de secretos contra \u00d3scar Cornejo y Adri\u00e1n Madrid ha sacudido los cimientos de&hellip;\n","protected":false},"author":2,"featured_media":261741,"comment_status":"","ping_status":"","sticky":false,"template":"","format":"standard","meta":{"footnotes":""},"categories":[91],"tags":[146,147,25,24,23,2626],"class_list":{"0":"post-261740","1":"post","2":"type-post","3":"status-publish","4":"format-standard","5":"has-post-thumbnail","7":"category-entretenimiento","8":"tag-entertainment","9":"tag-entretenimiento","10":"tag-es","11":"tag-espana","12":"tag-spain","13":"tag-televisian"},"share_on_mastodon":{"url":"https:\/\/pubeurope.com\/@es\/115632047971129376","error":""},"_links":{"self":[{"href":"https:\/\/www.europesays.com\/es\/wp-json\/wp\/v2\/posts\/261740","targetHints":{"allow":["GET"]}}],"collection":[{"href":"https:\/\/www.europesays.com\/es\/wp-json\/wp\/v2\/posts"}],"about":[{"href":"https:\/\/www.europesays.com\/es\/wp-json\/wp\/v2\/types\/post"}],"author":[{"embeddable":true,"href":"https:\/\/www.europesays.com\/es\/wp-json\/wp\/v2\/users\/2"}],"replies":[{"embeddable":true,"href":"https:\/\/www.europesays.com\/es\/wp-json\/wp\/v2\/comments?post=261740"}],"version-history":[{"count":0,"href":"https:\/\/www.europesays.com\/es\/wp-json\/wp\/v2\/posts\/261740\/revisions"}],"wp:featuredmedia":[{"embeddable":true,"href":"https:\/\/www.europesays.com\/es\/wp-json\/wp\/v2\/media\/261741"}],"wp:attachment":[{"href":"https:\/\/www.europesays.com\/es\/wp-json\/wp\/v2\/media?parent=261740"}],"wp:term":[{"taxonomy":"category","embeddable":true,"href":"https:\/\/www.europesays.com\/es\/wp-json\/wp\/v2\/categories?post=261740"},{"taxonomy":"post_tag","embeddable":true,"href":"https:\/\/www.europesays.com\/es\/wp-json\/wp\/v2\/tags?post=261740"}],"curies":[{"name":"wp","href":"https:\/\/api.w.org\/{rel}","templated":true}]}}