{"id":261748,"date":"2025-11-29T08:32:22","date_gmt":"2025-11-29T08:32:22","guid":{"rendered":"https:\/\/www.europesays.com\/es\/261748\/"},"modified":"2025-11-29T08:32:22","modified_gmt":"2025-11-29T08:32:22","slug":"caso-begona-la-interventora-de-la-complutense-no-ve-irregularidades-en-que-begona-gomez-firmara-documentos-para-la-catedra-espana","status":"publish","type":"post","link":"https:\/\/www.europesays.com\/es\/261748\/","title":{"rendered":"Caso Bego\u00f1a: La interventora de la Complutense no ve irregularidades en que Bego\u00f1a G\u00f3mez firmara documentos para la c\u00e1tedra | Espa\u00f1a"},"content":{"rendered":"<p class=\"\">El titular del Juzgado de Instrucci\u00f3n n\u00famero 41 de Madrid, Juan Carlos Peinado, que dirige la investigaci\u00f3n contra Bego\u00f1a G\u00f3mez, ha escuchado este viernes a cuatro testigos de la Universidad Complutense de Madrid propuestos por la propia mujer del presidente del Gobierno para defender que firm\u00f3 los pliegos de contrataci\u00f3n del software y registr\u00f3 el dominio de la c\u00e1tedra que codirig\u00eda por \u00f3rdenes del centro de estudios. La interventora de la Complutense, Mar\u00eda Elvira Guti\u00e9rrez Vierna, ha descartado que <a href=\"https:\/\/elpais.com\/noticias\/begona-gomez-fernandez\/\" target=\"_blank\" rel=\"noreferrer nofollow noopener\" title=\"https:\/\/elpais.com\/noticias\/begona-gomez-fernandez\/\">Bego\u00f1a G\u00f3mez<\/a> actuase de forma irregular al firmar este tipo de documentos a pesar de no ser personal de la universidad, seg\u00fan fuentes presentes en la declaraci\u00f3n. <\/p>\n<p class=\"\">De los cinco de delitos por los que la esposa de Pedro S\u00e1nchez est\u00e1 siendo investigada, las declaraciones de este viernes serv\u00edan para profundizar en el de apropiaci\u00f3n indebida \u2014por, presuntamente, haber <a href=\"https:\/\/elpais.com\/espana\/2024-09-29\/el-asedio-judicial-a-begona-gomez-se-fija-en-un-software-de-uso-gratuito-gestionado-por-la-complutense.html\" target=\"_blank\" rel=\"noreferrer nofollow noopener\" title=\"https:\/\/elpais.com\/espana\/2024-09-29\/el-asedio-judicial-a-begona-gomez-se-fija-en-un-software-de-uso-gratuito-gestionado-por-la-complutense.html\">registrado a su nombre el software de la c\u00e1tedra <\/a>que ella codirig\u00eda y no al de la Complutense\u2014 y en el de intrusismo por haber firmado los pliegos t\u00e9cnicos de contrataci\u00f3n para patrocinadores de los estudios. <\/p>\n<p class=\"\">Hace un a\u00f1o que el abogado de G\u00f3mez, el exministro socialista Antonio Camacho, solicit\u00f3 sin \u00e9xito a Peinado que acordara dichas testificales y, finalmente, el pasado mes de octubre la Audiencia Provincial de Madrid dio la raz\u00f3n a G\u00f3mez y orden\u00f3 al juez resolver \u201csin dilaci\u00f3n\u201d sobre la procedencia o no de las mencionadas declaraciones.<\/p>\n<p class=\"\">La interventora de la Complutense ha defendido en la sesi\u00f3n de esta ma\u00f1ana la legalidad de que G\u00f3mez firmara el pliego para el concurso del software. Mar\u00eda Elvira Guti\u00e9rrez ha ratificado que no se exige cualificaci\u00f3n t\u00e9cnica espec\u00edfica para firmar ese tipo de documento, sino \u201cseguir la trazabilidad administrativa\u201d, seg\u00fan explican fuentes presentes en la declaraci\u00f3n. <\/p>\n<p class=\"\">Por su parte, Mar\u00eda Jes\u00fas Morillo y Mercedes Vaquero, de la Oficina de Transferencia de Resultados de Investigaci\u00f3n (OTRI) de la Universidad han manifestado que el centro no gestiona dominios de Internet como el que Bego\u00f1a G\u00f3mez quer\u00eda registrar. La esposa del presidente del Ejecutivo siempre ha defendido que si ella registr\u00f3 el software a su nombre fue porque as\u00ed se lo indicaron en la propia Complutense. Por \u00faltimo, la otra codirectora del m\u00e1ster de Transformaci\u00f3n Social Competitiva junto a Bego\u00f1a G\u00f3mez, Zulema Escalante, ha reconocido que ella misma figura como titular del dominio. <\/p>\n<p class=\"\">Mar\u00eda Jes\u00fas Morillo ha se\u00f1alado tambi\u00e9n que su \u201cinterlocutora\u201d en la universidad para el m\u00e1ster era la asesora de La Moncloa, Cristina \u00c1lvarez, que tambi\u00e9n est\u00e1 imputada en la causa. \u00c1lvarez y G\u00f3mez est\u00e1n siendo investigadas por un delito de malversaci\u00f3n de caudales p\u00fablicos. El juez sospecha que la esposa del presidente utiliz\u00f3 a la asistente para sus actividades privadas en la universidad. <\/p>\n<p class=\"\">En este sentido, Presidencia del Gobierno ha remitido este viernes a Peinado la abundante documentaci\u00f3n que este hab\u00eda requerido sobre el trabajo desempe\u00f1ado por \u00c1lvarez para la mujer de Pedro S\u00e1nchez y para cuya entrega el juez apremi\u00f3 el pasado mi\u00e9rcoles a La Moncloa con la advertencia de que si no lo hac\u00eda podr\u00eda \u201cincurrir en un delito de desobediencia\u201d, <b>informa \u00d3scar L\u00f3pez-Fonseca<\/b>. En concreto, Presidencia ha remitido un documento de 236 p\u00e1ginas en el que detalla, entre otras cosas, los datos salariales de la asesora, su agenda y la de G\u00f3mez, y la informaci\u00f3n relativa a los viajes realizados por \u00c1lvarez en el ejercicio de su funci\u00f3n que fueron sufragados con fondos p\u00fablicos. Peinado ha remitido todo ello a la Unidad Central Operativa (UCO) de la Guardia Civil para que elabore un informe. <\/p>\n<p>Peinado readmite a Manos Limpias en el caso<\/p>\n<p class=\"\">Manos Libres volver\u00e1 a ser acusaci\u00f3n en la causa contra la esposa del presidente del Gobierno. En una providencia de este jueves a la que ha tenido acceso EL PA\u00cdS, el juez Peinado readmite al pseudosindicato, cuya denuncia dio origen al proceso contra G\u00f3mez, tras comprobar que ha abonado la fianza. Su impago fue el motivo, detallaron fuentes conocedoras de la causa, para que Peinado expulsara el pasado lunes a la organizaci\u00f3n que dirige Miguel Bernad. <\/p>\n<p class=\"\">En la misma providencia de este jueves, Peinado da cuenta del nuevo abogado que defender\u00e1 al pseudosindicato, Antonio Lechuga, que pertenece a Soriano i Piqueras, el mismo bufete que defendi\u00f3 a Manos Limpias en la causa contra el fiscal general del Estado. Lechuga toma el testigo de Carlos Perales, que renunci\u00f3 al considerar que la causa se hab\u00eda transformado \u201cen una controversia pol\u00edtica y medi\u00e1tica\u201d. <\/p>\n<p class=\"\">Manos Libres vuelve a sumarse as\u00ed a la acusaci\u00f3n junto a los partidos Vox e Iustitia Europa, la asociaci\u00f3n ultracat\u00f3lica Hazte O\u00edr, el Movimiento de Regeneraci\u00f3n Pol\u00edtica de Espa\u00f1a y el abogado Marco Antonio Caballero.<\/p>\n","protected":false},"excerpt":{"rendered":"El titular del Juzgado de Instrucci\u00f3n n\u00famero 41 de Madrid, Juan Carlos Peinado, que dirige la investigaci\u00f3n contra&hellip;\n","protected":false},"author":2,"featured_media":261749,"comment_status":"","ping_status":"","sticky":false,"template":"","format":"standard","meta":{"footnotes":""},"categories":[8],"tags":[16640,17,18,25,24,13,14,4767,11,2158,19,20,9,10,15,16,2959,1699,23,12,493,38452,21,22,2845],"class_list":{"0":"post-261748","1":"post","2":"type-post","3":"status-publish","4":"format-standard","5":"has-post-thumbnail","7":"category-espana","8":"tag-begona-gomez-fernandez","9":"tag-breaking-news","10":"tag-breakingnews","11":"tag-es","12":"tag-espana","13":"tag-featured-news","14":"tag-featurednews","15":"tag-fiscalia","16":"tag-headlines","17":"tag-justicia","18":"tag-latest-news","19":"tag-latestnews","20":"tag-news","21":"tag-noticias","22":"tag-noticias-destacadas","23":"tag-noticiasdestacadas","24":"tag-pedro-sanchez","25":"tag-psoe","26":"tag-spain","27":"tag-titulares","28":"tag-tribunales","29":"tag-ucm","30":"tag-ultimas-noticias","31":"tag-ultimasnoticias","32":"tag-universidad"},"share_on_mastodon":{"url":"https:\/\/pubeurope.com\/@es\/115632062382543477","error":""},"_links":{"self":[{"href":"https:\/\/www.europesays.com\/es\/wp-json\/wp\/v2\/posts\/261748","targetHints":{"allow":["GET"]}}],"collection":[{"href":"https:\/\/www.europesays.com\/es\/wp-json\/wp\/v2\/posts"}],"about":[{"href":"https:\/\/www.europesays.com\/es\/wp-json\/wp\/v2\/types\/post"}],"author":[{"embeddable":true,"href":"https:\/\/www.europesays.com\/es\/wp-json\/wp\/v2\/users\/2"}],"replies":[{"embeddable":true,"href":"https:\/\/www.europesays.com\/es\/wp-json\/wp\/v2\/comments?post=261748"}],"version-history":[{"count":0,"href":"https:\/\/www.europesays.com\/es\/wp-json\/wp\/v2\/posts\/261748\/revisions"}],"wp:featuredmedia":[{"embeddable":true,"href":"https:\/\/www.europesays.com\/es\/wp-json\/wp\/v2\/media\/261749"}],"wp:attachment":[{"href":"https:\/\/www.europesays.com\/es\/wp-json\/wp\/v2\/media?parent=261748"}],"wp:term":[{"taxonomy":"category","embeddable":true,"href":"https:\/\/www.europesays.com\/es\/wp-json\/wp\/v2\/categories?post=261748"},{"taxonomy":"post_tag","embeddable":true,"href":"https:\/\/www.europesays.com\/es\/wp-json\/wp\/v2\/tags?post=261748"}],"curies":[{"name":"wp","href":"https:\/\/api.w.org\/{rel}","templated":true}]}}