{"id":261750,"date":"2025-11-29T08:33:17","date_gmt":"2025-11-29T08:33:17","guid":{"rendered":"https:\/\/www.europesays.com\/es\/261750\/"},"modified":"2025-11-29T08:33:17","modified_gmt":"2025-11-29T08:33:17","slug":"el-ayuntamiento-destinara-250-000-e-en-2026-a-actuaciones-de-climatizacion-en-los-colegios-publicos-de-la-capital-ayuntamiento-de-ciudad-real","status":"publish","type":"post","link":"https:\/\/www.europesays.com\/es\/261750\/","title":{"rendered":"El Ayuntamiento destinar\u00e1 250.000 \u20ac en 2026 a actuaciones de climatizaci\u00f3n en los colegios p\u00fablicos de la capital &#8211; Ayuntamiento de Ciudad Real"},"content":{"rendered":"<ol>\n<li><a href=\"https:\/\/news.google.com\/rss\/articles\/CBMi-wFBVV95cUxOV1dCTThiUURvR0RHa25kRnZtZ0ZIel9zQVY2dUlZWnVSOGg3YVpNVmlOb3J5UndjeDEzblh6MjlJdmlmaG10RVlCTTRiUDhRLU1UaEdsc0tydWVNc0VNcUoyYWNpczhvRVdTTi1MV1NUd2ZHZjRqdzJFakpuR1VKTTdIbW9tTFRVd2thb1ZycUN0ejMwM1VkYzBsdEl2Ymh4OFhqVHhJdXBmVWx5aS10MU1pdDFzcm9oc2E0b0pIcXZMM2k4STlvUDcyTUpzNmxtcE5nTVhxS0tWNVNyYjdiRUFLU1RqYWo2VHg4MEZWUWc2WWNDcTBBaDA3WQ?oc=5\" target=\"_blank\" rel=\"nofollow noopener\">El Ayuntamiento destinar\u00e1 250.000 \u20ac en 2026 a actuaciones de climatizaci\u00f3n en los colegios p\u00fablicos de la capital<\/a>&nbsp;&nbsp;Ayuntamiento de Ciudad Real<\/li>\n<li><a href=\"https:\/\/news.google.com\/rss\/articles\/CBMi_AFBVV95cUxPaG9odWlzM3pLMzBYUEFWcm5xZWs5cU9DZm5RZnBwejJ6elRtZUtCYWRpd2NGSWh6M3A1MnJla1hvOXY2NUxIcjVVRGYwYkhDSHJjN3BXVXlZRGZuWV9ZN29IU1BWMUxXVU84cTVYVWhPYTN5YmdtSWdhNDJ6NTdDWFBYUkpqaUxIUTljSWVVRHRhVHN3ajBuX2h1SDRBdHNFT0RJV3I0QmYyODlWZUg4eFdSSmRVV3NxX20yX3VfYXJuSWFBT3pyTHNRejlUMmNpR1ZxbDVVVUtkeFpMRGRaWDFsazNPZF9zSUQ3SUVWcXk3NE8yVkdveEJNM1Q?oc=5\" target=\"_blank\" rel=\"nofollow noopener\">El Ayuntamiento de Ciudad Real destinar\u00e1 250.000 euros en 2026 a actuaciones de climatizaci\u00f3n en los colegios p\u00fablicos de la capital<\/a>&nbsp;&nbsp;MiCiudadReal.es<\/li>\n<li><a href=\"https:\/\/news.google.com\/rss\/articles\/CBMi7AFBVV95cUxNa3UyTk9tbjRrSk5BenpFandvb0F6SElQUjN6UUo0dF8tQlhkSTFEUGtpWEx0ZnpHTkFPeWNjR19DOHFMZEdKZGgtTTBCM2hZcmVKRHhRZHJ5cEpLTWp0Qm1RREZaWDdyQzVOemVlUEVMUjh2OWpxS1hsakhzS2FXTElKNXRWX0gycEFhTTNBczJrenYyOHdtUzRxNzJGSjVyTVZ3WmFrY0tDanJHVWRpSS1oNzJOQzYzOGVYa290RVQtNUxab2NDNVg2ZzdQR1JrRHY4bExFOE91U05kamk4ekg2RlFsNTRjdFJyZ9IB8gFBVV95cUxNaTRZaVVTYk5QRUZKZVY3a3dNck5QN2ExRTJVaDh6eFFVV3JKNXZ1NG9VNXh1S1loRXY0Ml9YTjhaSTNkMXMyUWtvclUyWGV4dFRhbk1CTTRqMFRxRExYQm1NRWh1T1MwYno5dXpBOEpJWlhJX3pGcmkxaGFrTXptaDdhbWdPUk1oMERiRVJOWkhnZGlIQUhNOXhwU3JXTjF5c3JlWGJJZ3hCZGdSZ2htY01HVS05Y0RnWnQtbnh5YXNQNkJkT213T1JnTVVNaEplcXcwbW1DZ09zczJURzR1TWxpZkVneHVBd045Y3Jfb01QUQ?oc=5\" target=\"_blank\" rel=\"nofollow noopener\">El PSOE presenta dos mociones al pleno centradas en la igualdad y el bienestar de la comunidad educativa<\/a>&nbsp;&nbsp;Lanza Digital<\/li>\n<li><a href=\"https:\/\/news.google.com\/rss\/articles\/CBMi4gFBVV95cUxPY2M4WEg5MEZrbEVPTDZiZEo1NWRkcjR1UkJXc2swZjNNVTQ2LUc3dWRtZUJaeHU4ZEpfNG9qSmJjMWoxV0p6bXAtb2hjSlNCNnlTdU1RVmNvemFrLTd4dFVjTnNFWmV6YTc0dnprOFlpQ1RoWTRONEVLYi1jTG9aVkhZZUN0VGxYMzlISlo0eTI1cXJaRnJtRndBTU9LdGFtOVB2bV80a0hZS3hMNE1xd3dqVGVFU0JZQlNoelduTklEeXhsMm0tdkdPMENLVFpnS2FlclB1Wm5RUks5UjdQZm5n?oc=5\" target=\"_blank\" rel=\"nofollow noopener\">Ciudad Real: El PSOE pone el foco en la violencia machista y la climatizaci\u00f3n de los colegios<\/a>&nbsp;&nbsp;La Tribuna de Ciudad Real<\/li>\n<li><a href=\"https:\/\/news.google.com\/rss\/articles\/CBMiugFBVV95cUxQX0FCcnFkV3dPNjRlZ2QwQllrbnp1SGR1OWVvMmlabFcyc2pSN3hwMENKbDQxMUd4Zm5GMDNETWV6Q28xZU5QcEt6bXRWd3p5dW8ycHpndjJjZ0VFYzJ6a2lhSFlhQ3QzQmpCclFsaDFGY0xrR3FzX0k2dkpzV00wRlZ6UF9HUHE4VlI4a0kyaWtNV1MyRFVadHlZS1lzZW9ka1duVzJVY3E0cHRhdXlqcHBkNzNsSVU0Q3c?oc=5\" target=\"_blank\" rel=\"nofollow noopener\">El PSOE de Ciudad Real impulsa medidas contra la violencia de g\u00e9nero y por climatizaci\u00f3n escolar<\/a>&nbsp;&nbsp;Objetivo CLM Noticias<\/li>\n<\/ol>\n","protected":false},"excerpt":{"rendered":"El Ayuntamiento destinar\u00e1 250.000 \u20ac en 2026 a actuaciones de climatizaci\u00f3n en los colegios p\u00fablicos de la capital&nbsp;&nbsp;Ayuntamiento&hellip;\n","protected":false},"author":2,"featured_media":248356,"comment_status":"","ping_status":"","sticky":false,"template":"","format":"standard","meta":{"footnotes":""},"categories":[5],"tags":[17,18,25,24,13,14,11,19,20,9,10,15,16,23,12,21,22],"class_list":{"0":"post-261750","1":"post","2":"type-post","3":"status-publish","4":"format-standard","5":"has-post-thumbnail","7":"category-titulares","8":"tag-breaking-news","9":"tag-breakingnews","10":"tag-es","11":"tag-espana","12":"tag-featured-news","13":"tag-featurednews","14":"tag-headlines","15":"tag-latest-news","16":"tag-latestnews","17":"tag-news","18":"tag-noticias","19":"tag-noticias-destacadas","20":"tag-noticiasdestacadas","21":"tag-spain","22":"tag-titulares","23":"tag-ultimas-noticias","24":"tag-ultimasnoticias"},"share_on_mastodon":{"url":"https:\/\/pubeurope.com\/@es\/115632065899186395","error":""},"_links":{"self":[{"href":"https:\/\/www.europesays.com\/es\/wp-json\/wp\/v2\/posts\/261750","targetHints":{"allow":["GET"]}}],"collection":[{"href":"https:\/\/www.europesays.com\/es\/wp-json\/wp\/v2\/posts"}],"about":[{"href":"https:\/\/www.europesays.com\/es\/wp-json\/wp\/v2\/types\/post"}],"author":[{"embeddable":true,"href":"https:\/\/www.europesays.com\/es\/wp-json\/wp\/v2\/users\/2"}],"replies":[{"embeddable":true,"href":"https:\/\/www.europesays.com\/es\/wp-json\/wp\/v2\/comments?post=261750"}],"version-history":[{"count":0,"href":"https:\/\/www.europesays.com\/es\/wp-json\/wp\/v2\/posts\/261750\/revisions"}],"wp:featuredmedia":[{"embeddable":true,"href":"https:\/\/www.europesays.com\/es\/wp-json\/wp\/v2\/media\/248356"}],"wp:attachment":[{"href":"https:\/\/www.europesays.com\/es\/wp-json\/wp\/v2\/media?parent=261750"}],"wp:term":[{"taxonomy":"category","embeddable":true,"href":"https:\/\/www.europesays.com\/es\/wp-json\/wp\/v2\/categories?post=261750"},{"taxonomy":"post_tag","embeddable":true,"href":"https:\/\/www.europesays.com\/es\/wp-json\/wp\/v2\/tags?post=261750"}],"curies":[{"name":"wp","href":"https:\/\/api.w.org\/{rel}","templated":true}]}}