{"id":261755,"date":"2025-11-29T08:43:15","date_gmt":"2025-11-29T08:43:15","guid":{"rendered":"https:\/\/www.europesays.com\/es\/261755\/"},"modified":"2025-11-29T08:43:15","modified_gmt":"2025-11-29T08:43:15","slug":"la-reaccion-de-angela-torres-despues-de-cantar-a-duo-con-rosalia-queres-ser-mi-novia","status":"publish","type":"post","link":"https:\/\/www.europesays.com\/es\/261755\/","title":{"rendered":"La reacci\u00f3n de \u00c1ngela Torres despu\u00e9s de cantar a d\u00fao con Rosal\u00eda: \u201c\u00bfQuer\u00e9s ser mi novia?\u00bb"},"content":{"rendered":"<p> El emotivo momento de \u00c1ngela Torres con Rosal\u00eda (Video: Nadie dice nada. Luzu)<\/p>\n<p class=\"paragraph\">El jueves por la noche, bajo el brillo reciente de su nuevo \u00e1lbum, <a rel=\"noopener noreferrer nofollow\" href=\"https:\/\/www.infobae.com\/tag\/rosalia\/\" target=\"_blank\" title=\"https:\/\/www.infobae.com\/tag\/rosalia\/\"><b>Rosal\u00eda<\/b><\/a><b> <\/b><a rel=\"noopener noreferrer nofollow\" href=\"https:\/\/www.infobae.com\/teleshow\/2025\/11\/28\/asi-fue-la-llegada-de-rosalia-a-buenos-aires-el-encuentro-con-soledad-pastorutti-juliana-gattas-y-emilia-mernes\/\" target=\"_blank\" title=\"https:\/\/www.infobae.com\/teleshow\/2025\/11\/28\/asi-fue-la-llegada-de-rosalia-a-buenos-aires-el-encuentro-con-soledad-pastorutti-juliana-gattas-y-emilia-mernes\/\"><b>lleg\u00f3 a la Argentina<\/b><\/a><b> para presentar su aclamado trabajo <\/b><b>Lux<\/b> y protagoniz\u00f3 una escena inolvidable junto a<a rel=\"noopener noreferrer nofollow\" href=\"https:\/\/www.infobae.com\/tag\/angela-torres\/\" target=\"_blank\" title=\"https:\/\/www.infobae.com\/tag\/angela-torres\/\"><b> \u00c1ngela Torres<\/b><\/a> en pleno aire de<b> <\/b><a rel=\"noopener noreferrer nofollow\" href=\"https:\/\/www.infobae.com\/tag\/luzu\/\" target=\"_blank\" title=\"https:\/\/www.infobae.com\/tag\/luzu\/\"><b>Luzu<\/b><\/a>. El entusiasmo del p\u00fablico parec\u00eda anunciar lo que vendr\u00eda: una artista en la plenitud de su carrera, una ciudad expectante y una cita en el streaming como epicentro de un momento inesperado.<\/p>\n<p class=\"paragraph\">La catalana, envuelta en el \u00e9xito del lanzamiento y con Buenos Aires como tel\u00f3n de fondo, ten\u00eda una agenda apretada. Este viernes al mediod\u00eda, apenas unas horas despu\u00e9s de aterrizar, y de asistir a un concierto en el microestadio de Ferro, se sent\u00f3 en el estudio de <b>Nadie dice nada<\/b>, el programa conducido por <b>Nico Occhiato<\/b> y compartido por voces de la nueva generaci\u00f3n: <b>Flor Jazm\u00edn, Momi Giardina, Santi Talledo, Mart\u00edn Garabal<\/b> y, por supuesto, <b>\u00c1ngela Torres<\/b>. Entre charlas de ocasi\u00f3n y el repaso por su trabajo, nadie anticip\u00f3 la energ\u00eda que atravesar\u00eda esa entrevista.<\/p>\n<p class=\"paragraph\">Como una confesi\u00f3n sin filtro, la sobrina de Diego agarr\u00f3 el micr\u00f3fono y, temblando, intent\u00f3 articular su pregunta: <b>\u201c\u00bfFue intencional esta cosa de usar el lenguaje como punto de uni\u00f3n? Siento que este disco nos representa a todos desde lugares muy personales y siento como que hay algo muy&#8230; \u00a1Qu\u00e9 nivel de nervios que tengo!\u201d<\/b>. La voz, entrecortada, delataba la intensidad de ese instante. \u00bfQui\u00e9n no sinti\u00f3 alguna vez la presi\u00f3n de hablar frente a alguien a quien se admira?<\/p>\n<p><img alt=\"Rosal\u00eda lleg\u00f3 a Buenos Aires\" class=\"global-image\" decoding=\"async\" fetchpriority=\"low\" height=\"2000\" loading=\"lazy\" src=\"https:\/\/www.europesays.com\/es\/wp-content\/uploads\/2025\/11\/YJFCHSHPHFEJ5I2TZTFVHHYXPU.jpg\" width=\"3000\"\/>Rosal\u00eda lleg\u00f3 a Buenos Aires y asisti\u00f3 al show de Cindy Cats en Ferro<\/p>\n<p class=\"paragraph\">El conductor del ciclo intervino buscando descomprimir. \u201cElla es muy fan\u00e1tica tuya y es una gran artista argentina.\u201d Pero la emoci\u00f3n de la joven panelista se volvi\u00f3 abrazo, palabras apretadas entre sollozos: \u201cTe amo y te admiro much\u00edsimo\u201d, dej\u00f3 caer al aire, mientras la atm\u00f3sfera del estudio de Luzu se volv\u00eda el\u00e9ctrica.<\/p>\n<p class=\"paragraph\"><b>Momi Giardina<\/b> recogi\u00f3 el guante y lanz\u00f3 la propuesta que cambiar\u00eda el rumbo de esa charla: <b>\u201cUn pedacito de \u2018La Perla\u2019 le pod\u00e9s cantar\u201d<\/b>, en alusi\u00f3n a uno de los singles. El coraz\u00f3n del programa empez\u00f3 a latir con otro ritmo, con todos los presentes expectantes. Los ojos de \u00c1ngela se abrieron todav\u00eda m\u00e1s al escuchar la respuesta de Rosal\u00eda: \u201cS\u00ed, pero juntas\u201d.<\/p>\n<p class=\"paragraph\">En cuesti\u00f3n de segundos, las voces de ambas se trenzaron en una versi\u00f3n espont\u00e1nea y emotiva de \u201cLa Perla\u201d. El aplauso, ese aplauso dif\u00edcil de cortar, llen\u00f3 el aire y borr\u00f3 cualquier resquicio de formalidad. La propia Rosal\u00eda, sorprendida, solt\u00f3 una frase que quedar\u00e1 grabada: <b>\u201cElla armoniz\u00f3. Devor\u00f3 y armoniz\u00f3\u201d<\/b>. Una frase que encierra el c\u00f3digo y el lenguaje propio de dos artistas cuando se reconocen.<\/p>\n<p>Rosal\u00eda disfrut\u00f3 de una noche a pura m\u00fasica en Buenos Aires<\/p>\n<p class=\"paragraph\">Mientras tanto, <b>Santi Talledo<\/b> ofrec\u00eda un abrazo protector, y la emoci\u00f3n desbordaba. Ah\u00ed, entre l\u00e1grimas y alegr\u00eda, \u00c1ngela Torres apenas pudo decir: <b>\u201cMe acaba de regalar el mejor momento de mi vida hasta hoy\u201d<\/b>. <\/p>\n<p class=\"paragraph\">El clima cambi\u00f3 de nuevo cuando Rosal\u00eda celebr\u00f3 el registro \u201cmezzo tirando a soprano\u201d de \u00c1ngela. Sin filtros, casi como en secreto, la argentina solt\u00f3 a borbotones las palabras que se le ven\u00edan a la mente: \u201c<b>Sos tan linda&#8230; hay algo muy incre\u00edble que ten\u00e9s que es como&#8230; sos tan linda, te amo, \u00bfquer\u00e9s ser mi novia? Me solt\u00e9&#8230; sos tan linda&#8230; \u00bfcu\u00e1nto tiempo te vas a quedar?\u201d<\/b>. El estallido de carcajadas fue instant\u00e1neo, levitando por encima de las luces y el bullicio del estudio.<\/p>\n<p class=\"paragraph\">As\u00ed se vivi\u00f3 la llegada de Rosal\u00eda a la Argentina, en la intimidad vibrante de un mano a mano donde, por unos minutos, el pop, la emoci\u00f3n y la admiraci\u00f3n se confundieron en una sola voz. Un mediod\u00eda at\u00edpico, donde las l\u00e1grimas y la risa marcaron el ritmo de un encuentro que, para quienes lo vieron, quedar\u00e1 grabado como un himno personal. <b>\u201cMe acaba de regalar el mejor momento de mi vida hasta hoy\u201d<\/b>, dijo. \u00bfY si en eso reside el verdadero poder de la m\u00fasica?<\/p>\n","protected":false},"excerpt":{"rendered":"El emotivo momento de \u00c1ngela Torres con Rosal\u00eda (Video: Nadie dice nada. Luzu) El jueves por la noche,&hellip;\n","protected":false},"author":2,"featured_media":261756,"comment_status":"","ping_status":"","sticky":false,"template":"","format":"standard","meta":{"footnotes":""},"categories":[174],"tags":[255,146,147,25,24,256,23],"class_list":{"0":"post-261755","1":"post","2":"type-post","3":"status-publish","4":"format-standard","5":"has-post-thumbnail","7":"category-famosos","8":"tag-celebrities","9":"tag-entertainment","10":"tag-entretenimiento","11":"tag-es","12":"tag-espana","13":"tag-famosos","14":"tag-spain"},"share_on_mastodon":{"url":"https:\/\/pubeurope.com\/@es\/115632106020672206","error":""},"_links":{"self":[{"href":"https:\/\/www.europesays.com\/es\/wp-json\/wp\/v2\/posts\/261755","targetHints":{"allow":["GET"]}}],"collection":[{"href":"https:\/\/www.europesays.com\/es\/wp-json\/wp\/v2\/posts"}],"about":[{"href":"https:\/\/www.europesays.com\/es\/wp-json\/wp\/v2\/types\/post"}],"author":[{"embeddable":true,"href":"https:\/\/www.europesays.com\/es\/wp-json\/wp\/v2\/users\/2"}],"replies":[{"embeddable":true,"href":"https:\/\/www.europesays.com\/es\/wp-json\/wp\/v2\/comments?post=261755"}],"version-history":[{"count":0,"href":"https:\/\/www.europesays.com\/es\/wp-json\/wp\/v2\/posts\/261755\/revisions"}],"wp:featuredmedia":[{"embeddable":true,"href":"https:\/\/www.europesays.com\/es\/wp-json\/wp\/v2\/media\/261756"}],"wp:attachment":[{"href":"https:\/\/www.europesays.com\/es\/wp-json\/wp\/v2\/media?parent=261755"}],"wp:term":[{"taxonomy":"category","embeddable":true,"href":"https:\/\/www.europesays.com\/es\/wp-json\/wp\/v2\/categories?post=261755"},{"taxonomy":"post_tag","embeddable":true,"href":"https:\/\/www.europesays.com\/es\/wp-json\/wp\/v2\/tags?post=261755"}],"curies":[{"name":"wp","href":"https:\/\/api.w.org\/{rel}","templated":true}]}}