{"id":261757,"date":"2025-11-29T08:44:10","date_gmt":"2025-11-29T08:44:10","guid":{"rendered":"https:\/\/www.europesays.com\/es\/261757\/"},"modified":"2025-11-29T08:44:10","modified_gmt":"2025-11-29T08:44:10","slug":"el-centro-nacional-de-fotografia-de-soria-toma-cuerpo","status":"publish","type":"post","link":"https:\/\/www.europesays.com\/es\/261757\/","title":{"rendered":"el Centro Nacional de Fotograf\u00eda de Soria toma cuerpo"},"content":{"rendered":"\n<p> <a href=\"https:\/\/www.elconfidencial.com\/espana\/2025-09-21\/sanchez-tapar-paralisis-legislativa-propaganda-ministerial_4212730\/\" target=\"_self\" rel=\"nofollow noopener\">Soria<\/a> se prepara para convertirse en<strong> la capital espa\u00f1ola de la fotograf\u00eda<\/strong>. El Ministerio de Cultura ha destinado ya 500.000 euros para adquirir obra de los principales artistas del pa\u00eds, lo que le permitir\u00e1 dotar al nuevo Centro Nacional con una colecci\u00f3n de partida de cerca de doscientas piezas. Las obras se iniciaron hace dos meses y est\u00e1 previsto que <strong>se inauguren en septiembre de 2026<\/strong>, pero, entretanto, la instituci\u00f3n est\u00e1 ya realizando actividades en colaboraci\u00f3n con otras entidades. <\/p>\n<p> \u00abEsta colecci\u00f3n que estamos creando es un <strong>testimonio muy valioso de la evoluci\u00f3n del arte fotogr\u00e1fico<\/strong> en Espa\u00f1a\u00bb, explica la directora del centro, <strong>M\u00f3nica Carabias<\/strong>. \u00abEstamos convencidos de que estas obras definen<strong> los grandes relatos visuales <\/strong>de la historia del siglo XX\u00bb. Y desde todo tipo de estilos y perspectivas, porque lo mismo caben el retrato, los paisajes, el fotoperiodismo, la fotograf\u00eda conceptual, la abstracta y la fotograf\u00eda performativa. <\/p>\n<p> Entre las primeras adquisiciones destaca la serie Gentlemen\u2019s club, de <strong>Cristina de Middel<\/strong>, que con sus cien piezas es, por el momento, la m\u00e1s extensa de la colecci\u00f3n permanente. \u00abEs una de las grandes de Espa\u00f1a, con una <strong>mirada muy aguda que ahonda bien en el ser humano y sus circunstancias<\/strong>\u00ab. La directora del centro destaca tambi\u00e9n la versatilidad de esta obra, porque tanto puede exhibirse en pared como guardarse en una caja. <\/p>\n<p> \u00abLa verdad es que me llev\u00e9 una sorpresa y me hizo ilusi\u00f3n que el Centro Nacional de Fotograf\u00eda escogiese esa serie, que no est\u00e1 entre las m\u00e1s conocidas ni expuestas m\u00edas y que me llev\u00f3 mucho tiempo elaborar\u00bb, explica la artista alicantina. Gentlemen\u2019s club retrata una <strong>cara poco conocida del mundo de la prostituci\u00f3n<\/strong>: la de los clientes. Siete a\u00f1os de trabajo con 100 <a href=\"https:\/\/www.elconfidencial.com\/cultura\/2025-09-19\/fotografo-omar-ayyashi-mujeres-pioneras-san-sebastian_4212692\/\" target=\"_self\" rel=\"nofollow noopener\">retratos<\/a> y entrevistas a personas de diez pa\u00edses distintos del mundo con el fin de \u00abequilibrar la mirada visual\u00bb sobre este tema. <\/p>\n<p>               Serie Gentlemen\u2019s Club, 2018. Cristina De Middel \/ Magnum Photos.             <\/p>\n<p> \u00abMe encontraba con estos se\u00f1ores en los lugares a los que normalmente acudir\u00edan con una trabajadora sexual. All\u00ed les hac\u00eda la entrevista y me firmaban el consentimiento. Yo pagaba la habitaci\u00f3n por 20 minutos y <strong>en vez de hacer el amor hac\u00edamos una foto<\/strong>. Todo esto era bastante tenso, tambi\u00e9n para m\u00ed, que me met\u00eda en un cuarto con un se\u00f1or al que no conoc\u00eda de nada para que me hablara de sus fantas\u00edas sexuales\u00bb, recuerda la <a href=\"https:\/\/www.vanitatis.elconfidencial.com\/estilo\/ocio\/2024-12-13\/25-artistas-plasticos-espanoles-menores-35-proyeccion_4019822\/\" target=\"_self\" rel=\"nofollow noopener\">Premio Nacional de Fotograf\u00eda<\/a>, que reside en Brasil desde hace a\u00f1os. Sus fotos buscan<strong> mostrar \u00absin juzgar\u00bb la personalidad de esos clientes <\/strong>en su relaci\u00f3n con el sexo. \u00abUnos van buscando cari\u00f1o maternal, otros m\u00e1s bien una experiencia de venganza\u00bb. <\/p>\n<p> El extenso trabajo de De Middel es representativo de la l\u00ednea creativa del fotoperiodismo \u00aby dialogar\u00e1 muy bien con la obra de los otros artistas de la colecci\u00f3n\u00bb, explica Carabias. Al tiempo que esta serie suya, el Centro Nacional de Fotograf\u00eda adquiri\u00f3 dos obras de <strong>Jos\u00e9 Manuel Ballester<\/strong>, representante de una l\u00ednea m\u00e1s centrada en la arquitectura y la luz, y un retrato de <strong>Chema Madoz<\/strong>, representante de la po\u00e9tica conceptual. Tambi\u00e9n diez fotograf\u00edas de <strong>Joan Fontcuberta<\/strong>, de su serie de plantas secas <strong>eHerbarium<\/strong>, que reflexionan sobre imagen y verdad. Y el d\u00edptico El herbario, de <strong>Jorge Yeregui<\/strong>, con su di\u00e1logo entre paisaje y memoria. <\/p>\n<p>              <img decoding=\"async\" class=\"inTextNews__img\" alt=\"Foto: leica-la-maquina-del-tiempo-en-el-bolsillo-y-en-la-mirada\" src=\"https:\/\/www.europesays.com\/es\/wp-content\/uploads\/2025\/11\/f.elconfidencial.com\/original\/f86\/bff\/bee\/f86bffbee21591183b84099e1e376f6c.jpg\"  \/>     <\/p>\n<p>TE PUEDE INTERESAR<\/p>\n<p>      <a class=\"inTextNews__title\" href=\"https:\/\/www.elconfidencial.com\/cultura\/2025-09-26\/leica-la-maquina-del-tiempo-en-el-bolsillo-y-en-la-mirada_4215294\/\" onclick=\"window.ECCO.emit(&#039;amplitude&#039;, { dataEventName: &#039;click_related_article_module&#039;, data: { related_article_url: &#039;https:\/\/www.elconfidencial.com\/cultura\/2025-09-26\/leica-la-maquina-del-tiempo-en-el-bolsillo-y-en-la-mirada_4215294\/&#039;, related_article_author: &#039;Rub\u00e9n Am\u00f3n&#039;, related_article_section: &#039;cultura&#039; } })\" rel=\"nofollow noopener\" target=\"_blank\"> Leica: la m\u00e1quina del tiempo, en el bolsillo y en la mirada <\/a>   <\/p>\n<p>    Rub\u00e9n Am\u00f3n   <\/p>\n<p> Pero, adem\u00e1s, el Ministerio de Cultura anunci\u00f3 a finales del mes pasado que estaba trabajando para adquirir obra de todos los dem\u00e1s artistas galardonados con el Premio Nacional de Fotograf\u00eda, una treintena en total. Con nombres tan relevantes como <strong>Javier Vallhonrat<\/strong>, el leon\u00e9s<strong> Alberto Garc\u00eda Alix<\/strong>, <strong>Cristina Garc\u00eda Rodero, Ouka Lele, Gervasio S\u00e1nchez, Alberto Schommer, Pilar Aymerich o Isabel Mu\u00f1oz<\/strong>. Una n\u00f3mina de creadores a la que se sumar\u00e1 la galardonada este a\u00f1o: <strong>Carmela Garc\u00eda.<\/strong> <\/p>\n<p> \u00abEs una gran noticia que, por fin, la <a href=\"https:\/\/www.elconfidencial.com\/espana\/madrid\/2025-02-02\/fotografia-historia-espana-afal-cultura-madrid_4055204\/\" target=\"_self\" rel=\"nofollow noopener\">fotograf\u00eda en Espa\u00f1a<\/a> cuente con un centro como los que existen desde hace d\u00e9cadas en otros pa\u00edses de Europa. Centros que son importantes para la memoria colectiva. <strong>Ahora ya jugamos en la misma liga<\/strong>\u00ab, opina De Middel. \u00abDe momento, me parece que toda la gesti\u00f3n est\u00e1 hecha con mucha seriedad. Pero tampoco hay que ignorar el hecho de que va a tener menos visitantes por estar en Soria, que no es un sitio que pille de paso. Pero es un buen inicio y hay que trabajar con lo que tenemos, as\u00ed que estamos de enhorabuena\u00bb. <\/p>\n<p> El Ministerio de Cultura justifica, sin embargo, la implantaci\u00f3n en Soria como parte de <strong>una pol\u00edtica de \u00abdescentralizaci\u00f3n\u00bb <\/strong>de los equipamientos culturales de titularidad estatal. \u00abEl centro favorecer\u00e1 nuevos circuitos de creaci\u00f3n y exhibici\u00f3n, atraer\u00e1 a investigadores y visitantes y consolidar\u00e1 a Soria como polo de referencia para la fotograf\u00eda\u00bb, explicaba en una nota de prensa. <\/p>\n<p>              <img decoding=\"async\" class=\"inTextNews__img\" alt=\"Foto: manolo-laguillo-fotografia-madrid-exposicion-1hms\" src=\"https:\/\/www.europesays.com\/es\/wp-content\/uploads\/2025\/11\/f.elconfidencial.com\/original\/d9c\/322\/8ca\/d9c3228cad1ca33d2778d25ce1f99258.jpg\"  \/>     <\/p>\n<p>TE PUEDE INTERESAR<\/p>\n<p>      <a class=\"inTextNews__title\" href=\"https:\/\/www.elconfidencial.com\/espana\/madrid\/2025-06-27\/manolo-laguillo-fotografia-madrid-exposicion-1hms_4154742\/\" onclick=\"window.ECCO.emit(&#039;amplitude&#039;, { dataEventName: &#039;click_related_article_module&#039;, data: { related_article_url: &#039;https:\/\/www.elconfidencial.com\/espana\/madrid\/2025-06-27\/manolo-laguillo-fotografia-madrid-exposicion-1hms_4154742\/&#039;, related_article_author: &#039;Abraham Rivera&#039;, related_article_section: &#039;madrid&#039; } })\" rel=\"nofollow noopener\" target=\"_blank\"> Fotografiar lo que no se ve: la obra de Manolo Laguillo en los m\u00e1rgenes de Madrid <\/a>   <\/p>\n<p>    Abraham Rivera   <\/p>\n<p> La sede del Centro Nacional de Fotograf\u00eda, actualmente en obras, estar\u00e1 situada en lo que fue el edificio del <strong>Banco de Espa\u00f1a<\/strong> en Soria, en la Plaza de las Mujeres. Pero la ausencia de un local propio no ha impedido hasta ahora realizar actividades desde que, a primeros de a\u00f1o, fue nombrada su responsable. <\/p>\n<p> \u00abEl centro debe tener una importante actividad formativa en colaboraci\u00f3n con la <a href=\"https:\/\/www.elconfidencial.com\/espana\/madrid\/2025-07-09\/madrid-futuro-retos-culturales_4167391\/\" target=\"_self\" rel=\"nofollow noopener\">Escuela de Artes y Oficios de Soria<\/a>\u00ab, se\u00f1ala Carabias. Con este objetivo en mente, el d\u00eda 22 est\u00e1 previsto un primer taller, dedicado al <strong>reconocimiento de materiales fotogr\u00e1ficos<\/strong>. Otra dimensi\u00f3n es la difusi\u00f3n cultural, que se materializ\u00f3 a primeros de este mes con las I Jornadas de Fotograf\u00eda y el XI Encuentro de Historia de la Fotograf\u00eda, organizados conjuntamente por el Centro Nacional soriano, as\u00ed como el Centro de Estudios de Castilla-La Mancha, con colaboraci\u00f3n con el Ayuntamiento de Soria y la Junta de Castilla y Le\u00f3n. <\/p>\n<p> Entre otros asuntos, la nueva instituci\u00f3n abordar\u00e1 tambi\u00e9n los desaf\u00edos que plantea la <a href=\"https:\/\/www.elconfidencial.com\/cultura\/2025-10-23\/exposicion-sueno-razon-bra_4231265\/\" target=\"_self\" rel=\"nofollow noopener\">inteligencia artificial<\/a>, especialmente en relaci\u00f3n con los derechos de autor de los creadores. \u00ab<strong>Hace falta legislar esto en Espa\u00f1a y Europa<\/strong>, y conf\u00edo en que se resuelva bien\u00bb, explica Carabias. Defensora de la \u00abmagia\u00bb de la fotograf\u00eda anal\u00f3gica, con sus emulsiones y revelado, considera que<strong> la inteligencia artificial es una herramienta m\u00e1s<\/strong>. \u00abTodas son bienvenidas siempre que se haga un uso serio. Pero yo conf\u00edo en la responsabilidad de los creadores\u00bb. Muchos retos y muchas expectativas las que deber\u00e1 abordar la nueva instituci\u00f3n soriana. <\/p>\n<p> <a href=\"https:\/\/www.elconfidencial.com\/espana\/2025-09-21\/sanchez-tapar-paralisis-legislativa-propaganda-ministerial_4212730\/\" target=\"_self\" rel=\"nofollow noopener\">Soria<\/a> se prepara para convertirse en<strong> la capital espa\u00f1ola de la fotograf\u00eda<\/strong>. El Ministerio de Cultura ha destinado ya 500.000 euros para adquirir obra de los principales artistas del pa\u00eds, lo que le permitir\u00e1 dotar al nuevo Centro Nacional con una colecci\u00f3n de partida de cerca de doscientas piezas. Las obras se iniciaron hace dos meses y est\u00e1 previsto que <strong>se inauguren en septiembre de 2026<\/strong>, pero, entretanto, la instituci\u00f3n est\u00e1 ya realizando actividades en colaboraci\u00f3n con otras entidades. <\/p>\n","protected":false},"excerpt":{"rendered":"Soria se prepara para convertirse en la capital espa\u00f1ola de la fotograf\u00eda. El Ministerio de Cultura ha destinado&hellip;\n","protected":false},"author":2,"featured_media":261758,"comment_status":"","ping_status":"","sticky":false,"template":"","format":"standard","meta":{"footnotes":""},"categories":[173],"tags":[229,233,231,230,232,234,146,147,25,24,23],"class_list":{"0":"post-261757","1":"post","2":"type-post","3":"status-publish","4":"format-standard","5":"has-post-thumbnail","7":"category-arte-y-diseno","8":"tag-arte","9":"tag-arte-y-diseno","10":"tag-arts","11":"tag-arts-and-design","12":"tag-design","13":"tag-diseno","14":"tag-entertainment","15":"tag-entretenimiento","16":"tag-es","17":"tag-espana","18":"tag-spain"},"share_on_mastodon":{"url":"https:\/\/pubeurope.com\/@es\/115632109586581506","error":""},"_links":{"self":[{"href":"https:\/\/www.europesays.com\/es\/wp-json\/wp\/v2\/posts\/261757","targetHints":{"allow":["GET"]}}],"collection":[{"href":"https:\/\/www.europesays.com\/es\/wp-json\/wp\/v2\/posts"}],"about":[{"href":"https:\/\/www.europesays.com\/es\/wp-json\/wp\/v2\/types\/post"}],"author":[{"embeddable":true,"href":"https:\/\/www.europesays.com\/es\/wp-json\/wp\/v2\/users\/2"}],"replies":[{"embeddable":true,"href":"https:\/\/www.europesays.com\/es\/wp-json\/wp\/v2\/comments?post=261757"}],"version-history":[{"count":0,"href":"https:\/\/www.europesays.com\/es\/wp-json\/wp\/v2\/posts\/261757\/revisions"}],"wp:featuredmedia":[{"embeddable":true,"href":"https:\/\/www.europesays.com\/es\/wp-json\/wp\/v2\/media\/261758"}],"wp:attachment":[{"href":"https:\/\/www.europesays.com\/es\/wp-json\/wp\/v2\/media?parent=261757"}],"wp:term":[{"taxonomy":"category","embeddable":true,"href":"https:\/\/www.europesays.com\/es\/wp-json\/wp\/v2\/categories?post=261757"},{"taxonomy":"post_tag","embeddable":true,"href":"https:\/\/www.europesays.com\/es\/wp-json\/wp\/v2\/tags?post=261757"}],"curies":[{"name":"wp","href":"https:\/\/api.w.org\/{rel}","templated":true}]}}