{"id":261761,"date":"2025-11-29T08:48:12","date_gmt":"2025-11-29T08:48:12","guid":{"rendered":"https:\/\/www.europesays.com\/es\/261761\/"},"modified":"2025-11-29T08:48:12","modified_gmt":"2025-11-29T08:48:12","slug":"antes-de-el-senor-de-los-anillos-hubo-otro-intento-de-adaptar-un-producto-de-fantasia-epica-pero-el-resultado-fue-atroz","status":"publish","type":"post","link":"https:\/\/www.europesays.com\/es\/261761\/","title":{"rendered":"Antes de \u2018El se\u00f1or de los anillos\u2019 hubo otro intento de adaptar un producto de fantas\u00eda \u00e9pica, pero el resultado fue atroz"},"content":{"rendered":"<p class=\"\"><a href=\"https:\/\/as.com\/meristation\/cine\/los-tolkien-criticaron-el-senor-de-los-anillos-de-peter-jackson-pero-hay-un-cameo-de-un-familiar-y-casi-nadie-se-dio-cuenta-f202511-n\/\" target=\"_self\" rel=\"nofollow noopener\" title=\"https:\/\/as.com\/meristation\/cine\/los-tolkien-criticaron-el-senor-de-los-anillos-de-peter-jackson-pero-hay-un-cameo-de-un-familiar-y-casi-nadie-se-dio-cuenta-f202511-n\/\">Peter Jackson <\/a>consigui\u00f3 lo que otros no hab\u00edan logrado: llevar al cine una saga de fantas\u00eda de renombre y hacerlo por todo lo alto. La trilog\u00eda de <a href=\"https:\/\/as.com\/meristation\/cine\/la-curiosa-anecdota-de-la-muerte-de-boromir-en-la-pelicula-de-el-senor-de-los-anillos-es-hora-de-comer-f202510-n\/\" target=\"_self\" rel=\"nofollow noopener\" title=\"https:\/\/as.com\/meristation\/cine\/la-curiosa-anecdota-de-la-muerte-de-boromir-en-la-pelicula-de-el-senor-de-los-anillos-es-hora-de-comer-f202510-n\/\">\u2018El se\u00f1or de los anillos\u2019<\/a> es hoy un cl\u00e1sico, una maravillosa adaptaci\u00f3n de la obra de J.R.R. Tolkien, que marc\u00f3 un antes y un despu\u00e9s en la industria cinematogr\u00e1fica. Sin embargo, <b>poco antes de que el director neozeland\u00e9s estrenara esta pel\u00edcula<\/b>, Courtney Solomon hizo lo propio con la infame \u2018Dragones y mazmorras\u2019.<\/p>\n<p class=\"\">Un Jeremy Irons en horas bajas interpreta al mago Profion, el villano de la pel\u00edcula. De tono m\u00e1s ligero y sin la profundidad de \u2018El se\u00f1or de los anillos\u2019, <b>la adaptaci\u00f3n de \u2018Dragones y mazmorras\u2019 del a\u00f1o 2000<\/b> hace aguas por todas partes. El ganador del Oscar est\u00e1 completamente sobreactuado, aunque el guion tampoco ayuda a que ninguno se crea el papel.<\/p>\n<p>El mago planea destronar a la emperatriz<\/p>\n<p class=\"\">La historia tiene lugar en Izmer, un reino amenazado por el malvado Profion, cuya intenci\u00f3n es destronar a la nueva emperatriz. Para evitarlo, la soberana recluta a un grupo de aguerridos aventureros, que acompa\u00f1ados de un p\u00edcaro deber\u00e1n hallar el \u00fanico objeto capaz de <b>frustrar los planes del hechicero<\/b>. Si consiguen hacerse con la Barra del Control del Drag\u00f3n, su portador obtendr\u00e1 el poder de controlar a estos reptiles. Por supuesto, el propio Profion anhela ese objeto, de modo que no pondr\u00e1 las cosas f\u00e1ciles. <\/p>\n<p class=\"\">Aunque la pel\u00edcula sali\u00f3 hace 25 a\u00f1os (y no tiene nada que ver con la m\u00e1s que notable \u2018Dragones y mazmorras: honor entre ladrones\u2019), su calificaci\u00f3n en Rotten Tomatoes <b>deja claro el \u00ednfimo nivel de la pel\u00edcula<\/b>: tiene un 9\/100 en el apartado de cr\u00edticas profesionales. Los usuarios le han dado un 20\/100. Suspende en ambos casos. Ni siquiera a nivel visual est\u00e1 a la altura: todo luce falso, como de mal cosplay.<\/p>\n<p><img decoding=\"async\" src=\"https:\/\/www.europesays.com\/es\/wp-content\/uploads\/2025\/11\/7OFT4KANE5B2NHXPP3WBZFAVYM.jpg\" alt=\"Antes de \u2018El se\u00f1or de los anillos\u2019 hubo otro intento de adaptar un producto de fantas\u00eda \u00e9pica, pero el resultado fue atroz\" height=\"716\" width=\"1276\"   loading=\"lazy\"\/><\/p>\n<p class=\"\">Hace unos meses <b>se filtr\u00f3 que Shawn Levy<\/b>, director de \u2018Deadpool &amp; Lobezno\u2019 y de \u2018Star Wars: Starfighter\u2019, est\u00e1 trabajando en una <a href=\"https:\/\/as.com\/meristation\/series\/dragones-y-mazmorras-tendra-serie-live-action-en-netflix-con-el-director-de-deadpool-y-lobezno-n\/\" target=\"_self\" rel=\"nofollow noopener\" title=\"https:\/\/as.com\/meristation\/series\/dragones-y-mazmorras-tendra-serie-live-action-en-netflix-con-el-director-de-deadpool-y-lobezno-n\/\">serie live-action<\/a> de \u2018Dragones y Mazmorras\u2019.<\/p>\n<p>Noticias relacionadas<\/p>\n<p class=\"\">Suscr\u00edbete al <a href=\"https:\/\/www.youtube.com\/@meristation\" target=\"_self\" rel=\"nofollow noopener\" title=\"https:\/\/www.youtube.com\/@meristation\">canal de MeriStation en YouTube<\/a>, tu web de videojuegos y entretenimiento para conocer todas las noticias y novedades sobre el mundo del videojuego, cine, series, manga y anime. An\u00e1lisis, entrevistas, tr\u00e1ileres, gameplays, p\u00f3dcast y mucho m\u00e1s. Tambi\u00e9n te animamos a seguir <a href=\"https:\/\/www.tiktok.com\/@meristation\" rel=\"nofollow noopener\" title=\"https:\/\/www.tiktok.com\/@meristation\" target=\"_blank\">nuestra cuenta de TikTok<\/a>. <\/p>\n<p class=\"\">\u00a1S\u00edguenos en ambas y, si est\u00e1s interesado en licenciar este contenido, pincha <a href=\"https:\/\/profesional.elpais.com\/soluciones-sindicacion?utm_medium=interno&amp;utm_source=crosslinking&amp;utm_campaign=sindicacion_as_pie_articulos\" target=\"_blank\" rel=\"nofollow noopener\" title=\"https:\/\/profesional.elpais.com\/soluciones-sindicacion?utm_medium=interno&amp;utm_source=crosslinking&amp;utm_campaign=sindicacion_as_pie_articulos\">aqu\u00ed<\/a>!<\/p>\n<p><script async src=\"\/\/www.tiktok.com\/embed.js\"><\/script><\/p>\n","protected":false},"excerpt":{"rendered":"Peter Jackson consigui\u00f3 lo que otros no hab\u00edan logrado: llevar al cine una saga de fantas\u00eda de renombre&hellip;\n","protected":false},"author":2,"featured_media":261762,"comment_status":"","ping_status":"","sticky":false,"template":"","format":"standard","meta":{"footnotes":""},"categories":[169],"tags":[177,146,147,25,24,176,175,23],"class_list":{"0":"post-261761","1":"post","2":"type-post","3":"status-publish","4":"format-standard","5":"has-post-thumbnail","7":"category-cine","8":"tag-cine","9":"tag-entertainment","10":"tag-entretenimiento","11":"tag-es","12":"tag-espana","13":"tag-film","14":"tag-movies","15":"tag-spain"},"share_on_mastodon":{"url":"https:\/\/pubeurope.com\/@es\/115632125350897547","error":""},"_links":{"self":[{"href":"https:\/\/www.europesays.com\/es\/wp-json\/wp\/v2\/posts\/261761","targetHints":{"allow":["GET"]}}],"collection":[{"href":"https:\/\/www.europesays.com\/es\/wp-json\/wp\/v2\/posts"}],"about":[{"href":"https:\/\/www.europesays.com\/es\/wp-json\/wp\/v2\/types\/post"}],"author":[{"embeddable":true,"href":"https:\/\/www.europesays.com\/es\/wp-json\/wp\/v2\/users\/2"}],"replies":[{"embeddable":true,"href":"https:\/\/www.europesays.com\/es\/wp-json\/wp\/v2\/comments?post=261761"}],"version-history":[{"count":0,"href":"https:\/\/www.europesays.com\/es\/wp-json\/wp\/v2\/posts\/261761\/revisions"}],"wp:featuredmedia":[{"embeddable":true,"href":"https:\/\/www.europesays.com\/es\/wp-json\/wp\/v2\/media\/261762"}],"wp:attachment":[{"href":"https:\/\/www.europesays.com\/es\/wp-json\/wp\/v2\/media?parent=261761"}],"wp:term":[{"taxonomy":"category","embeddable":true,"href":"https:\/\/www.europesays.com\/es\/wp-json\/wp\/v2\/categories?post=261761"},{"taxonomy":"post_tag","embeddable":true,"href":"https:\/\/www.europesays.com\/es\/wp-json\/wp\/v2\/tags?post=261761"}],"curies":[{"name":"wp","href":"https:\/\/api.w.org\/{rel}","templated":true}]}}