{"id":261765,"date":"2025-11-29T08:50:09","date_gmt":"2025-11-29T08:50:09","guid":{"rendered":"https:\/\/www.europesays.com\/es\/261765\/"},"modified":"2025-11-29T08:50:09","modified_gmt":"2025-11-29T08:50:09","slug":"la-gripe-rescata-el-debate-sobre-las-mascarillas-en-los-hospitales","status":"publish","type":"post","link":"https:\/\/www.europesays.com\/es\/261765\/","title":{"rendered":"La gripe rescata el debate sobre las mascarillas en los hospitales"},"content":{"rendered":"<p>El pr\u00f3ximo mi\u00e9rcoles se sabr\u00e1 si este a\u00f1o habr\u00e1 una regulaci\u00f3n \u00fanica e id\u00e9ntica para el uso de mascarillas contra la epidemia de gripe en  &#8230; todo el pa\u00eds, que fijar\u00eda en qu\u00e9 momentos y para qu\u00e9 personas ser\u00e1 un acto voluntario u obligatorio, o si, como ocurri\u00f3 el oto\u00f1o-invierno pasado, cada autonom\u00eda va por su cuenta y decide qu\u00e9 medidas toma y cu\u00e1ndo en su territorio.<\/p>\n<p class=\"v-p\">El Ministerio de Sanidad ha convocado ese d\u00eda la Comisi\u00f3n de Salud P\u00fablica y espera que los representantes auton\u00f3micos aprueben un protocolo de actuaci\u00f3n com\u00fan contra las enfermedades respiratorias, m\u00e1s urgente a\u00fan este a\u00f1o porque la epidemia de gripe ya ha comenzado con un mes de antelaci\u00f3n sobre lo habitual y amenaza con causar m\u00e1s contagios y hospitalizaciones que en a\u00f1os pasados.<\/p>\n<p class=\"v-p\">El protocolo \u00fanico ser\u00eda muy similar al dise\u00f1ado por t\u00e9cnicos ministeriales y auton\u00f3micos el a\u00f1o pasado, que, adem\u00e1s de contener medidas para maximizar la vacunaci\u00f3n y promover las medidas de higiene b\u00e1sicas, implantaba una recomendaci\u00f3n u obligaci\u00f3n del uso de la mascarilla, seg\u00fan los casos, dependiendo de la gravedad de cada fase de la epidemia y la situaci\u00f3n de cada comunidad. Cada una aplicar\u00eda las medidas previstas en funci\u00f3n de su situaci\u00f3n epid\u00e9mica.<\/p>\n<p class=\"v-p\">Esta gu\u00eda establece cuatro niveles de actuaci\u00f3n en funci\u00f3n de las tasas de circulaci\u00f3n del virus en cada territorio. Las indicaciones recogidas van desde fomentar la vacunaci\u00f3n y el teletrabajo, a recuperar el uso de la mascarilla -recomendado u obligado en funci\u00f3n de la incidencia del virus-, adem\u00e1s de elaborar y aplicar planes de contingencia en los hospitales. Si fuese necesario propone ampliar en n\u00famero de camas en las UCI o la capacidad de las Urgencias.<\/p>\n<p class=\"v-p\">Mientras Sanidad y los consejeros determinan si pactan un protocolo com\u00fan, al menos cinco autonom\u00edas ya han recomendado el uso de mascarillas en determinados lugares y casos. Son Arag\u00f3n, Asturias, Castilla y Le\u00f3n, Comunidad Valenciana y Galicia. En Euskadi, una de las autonom\u00edas donde se adelant\u00f3 la epidemia cerca de un mes -en especial en Bizkaia- el \u00faltimo informe del Departamento de Salud asegura que la circulaci\u00f3n de la gripe remiti\u00f3 la pasada semana.<\/p>\n","protected":false},"excerpt":{"rendered":"El pr\u00f3ximo mi\u00e9rcoles se sabr\u00e1 si este a\u00f1o habr\u00e1 una regulaci\u00f3n \u00fanica e id\u00e9ntica para el uso de&hellip;\n","protected":false},"author":2,"featured_media":261766,"comment_status":"","ping_status":"","sticky":false,"template":"","format":"standard","meta":{"footnotes":""},"categories":[92],"tags":[11559,25,24,7749,165,6138,58057,6964,166,57,23],"class_list":{"0":"post-261765","1":"post","2":"type-post","3":"status-publish","4":"format-standard","5":"has-post-thumbnail","7":"category-salud","8":"tag-debate","9":"tag-es","10":"tag-espana","11":"tag-gripe","12":"tag-health","13":"tag-hospitales","14":"tag-mascarillas","15":"tag-rescata","16":"tag-salud","17":"tag-sobre","18":"tag-spain"},"share_on_mastodon":{"url":"https:\/\/pubeurope.com\/@es\/115632132875003928","error":""},"_links":{"self":[{"href":"https:\/\/www.europesays.com\/es\/wp-json\/wp\/v2\/posts\/261765","targetHints":{"allow":["GET"]}}],"collection":[{"href":"https:\/\/www.europesays.com\/es\/wp-json\/wp\/v2\/posts"}],"about":[{"href":"https:\/\/www.europesays.com\/es\/wp-json\/wp\/v2\/types\/post"}],"author":[{"embeddable":true,"href":"https:\/\/www.europesays.com\/es\/wp-json\/wp\/v2\/users\/2"}],"replies":[{"embeddable":true,"href":"https:\/\/www.europesays.com\/es\/wp-json\/wp\/v2\/comments?post=261765"}],"version-history":[{"count":0,"href":"https:\/\/www.europesays.com\/es\/wp-json\/wp\/v2\/posts\/261765\/revisions"}],"wp:featuredmedia":[{"embeddable":true,"href":"https:\/\/www.europesays.com\/es\/wp-json\/wp\/v2\/media\/261766"}],"wp:attachment":[{"href":"https:\/\/www.europesays.com\/es\/wp-json\/wp\/v2\/media?parent=261765"}],"wp:term":[{"taxonomy":"category","embeddable":true,"href":"https:\/\/www.europesays.com\/es\/wp-json\/wp\/v2\/categories?post=261765"},{"taxonomy":"post_tag","embeddable":true,"href":"https:\/\/www.europesays.com\/es\/wp-json\/wp\/v2\/tags?post=261765"}],"curies":[{"name":"wp","href":"https:\/\/api.w.org\/{rel}","templated":true}]}}