{"id":261773,"date":"2025-11-29T08:54:08","date_gmt":"2025-11-29T08:54:08","guid":{"rendered":"https:\/\/www.europesays.com\/es\/261773\/"},"modified":"2025-11-29T08:54:08","modified_gmt":"2025-11-29T08:54:08","slug":"peru-decreta-emergencia-y-militariza-la-frontera-con-chile-dw-29-11-2025","status":"publish","type":"post","link":"https:\/\/www.europesays.com\/es\/261773\/","title":{"rendered":"Per\u00fa decreta emergencia y militariza la frontera con Chile \u2013 DW \u2013 29\/11\/2025"},"content":{"rendered":"<p>El gobierno de <a class=\"internal-link\" href=\"https:\/\/www.dw.com\/es\/per\u00fa\/t-17409849\" rel=\"nofollow noopener\" target=\"_blank\">Per\u00fa<\/a> declar\u00f3 el estado de emergencia en la frontera con <a class=\"internal-link\" href=\"https:\/\/www.dw.com\/es\/chile\/t-17411731\" rel=\"nofollow noopener\" target=\"_blank\">Chile<\/a> y anunci\u00f3 que reforzar\u00e1 los controles aduaneros con militares en previsi\u00f3n de una oleada de migrantes indocumentados, as\u00ed como para hacer frente a la criminalidad, seg\u00fan un decreto que el gobierno aprob\u00f3 el viernes (28.11.2025).\u00a0<\/p>\n<p>La medida se mantendr\u00e1 por 60 d\u00edas y regir\u00e1 en los distritos fronterizos de Palca, Tacna y La Yarada-Los Palos, en la regi\u00f3n Tacna (sur), de cara a una eventual llegada de decenas de migrantes que buscan salir de Chile ante la posibilidad de una victoria del candidato presidencial ultraderechista chileno Jos\u00e9 Antonio Kast, que <a class=\"internal-link\" href=\"https:\/\/www.dw.com\/es\/por-qui\u00e9n-votar\u00e1n-los-migrantes-en-chile\/a-74718862\" rel=\"nofollow noopener\" target=\"_blank\">prometi\u00f3 expulsar a los indocumentados<\/a>.\u00a0 \u00a0 \u00a0\u00a0<\/p>\n<blockquote class=\"tweet embed\" data-id=\"1994572086879424557\"\/>\n<p>Previamente, la Canciller\u00eda peruana hab\u00eda informado que analizaba \u00abla crisis migratoria que se est\u00e1 gestando\u00bb en la frontera sur del pa\u00eds con Chile, en medio de la presencia de decenas de migrantes que intentan pasar hacia territorio peruano.<\/p>\n<p>El presidente de transici\u00f3n de Per\u00fa, Jos\u00e9 Jer\u00ed, convoc\u00f3 al Consejo de\u00a0de Ministros para declarar el estado de emergencia en las fronteras del pa\u00eds, lo que permitir\u00e1 la intervenci\u00f3n de las Fuerzas Armadas en su control y vigilancia.<\/p>\n<p>Medios peruanos informaron\u00a0que decenas de migrantes aparentemente irregulares en Chile hab\u00edan llegado hasta el punto de frontera con Per\u00fa con la intenci\u00f3n de ingresar hacia territorio peruano, pero fueron impedidos por agentes policiales.<\/p>\n<blockquote class=\"tweet embed\" data-id=\"1994411979625132309\"\/>\n<p>Esto gener\u00f3 que varios de los migrantes, que iban a pie, bloquearan la carretera Panamericana Sur y el paso fronterizo, lo que hizo que se forme una larga fila de camiones y autobuses en ambos lados de la frontera.<\/p>\n<p>Los manifestantes se\u00f1alaron al Canal N que buscan retornar a sus pa\u00edses de origen, porque se han visto obligados a abandonar Chile ante el <a class=\"internal-link\" href=\"https:\/\/www.dw.com\/es\/elecciones-en-chile-seguridad-migraci\u00f3n-y-econom\u00eda-en-el-foco\/a-74737359\" rel=\"nofollow noopener\" target=\"_blank\">endurecimiento de las pol\u00edticas migratorias en ese pa\u00eds<\/a>.<\/p>\n<p>Jer\u00ed afirm\u00f3 el pasado domingo que la inseguridad que vive su pa\u00eds se debe, en gran medida, a haber desatendido las fronteras, por lo que anunci\u00f3 que iba a pedir el apoyo de las Fuerzas Armadas en las zonas lim\u00edtrofes con Chile.<\/p>\n<p>gs (efe, afp)<\/p>\n","protected":false},"excerpt":{"rendered":"El gobierno de Per\u00fa declar\u00f3 el estado de emergencia en la frontera con Chile y anunci\u00f3 que reforzar\u00e1&hellip;\n","protected":false},"author":2,"featured_media":261774,"comment_status":"","ping_status":"","sticky":false,"template":"","format":"standard","meta":{"footnotes":""},"categories":[42],"tags":[17,18,13,14,11,61,62,63,64,19,20,9,10,15,16,12,21,22,65,66,67],"class_list":{"0":"post-261773","1":"post","2":"type-post","3":"status-publish","4":"format-standard","5":"has-post-thumbnail","7":"category-internacional","8":"tag-breaking-news","9":"tag-breakingnews","10":"tag-featured-news","11":"tag-featurednews","12":"tag-headlines","13":"tag-internacional","14":"tag-international","15":"tag-international-news","16":"tag-internationalnews","17":"tag-latest-news","18":"tag-latestnews","19":"tag-news","20":"tag-noticias","21":"tag-noticias-destacadas","22":"tag-noticiasdestacadas","23":"tag-titulares","24":"tag-ultimas-noticias","25":"tag-ultimasnoticias","26":"tag-world","27":"tag-world-news","28":"tag-worldnews"},"share_on_mastodon":{"url":"https:\/\/pubeurope.com\/@es\/115632148725901983","error":""},"_links":{"self":[{"href":"https:\/\/www.europesays.com\/es\/wp-json\/wp\/v2\/posts\/261773","targetHints":{"allow":["GET"]}}],"collection":[{"href":"https:\/\/www.europesays.com\/es\/wp-json\/wp\/v2\/posts"}],"about":[{"href":"https:\/\/www.europesays.com\/es\/wp-json\/wp\/v2\/types\/post"}],"author":[{"embeddable":true,"href":"https:\/\/www.europesays.com\/es\/wp-json\/wp\/v2\/users\/2"}],"replies":[{"embeddable":true,"href":"https:\/\/www.europesays.com\/es\/wp-json\/wp\/v2\/comments?post=261773"}],"version-history":[{"count":0,"href":"https:\/\/www.europesays.com\/es\/wp-json\/wp\/v2\/posts\/261773\/revisions"}],"wp:featuredmedia":[{"embeddable":true,"href":"https:\/\/www.europesays.com\/es\/wp-json\/wp\/v2\/media\/261774"}],"wp:attachment":[{"href":"https:\/\/www.europesays.com\/es\/wp-json\/wp\/v2\/media?parent=261773"}],"wp:term":[{"taxonomy":"category","embeddable":true,"href":"https:\/\/www.europesays.com\/es\/wp-json\/wp\/v2\/categories?post=261773"},{"taxonomy":"post_tag","embeddable":true,"href":"https:\/\/www.europesays.com\/es\/wp-json\/wp\/v2\/tags?post=261773"}],"curies":[{"name":"wp","href":"https:\/\/api.w.org\/{rel}","templated":true}]}}