{"id":261775,"date":"2025-11-29T08:55:26","date_gmt":"2025-11-29T08:55:26","guid":{"rendered":"https:\/\/www.europesays.com\/es\/261775\/"},"modified":"2025-11-29T08:55:26","modified_gmt":"2025-11-29T08:55:26","slug":"a-que-hora-se-encienden-donde-estan-las-calles-iluminadas-y-arboles","status":"publish","type":"post","link":"https:\/\/www.europesays.com\/es\/261775\/","title":{"rendered":"a qu\u00e9 hora se encienden, d\u00f3nde est\u00e1n las calles iluminadas y \u00e1rboles"},"content":{"rendered":"<p style=\"\">La Navidad de 2025 en Sevilla promete ser <strong>la m\u00e1s luminosa en su historia<\/strong>. La ciudad prepara la cuenta atr\u00e1s para su gran <a href=\"https:\/\/www.abc.es\/sevilla\/ciudad\/encienden-luces-navidad-sevilla-2025-20251103142326-nts.html\" title=\"www.abc.es\" data-voc-vtm-id=\"in-text-traffic\" data-mrf-link=\"www.abc.es\" rel=\"nofollow noopener\" target=\"_blank\">encendido del alumbrado navide\u00f1o<\/a>. Aunque el principal atractivo se concentra en el centro hist\u00f3rico, los distintos barrios tambi\u00e9n alumbrar\u00e1n sus  &#8230; calles por primera vez este s\u00e1bado. Con m\u00e1s de <strong>nueve millones de luces LED<\/strong> y dise\u00f1os exclusivos, diciembre y enero volver\u00e1n a tener la magia en sus calles.<\/p>\n<p class=\"voc-p\" style=\"\">El acto inaugural ser\u00e1 el <strong>s\u00e1bado 29 de noviembre<\/strong> en la Avenida de la Constituci\u00f3n, desde las 17:30 horas. Actuar\u00e1 la Banda Municipal, distintos coros navide\u00f1os y la cantante sevillana <strong>Pastora Soler<\/strong>. Los ni\u00f1os de la Fundaci\u00f3n Alal\u00e1 ser\u00e1n los encargados de pulsar el bot\u00f3n de las luces que dar\u00e1n el pistoletazo de salida a la Navidad sevillana.<\/p>\n<p class=\"voc-p\" style=\"\">El a\u00f1o pasado, quienes pusieron m\u00fasica al encendido navide\u00f1o fueron <a href=\"https:\/\/www.abc.es\/sevilla\/ciudad\/andy-lucas-reyes-fiesta-encendido-navideno-sevilla-20241130212235-nts.html\" title=\"www.abc.es\" data-voc-vtm-id=\"in-text-traffic\" data-mrf-link=\"www.abc.es\" rel=\"nofollow noopener\" target=\"_blank\">Andy y Lucas<\/a>. Como las calles alrededor de Plaza Nueva y el inicio de la Avenida de la Constituci\u00f3n se llenaron de gente, lo m\u00e1s recomendable es <strong>llegar con antelaci\u00f3n<\/strong> si queremos disfrutar de las actuaciones m\u00e1s cerca.<\/p>\n<p class=\"voc-p\" style=\"\">En cambio, si preferimos evitar las aglomeraciones, una buena opci\u00f3n es situarse por la <strong>zona de la Feria del Bel\u00e9n o casi llegando a Puerta de Jerez<\/strong>, donde suele haber bastante m\u00e1s espacio para verlo con tranquilidad.<\/p>\n<p>\nHorarios del encendido de las luces de Navidad en Sevilla\n<\/p>\n<p class=\"voc-p\" style=\"\">El encendido de las luces de Navidad en Sevilla en 2025 ser\u00e1 aproximadamente a las <strong>18:00 horas de la tarde<\/strong>. A partir de ese d\u00eda, el horario habitual ser\u00e1 desde las 18:30 hasta la medianoche. En fechas especiales, como el 24 y 31 de diciembre, y el 5 de enero, las luces se mantendr\u00e1n encendidas <strong>hasta la 1:00 de la madrugada<\/strong> para que se pueda disfrutar a\u00fan m\u00e1s de la Tardebuena o la tarde previa a Fin de A\u00f1o.<\/p>\n<p class=\"voc-p\" style=\"\">Lo m\u00e1s espectacular que tendr\u00e1 Sevilla ser\u00e1 esa Avenida de la Constituci\u00f3n convertida en un <a href=\"https:\/\/www.abc.es\/sevilla\/ciudad\/encuentra-montaje-arboles-gigantes-navidad-avenida-constitucion-20251115103229-nts.html\" title=\"www.abc.es\" data-voc-vtm-id=\"in-text-traffic\" data-mrf-link=\"www.abc.es\" rel=\"nofollow noopener\" target=\"_blank\">bosque m\u00e1gico con luces<\/a>. Ser\u00e1n 32 \u00e1rboles luminosos de m\u00e1s de 7 metros, 17 bolas gigantes y 42 adornos en las farolas los que dejen impresionados a todos los que paseen por el centro de Sevilla. En plena lucha por ser uno de los <strong>destinos tur\u00edsticos m\u00e1s interesantes<\/strong> durante el a\u00f1o, la capital hispalense tambi\u00e9n quiere coronarse en la \u00e9poca invernal.<\/p>\n<p>\nCalles, plazas y barrios con luces navide\u00f1as\n<\/p>\n<p class=\"voc-p\" style=\"\">Este a\u00f1o Sevilla bate r\u00e9cords: <strong>ser\u00e1n 304 calles<\/strong> las que contar\u00e1n con iluminaci\u00f3n navide\u00f1a, siendo as\u00ed diez m\u00e1s que el a\u00f1o pasado.<\/p>\n<p class=\"voc-p\" style=\"\">Entre las principales novedades, los Jardines del Cristina, la calle Enramadilla, <strong>Luis de Morales<\/strong> (que vuelve a recuperar el alumbrado despu\u00e9s de 14 a\u00f1os), la Avenida San Francisco Javier, San Marcos, San Lorenzo, Maestro Arrieta, Torcuato Luca de Tena y la Avenida de la Paz.<\/p>\n<p class=\"voc-p\" style=\"\">Por primera vez, la <strong>barriada de El Gordillo<\/strong> contar\u00e1 con iluminaci\u00f3n navide\u00f1a, as\u00ed como la calle Juan D\u00edaz de Sol\u00eds de Triana.<\/p>\n<p class=\"voc-p\" style=\"\">El <strong>Casco Antiguo vuelve a ser el distrito m\u00e1s iluminado<\/strong>, seguido de Este-Alcosa-Torreblanca. En cuanto a los barrios con menos luces navide\u00f1as se encuentran Los Remedios con 11 y Nervi\u00f3n con 10 calles.<\/p>\n<p class=\"voc-p\" style=\"\">Adem\u00e1s, los <strong>puentes m\u00e1s conocidos de la ciudad<\/strong> (Triana, San Telmo y Los Remedios) estrenan dise\u00f1os. Aunque el de San Telmo se iluminar\u00e1 solo a la mitad por obras. Las calles m\u00e1s ic\u00f3nicas del centro, como Sierpes, Tetu\u00e1n, Imagen, Campana o Plaza del Salvador, estrenar\u00e1n tambi\u00e9n decoraci\u00f3n.<\/p>\n<p class=\"voc-p\" style=\"\">Por su parte, un a\u00f1o m\u00e1s se proyectar\u00e1 el espect\u00e1culo de <strong>videomapping del Ayuntamiento<\/strong>, con sesiones diarias hasta las 23:00 y ampliaci\u00f3n hasta las 00:30 en festivos.<\/p>\n<p><img decoding=\"async\" loading=\"lazy\" src=\"https:\/\/www.europesays.com\/es\/wp-content\/uploads\/2025\/11\/Clipboard-ko1D--760x427@diario_abc.png\" class=\"voc-img\" width=\"760\" height=\"427\" alt=\"Luces de Navidad en Sevilla: a qu\u00e9 hora se encienden, d\u00f3nde est\u00e1n las calles iluminadas y \u00e1rboles\" data-voc-vtm-id=\"in-text-traffic\"\/><\/p>\n<p>\nD\u00f3nde est\u00e1n los \u00e1rboles de Navidad en Sevilla\n<\/p>\n<p class=\"voc-p\" style=\"\">Uno de los elementos m\u00e1s esperados son los grandes \u00e1rboles navide\u00f1os repartidos por la ciudad. Este a\u00f1o, la Avenida de la Constituci\u00f3n se convertir\u00e1 en un <strong>aut\u00e9ntico bosque luminoso gracias a los 32 \u00e1rboles<\/strong> gigantes &#8216;plantados&#8217; a ambos lados de la calle.<\/p>\n<ul class=\"oc-d-c-list__list\">\n<li class=\"voc-d-c-list__item\">\n<p class=\"voc-d-c-list__paragraph\">Puerta de Jerez: uno de los \u00e1rboles m\u00e1s fotografiados, situado junto a la fuente y el tranv\u00eda, en una de las entradas m\u00e1s emblem\u00e1ticas al centro hist\u00f3rico.<\/p>\n<\/li>\n<li class=\"voc-d-c-list__item\">\n<p class=\"voc-d-c-list__paragraph\">Estaci\u00f3n de Santa Justa: recibe a los turistas con un gran \u00e1rbol luminoso que da la bienvenida a quienes llegan a Sevilla durante estas fechas.<\/p>\n<\/li>\n<li class=\"voc-d-c-list__item\">\n<p class=\"voc-d-c-list__paragraph\">Plaza de Cuba: un s\u00edmbolo navide\u00f1o para el barrio de Los Remedios.<\/p>\n<\/li>\n<li class=\"voc-d-c-list__item\">\n<p class=\"voc-d-c-list__paragraph\">Barqueta \u2013 Los Perdigones: este entorno incorpora tambi\u00e9n un \u00e1rbol monumental, aportando luz al eje norte del casco urbano.<\/p>\n<\/li>\n<li class=\"voc-d-c-list__item\">\n<p class=\"voc-d-c-list__paragraph\">Plaza Nueva: uno de los \u00e1rboles m\u00e1s c\u00e9ntricos y transitados, rodeado del mercado navide\u00f1o y la sede del Ayuntamiento.<\/p>\n<\/li>\n<li class=\"voc-d-c-list__item\">\n<p class=\"voc-d-c-list__paragraph\">Plaza de San Lorenzo: por primera vez, la zona contar\u00e1 con su propio \u00e1rbol luminoso, acompa\u00f1ado del nuevo alumbrado incorporado al barrio este a\u00f1o.<\/p>\n<\/li>\n<li class=\"voc-d-c-list__item\">\n<p class=\"voc-d-c-list__paragraph\">Plaza de San Marcos<\/p>\n<\/li>\n<li class=\"voc-d-c-list__item\">\n<p class=\"voc-d-c-list__paragraph\">Avda de la Barzola<\/p>\n<\/li>\n<li class=\"voc-d-c-list__item\">\n<p class=\"voc-d-c-list__paragraph\">Glorieta P\u00e1rroco Gabriel Ramos Ch\u00e1vez<\/p>\n<\/li>\n<li class=\"voc-d-c-list__item\">\n<p class=\"voc-d-c-list__paragraph\">Parque Flores<\/p>\n<\/li>\n<li class=\"voc-d-c-list__item\">\n<p class=\"voc-d-c-list__paragraph\">Glorieta Forja XXI<\/p>\n<\/li>\n<li class=\"voc-d-c-list__item\">\n<p class=\"voc-d-c-list__paragraph\">Glorieta de los Merinales<\/p>\n<\/li>\n<li class=\"voc-d-c-list__item\">\n<p class=\"voc-d-c-list__paragraph\">Avenida Emilio Lemos: uno de los \u00e1rboles m\u00e1s bonitos situados en Sevilla Este.<\/p>\n<\/li>\n<\/ul>\n<p class=\"voc-p\" style=\"\">Pero la principal novedad es el <strong>Bel\u00e9n gigante del Palacio de San Telmo<\/strong>, ubicado en la Avenida de Roma, con figuras de casi 10 metros de altura iluminadas con luz c\u00e1lida.<\/p>\n<p class=\"voc-p\" style=\"\">El cl\u00e1sico <strong>Bel\u00e9n del Arquillo del Ayuntamiento<\/strong>, elaborado este a\u00f1o por la Asociaci\u00f3n de Belenistas de Sevilla, completa un recorrido navide\u00f1o que llenar\u00e1 la ciudad de luz, color y tradici\u00f3n.<\/p>\n","protected":false},"excerpt":{"rendered":"La Navidad de 2025 en Sevilla promete ser la m\u00e1s luminosa en su historia. La ciudad prepara la&hellip;\n","protected":false},"author":2,"featured_media":261776,"comment_status":"","ping_status":"","sticky":false,"template":"","format":"standard","meta":{"footnotes":""},"categories":[8],"tags":[28347,17,18,1346,65324,25,24,13,14,11,1458,63467,19,20,10539,2951,9,10,15,16,1171,23,12,21,22],"class_list":{"0":"post-261775","1":"post","2":"type-post","3":"status-publish","4":"format-standard","5":"has-post-thumbnail","7":"category-espana","8":"tag-arboles","9":"tag-breaking-news","10":"tag-breakingnews","11":"tag-calles","12":"tag-encienden","13":"tag-es","14":"tag-espana","15":"tag-featured-news","16":"tag-featurednews","17":"tag-headlines","18":"tag-hora","19":"tag-iluminadas","20":"tag-latest-news","21":"tag-latestnews","22":"tag-luces","23":"tag-navidad","24":"tag-news","25":"tag-noticias","26":"tag-noticias-destacadas","27":"tag-noticiasdestacadas","28":"tag-sevilla","29":"tag-spain","30":"tag-titulares","31":"tag-ultimas-noticias","32":"tag-ultimasnoticias"},"share_on_mastodon":{"url":"https:\/\/pubeurope.com\/@es\/115632152955316458","error":""},"_links":{"self":[{"href":"https:\/\/www.europesays.com\/es\/wp-json\/wp\/v2\/posts\/261775","targetHints":{"allow":["GET"]}}],"collection":[{"href":"https:\/\/www.europesays.com\/es\/wp-json\/wp\/v2\/posts"}],"about":[{"href":"https:\/\/www.europesays.com\/es\/wp-json\/wp\/v2\/types\/post"}],"author":[{"embeddable":true,"href":"https:\/\/www.europesays.com\/es\/wp-json\/wp\/v2\/users\/2"}],"replies":[{"embeddable":true,"href":"https:\/\/www.europesays.com\/es\/wp-json\/wp\/v2\/comments?post=261775"}],"version-history":[{"count":0,"href":"https:\/\/www.europesays.com\/es\/wp-json\/wp\/v2\/posts\/261775\/revisions"}],"wp:featuredmedia":[{"embeddable":true,"href":"https:\/\/www.europesays.com\/es\/wp-json\/wp\/v2\/media\/261776"}],"wp:attachment":[{"href":"https:\/\/www.europesays.com\/es\/wp-json\/wp\/v2\/media?parent=261775"}],"wp:term":[{"taxonomy":"category","embeddable":true,"href":"https:\/\/www.europesays.com\/es\/wp-json\/wp\/v2\/categories?post=261775"},{"taxonomy":"post_tag","embeddable":true,"href":"https:\/\/www.europesays.com\/es\/wp-json\/wp\/v2\/tags?post=261775"}],"curies":[{"name":"wp","href":"https:\/\/api.w.org\/{rel}","templated":true}]}}