{"id":261777,"date":"2025-11-29T08:56:09","date_gmt":"2025-11-29T08:56:09","guid":{"rendered":"https:\/\/www.europesays.com\/es\/261777\/"},"modified":"2025-11-29T08:56:09","modified_gmt":"2025-11-29T08:56:09","slug":"la-diputacion-de-sevilla-presente-en-la-x-gala-benefica-de-la-asociacion-pulseras-rosas","status":"publish","type":"post","link":"https:\/\/www.europesays.com\/es\/261777\/","title":{"rendered":"La Diputaci\u00f3n de Sevilla, presente en la X Gala ben\u00e9fica de la Asociaci\u00f3n Pulseras Rosas"},"content":{"rendered":"<p>El vicepresidente de Prodetur, Rodrigo Rodr\u00edguez Hans, particip\u00f3 en la X Gala Ben\u00e9fica de la Asociaci\u00f3n Pulseras Rosas, celebrada en el restaurante Abades Triana. La Diputaci\u00f3n, a trav\u00e9s de Prodetur, \u00a0ha sido entidad colaboradora de la edici\u00f3n 2025 de este evento, una de las citas solidarias m\u00e1s consolidadas de la provincia y cuyo objetivo es recaudar fondos para apoyar a mujeres con c\u00e1ncer y en situaci\u00f3n de vulnerabilidad econ\u00f3mica.<\/p>\n<p>\u00a0 Rodrigo Rodr\u00edguez Hans traslad\u00f3 el respaldo de la Diputaci\u00f3n a la labor que desarrolla la asociaci\u00f3n desde 2012. Subray\u00f3 que Pulseras Rosas forma parte de un tejido asociativo \u201cm\u00e1s vivo que nunca\u201d, recordando que la entidad es una de las beneficiarias de la\u00a0 Convocatoria de Subvenciones 2025 que la Diputaci\u00f3n destina \u00a0a proyectos sociales y culturales promovidos por entidades sin \u00e1nimo de lucro de la provincia, y que est\u00e1 dotada con tres millones de euros.<\/p>\n<p>\u00a0\u00a0 Rodr\u00edguez Hans destac\u00f3 que la Diputaci\u00f3n considera un motivo de satisfacci\u00f3n comprobar c\u00f3mo estas ayudas contribuyen a fortalecer iniciativas que ponen \u201ccoraz\u00f3n, esfuerzo y dedicaci\u00f3n en acompa\u00f1ar a quienes m\u00e1s lo necesitan\u201d. Asimismo, se\u00f1al\u00f3 que Prodetur quiso estar presente en esta gala porque su compromiso es estar all\u00ed \u201cdonde el talento, la creatividad y la solidaridad se encuentran para construir una sociedad m\u00e1s fuerte\u201d, subrayando la responsabilidad social como una herramienta transformadora capaz de generar oportunidades y reforzar el tejido social.<\/p>\n<p>\u00a0Desde 2012, Pulseras Rosas desarrolla dos iniciativas que se han convertido en referentes de apoyo a mujeres con c\u00e1ncer: \u201cTu Pelo Vale un Tesoro\u201d, dedicada a la donaci\u00f3n de pelucas a mujeres sin recursos, y \u201cAcompa\u00f1ados\u201d, un programa de acompa\u00f1amiento psicol\u00f3gico y grupal para mujeres en tratamiento oncol\u00f3gico. Ambos proyectos cuentan con un creciente respaldo social y empresarial, y han logrado una notable visibilidad en medios y redes.<\/p>\n","protected":false},"excerpt":{"rendered":"El vicepresidente de Prodetur, Rodrigo Rodr\u00edguez Hans, particip\u00f3 en la X Gala Ben\u00e9fica de la Asociaci\u00f3n Pulseras Rosas,&hellip;\n","protected":false},"author":2,"featured_media":261778,"comment_status":"","ping_status":"","sticky":false,"template":"","format":"standard","meta":{"footnotes":""},"categories":[5],"tags":[17,18,25,24,13,14,11,19,20,9,10,15,16,23,12,21,22],"class_list":{"0":"post-261777","1":"post","2":"type-post","3":"status-publish","4":"format-standard","5":"has-post-thumbnail","7":"category-titulares","8":"tag-breaking-news","9":"tag-breakingnews","10":"tag-es","11":"tag-espana","12":"tag-featured-news","13":"tag-featurednews","14":"tag-headlines","15":"tag-latest-news","16":"tag-latestnews","17":"tag-news","18":"tag-noticias","19":"tag-noticias-destacadas","20":"tag-noticiasdestacadas","21":"tag-spain","22":"tag-titulares","23":"tag-ultimas-noticias","24":"tag-ultimasnoticias"},"share_on_mastodon":{"url":"https:\/\/pubeurope.com\/@es\/115632156406479365","error":""},"_links":{"self":[{"href":"https:\/\/www.europesays.com\/es\/wp-json\/wp\/v2\/posts\/261777","targetHints":{"allow":["GET"]}}],"collection":[{"href":"https:\/\/www.europesays.com\/es\/wp-json\/wp\/v2\/posts"}],"about":[{"href":"https:\/\/www.europesays.com\/es\/wp-json\/wp\/v2\/types\/post"}],"author":[{"embeddable":true,"href":"https:\/\/www.europesays.com\/es\/wp-json\/wp\/v2\/users\/2"}],"replies":[{"embeddable":true,"href":"https:\/\/www.europesays.com\/es\/wp-json\/wp\/v2\/comments?post=261777"}],"version-history":[{"count":0,"href":"https:\/\/www.europesays.com\/es\/wp-json\/wp\/v2\/posts\/261777\/revisions"}],"wp:featuredmedia":[{"embeddable":true,"href":"https:\/\/www.europesays.com\/es\/wp-json\/wp\/v2\/media\/261778"}],"wp:attachment":[{"href":"https:\/\/www.europesays.com\/es\/wp-json\/wp\/v2\/media?parent=261777"}],"wp:term":[{"taxonomy":"category","embeddable":true,"href":"https:\/\/www.europesays.com\/es\/wp-json\/wp\/v2\/categories?post=261777"},{"taxonomy":"post_tag","embeddable":true,"href":"https:\/\/www.europesays.com\/es\/wp-json\/wp\/v2\/tags?post=261777"}],"curies":[{"name":"wp","href":"https:\/\/api.w.org\/{rel}","templated":true}]}}