{"id":261781,"date":"2025-11-29T09:07:09","date_gmt":"2025-11-29T09:07:09","guid":{"rendered":"https:\/\/www.europesays.com\/es\/261781\/"},"modified":"2025-11-29T09:07:09","modified_gmt":"2025-11-29T09:07:09","slug":"10-anos-de-faceless-exito-internacional-y-apertura-de-estudio-en-carabanchel","status":"publish","type":"post","link":"https:\/\/www.europesays.com\/es\/261781\/","title":{"rendered":"10 a\u00f1os de &#8216;Faceless&#8217;, \u00e9xito internacional y apertura de estudio en Carabanchel"},"content":{"rendered":"\n<p> Diez a\u00f1os despu\u00e9s de pintar sus primeros<strong> &#8216;Faceless&#8217; <\/strong>y recorrer el mundo \u2014de Madrid a Miami, de Los \u00c1ngeles a Hong Kong, de Londres a Queensland pasando por Par\u00eds\u2014, <strong>Coco D\u00e1vez, <\/strong>alter ego de<strong> Valeria Jim\u00e9nez Palmeiro <\/strong>(Madrid, 1989), ha decidido que<strong> era el momento de volver a casa. <\/strong>La artista inaugura estos d\u00edas su nuevo estudio en el barrio de <strong>Carabanchel<\/strong> \u2014tambi\u00e9n conocido como Artbanchel, a tenor de la concentraci\u00f3n de artistas por metro cuadrado\u2014 y presenta la que define como su exposici\u00f3n m\u00e1s personal, una celebraci\u00f3n de una d\u00e9cada dedicada a la <strong>adorable serie de retratos de celebridades <\/strong>que se han convertido en su principal se\u00f1a de identidad. <\/p>\n<p> Durante este tiempo, las obras de Coco D\u00e1vez han viajado por medio mundo, <strong>enlazando galer\u00edas y ferias internacionales. <\/strong>Ella misma reconoce que, en ocasiones, <strong>sus cuadros se han movido m\u00e1s que su propia autora. <\/strong>La idea de reunir una selecci\u00f3n de &#8216;Faceless&#8217; en Madrid tiene algo de deuda pendiente con su ciudad y con su propio proceso creativo. <\/p>\n<p> La muestra, compuesta por <strong>36 retratos<\/strong>, se inaugur\u00f3 este jueves 27 de noviembre de 2025 con <strong>un vernissage lleno de buenos amigos,<\/strong> algunos adscritos al rango celebridad. Por all\u00ed vimos a<strong> Leonor Watling, <\/strong>Gustavo Salmer\u00f3n, <strong>Borja Luna, <\/strong>Luc\u00eda Carballal,<strong> Esther Garc\u00eda Llovet,<\/strong> a la gente de Burr Studio,<strong> Alberto Ruffoni,<\/strong> \u00d3scar Campillo,<strong> Marta Caparr\u00f3s, <\/strong>Ignacio Lobera o<strong> Sat\u00edn Greco, <\/strong>entre otros. A partir de ya, la exposici\u00f3n queda abierta al p\u00fablico a trav\u00e9s de pases privados a los que <a href=\"https:\/\/www.cocodavez.com\/#\/faceless\/\" target=\"_self\" rel=\"nofollow noopener\">se llega a trav\u00e9s de este link.<\/a> <\/p>\n<p>                                             10 a\u00f1os de &#8216;Faceless&#8217; y amigos. (Cortes\u00eda)             <\/p>\n<p> D\u00e1vez nos cont\u00f3 que lleg\u00f3 a plantearse crear obra nueva para esta ocasi\u00f3n, pero acab\u00f3 imponi\u00e9ndose otra l\u00f3gica:<strong> rescatar piezas dispersas por el mundo y traerlas f\u00edsicamente de vuelta. <\/strong>Cada cuadro marca una etapa distinta y el conjunto funciona como una especie de<strong> diario visual de estos diez a\u00f1os.<\/strong> <\/p>\n<p>                                                                           10 a\u00f1os de &#8216;Faceless&#8217; y amigos. (Cortes\u00eda)             <\/p>\n<p> En ese proceso ha habido incluso alg\u00fan sobresalto. <strong>Durante el montaje descubrieron que faltaban dos obras. <\/strong>Una de ellas se ha localizado en Londres y llegar\u00e1 a Madrid a principios de diciembre. De la otra, de momento, no hay rastro. No saben si se perdi\u00f3 por el camino, si se desvi\u00f3 de destino o si qued\u00f3 olvidada en alg\u00fan almac\u00e9n. <strong>La exposici\u00f3n, <\/strong>en cualquier caso,<strong> est\u00e1 viva:<\/strong> puede haber peque\u00f1os cambios a medida que se incorporen piezas o se vendan algunos trabajos y sus nuevos due\u00f1os decidan llev\u00e1rselos antes del cierre. <\/p>\n<p>                                                                           10 a\u00f1os de &#8216;Faceless&#8217; y amigos. (Cortes\u00eda)             <\/p>\n<p> <strong>El otro gran protagonista de esta etapa es el propio estudio. <\/strong>Se trata de una nave industrial reformada por el estudio de arquitectura Burr, que ha convertido el espacio en <strong>un taller funcional<\/strong> y, al mismo tiempo, en<strong> <\/strong>un lugar <strong>preparado para recibir gente. <\/strong>La decisi\u00f3n de mudarse lleg\u00f3 cuando el antiguo casero de D\u00e1vez en Las Salesas le anunci\u00f3 que iba a vender el local. A partir de ah\u00ed comenz\u00f3 una <strong>b\u00fasqueda de siete meses, <\/strong>hasta que encontr\u00f3 un anuncio de Carabanchel donde apenas se ve\u00eda una pared y una luz entrando por una ventana. Le bast\u00f3 para ir a verlo y decidirse. <\/p>\n<p>                                                            10 a\u00f1os de &#8216;Faceless&#8217; y amigos. (Cortes\u00eda)             <\/p>\n<p> La reforma ha durado un a\u00f1o y el resultado es <strong>un espacio pensado<\/strong> para trabajar, pero tambi\u00e9n <strong>para que pasen cosas. <\/strong>Coco D\u00e1vez quiere grabar all\u00ed su p\u00f3dcast, <strong>&#8216;Participantes para un delirio&#8217;, <\/strong>con la posibilidad de hacer episodios con p\u00fablico. Tambi\u00e9n <strong>planea recuperar sus talleres<\/strong> e impartirlos, por primera vez, en su propio lugar de trabajo. Habla de organizar desayunos con visitas guiadas, abrir los procesos de &#8216;Faceless&#8217;, ense\u00f1ar bocetos, mostrar piezas que nunca se han expuesto y <strong>continuar con sus mentor\u00edas,<\/strong> tanto grupales como individuales. <\/p>\n<p> Dicho todo esto, qu\u00e9 felices estamos de haberle comprado un <strong>Yves Saint Laurent<\/strong> a Coco D\u00e1vez hace nueve a\u00f1os.<strong> Nos encanta la palabra revalorizaci\u00f3n.<\/strong> <\/p>\n<p> Diez a\u00f1os despu\u00e9s de pintar sus primeros<strong> &#8216;Faceless&#8217; <\/strong>y recorrer el mundo \u2014de Madrid a Miami, de Los \u00c1ngeles a Hong Kong, de Londres a Queensland pasando por Par\u00eds\u2014, <strong>Coco D\u00e1vez, <\/strong>alter ego de<strong> Valeria Jim\u00e9nez Palmeiro <\/strong>(Madrid, 1989), ha decidido que<strong> era el momento de volver a casa. <\/strong>La artista inaugura estos d\u00edas su nuevo estudio en el barrio de <strong>Carabanchel<\/strong> \u2014tambi\u00e9n conocido como Artbanchel, a tenor de la concentraci\u00f3n de artistas por metro cuadrado\u2014 y presenta la que define como su exposici\u00f3n m\u00e1s personal, una celebraci\u00f3n de una d\u00e9cada dedicada a la <strong>adorable serie de retratos de celebridades <\/strong>que se han convertido en su principal se\u00f1a de identidad. <\/p>\n","protected":false},"excerpt":{"rendered":"Diez a\u00f1os despu\u00e9s de pintar sus primeros &#8216;Faceless&#8217; y recorrer el mundo \u2014de Madrid a Miami, de Los&hellip;\n","protected":false},"author":2,"featured_media":261782,"comment_status":"","ping_status":"","sticky":false,"template":"","format":"standard","meta":{"footnotes":""},"categories":[173],"tags":[229,233,231,230,232,234,146,147,25,24,23],"class_list":{"0":"post-261781","1":"post","2":"type-post","3":"status-publish","4":"format-standard","5":"has-post-thumbnail","7":"category-arte-y-diseno","8":"tag-arte","9":"tag-arte-y-diseno","10":"tag-arts","11":"tag-arts-and-design","12":"tag-design","13":"tag-diseno","14":"tag-entertainment","15":"tag-entretenimiento","16":"tag-es","17":"tag-espana","18":"tag-spain"},"share_on_mastodon":{"url":"https:\/\/pubeurope.com\/@es\/115632199625180667","error":""},"_links":{"self":[{"href":"https:\/\/www.europesays.com\/es\/wp-json\/wp\/v2\/posts\/261781","targetHints":{"allow":["GET"]}}],"collection":[{"href":"https:\/\/www.europesays.com\/es\/wp-json\/wp\/v2\/posts"}],"about":[{"href":"https:\/\/www.europesays.com\/es\/wp-json\/wp\/v2\/types\/post"}],"author":[{"embeddable":true,"href":"https:\/\/www.europesays.com\/es\/wp-json\/wp\/v2\/users\/2"}],"replies":[{"embeddable":true,"href":"https:\/\/www.europesays.com\/es\/wp-json\/wp\/v2\/comments?post=261781"}],"version-history":[{"count":0,"href":"https:\/\/www.europesays.com\/es\/wp-json\/wp\/v2\/posts\/261781\/revisions"}],"wp:featuredmedia":[{"embeddable":true,"href":"https:\/\/www.europesays.com\/es\/wp-json\/wp\/v2\/media\/261782"}],"wp:attachment":[{"href":"https:\/\/www.europesays.com\/es\/wp-json\/wp\/v2\/media?parent=261781"}],"wp:term":[{"taxonomy":"category","embeddable":true,"href":"https:\/\/www.europesays.com\/es\/wp-json\/wp\/v2\/categories?post=261781"},{"taxonomy":"post_tag","embeddable":true,"href":"https:\/\/www.europesays.com\/es\/wp-json\/wp\/v2\/tags?post=261781"}],"curies":[{"name":"wp","href":"https:\/\/api.w.org\/{rel}","templated":true}]}}