{"id":261783,"date":"2025-11-29T09:09:14","date_gmt":"2025-11-29T09:09:14","guid":{"rendered":"https:\/\/www.europesays.com\/es\/261783\/"},"modified":"2025-11-29T09:09:14","modified_gmt":"2025-11-29T09:09:14","slug":"de-que-va-sira-la-secuela-de-el-tiempo-entre-costuras-con-adriana-ugarte-que-llega-a-antena-3","status":"publish","type":"post","link":"https:\/\/www.europesays.com\/es\/261783\/","title":{"rendered":"De qu\u00e9 va &#8216;Sira&#8217;, la secuela de &#8216;El tiempo entre costuras&#8217; con Adriana Ugarte que llega a Antena 3"},"content":{"rendered":"<p><a class=\"v-mdl-ath__fig-a\" href=\"https:\/\/www.lasprovincias.es\/autor\/tamara-villena-3279.html\" title=\"Tamara Villena\" rel=\"nofollow noopener\" target=\"_blank\"><br \/>\n<img decoding=\"async\" class=\"v-mdl-ath__img\" src=\"https:\/\/www.europesays.com\/es\/wp-content\/uploads\/2025\/09\/1757147648_165_autor-3279-foto-2.jpeg\" alt=\"Tamara Villena\"\/><br \/>\n<\/a><\/p>\n<p class=\"v-mdl-ath__p v-mdl-ath__p--6\">\nS\u00e1bado, 29 de noviembre 2025, 01:15<\/p>\n<p class=\"v-p\"><a href=\"https:\/\/www.lasprovincias.es\/culturas\/tv\/dabiz-munoz-duda-hormiguero-escoge-receta-tradicional-20251127225050-nt.html\" data-voc-vtm-id=\"in-text-traffic\" title=\"Atresmedia \" rel=\"nofollow noopener\" target=\"_blank\">Atresmedia <\/a>recupera uno de sus grandes \u00e9xitos, una ficci\u00f3n que consigui\u00f3 conquistar al p\u00fablico y mantener una audiencia fiel que, previsiblemente, est\u00e1ra pendiente de tambi\u00e9n de su nueva producci\u00f3n: &#8216;Sira&#8217;, la secuela de &#8216;El tiempo entre costuras&#8217; que ocupar\u00e1 el prime time de <a href=\"https:\/\/www.lasprovincias.es\/culturas\/tv\/error-pablo-motos-llevado-arrancar-hormiguero-pidiendo-20251124225953-nt.html\" data-voc-vtm-id=\"in-text-traffic\" title=\"Antena 3\" rel=\"nofollow noopener\" target=\"_blank\">Antena 3<\/a>. La serie estar\u00e1 protagonizada por Adriana Ugarte, que recupera su papel como Sira Quiroga, en una historia que los espectadores podr\u00e1n ver en exclusiva en atresplayer antes de su estreno en la peque\u00f1a pantalla y que est\u00e1 inspirada en la novela hom\u00f3nima de Mar\u00eda Due\u00f1as. <\/p>\n<p class=\"v-p\">La producci\u00f3n promete transportar de nuevo a los espectadores a un viaje lleno de emoci\u00f3n, intriga, moda y aventura a trav\u00e9s de un momento hist\u00f3rico apasionante: el fin de la Segunda Guerra Mundial. En esta nueva etapa, Sira se enfrenta a un mundo en plena posguerra, donde deber\u00e1 reinventarse una vez m\u00e1s para sobrevivir. Desde Jerusal\u00e9n hasta Londres o Madrid, la protagonista se ver\u00e1 envuelta en un entramado de secretos y misiones que pondr\u00e1n a prueba su inteligencia, su valent\u00eda y su coraz\u00f3n.<\/p>\n<p class=\"v-p\">El rodaje de &#8216;Sira&#8217; tendr\u00e1 lugar en distintas localizaciones nacionales e internacionales que recrear\u00e1n los escenarios hist\u00f3ricos en los que transcurre la trama; como Madrid, Bizkaia y Marruecos. La ficci\u00f3n combinar\u00e1 de nuevo drama, romance y espionaje y mantendr\u00e1 la cuidada ambientaci\u00f3n que caracteriz\u00f3 a &#8216;El tiempo entre costuras&#8217;. <\/p>\n<p><a href=\"http:\/\/www.lasprovincias.es\/pantallas\/series\/series-estrenan-fin-semana-diciembre-noviembre-netflix-filmin-movistar-20251126151114-ntrc.html#vtm_modulosEngag=mod-rel:culturas:noticia:1:cmp:1-not\" class=\"v-a-link\" aria-label=\"Imagen\" rel=\"nofollow noopener\" target=\"_blank\"><\/p>\n<p><img decoding=\"async\" loading=\"lazy\" src=\"https:\/\/www.europesays.com\/es\/wp-content\/uploads\/2025\/11\/hijas-criada-kvQB--366x256@RC.jpg\" class=\"v-a-img\" width=\"258\" height=\"180\" alt=\"\" data-voc-vtm-id=\"in-text-traffic\"\/><\/p>\n<p><\/a><\/p>\n<p class=\"v-p\">Adem\u00e1s de Adriana Ugarte, retoman sus papeles Peter Vives, Rub\u00e9n Cortada, Carlos Santos, Carlos Olalla y Francesc Garrido. El elenco se completa con las colaboraciones especiales de Elvira M\u00ednguez, Dar\u00edo Grandinetti y Cecilia Su\u00e1rez, adem\u00e1s de con incorporaciones internacionales como Jeremy Neumark Jones, Borja Luna, Orla O&#8217;Leary, Kathleen Gati, Melina Mathews, Sharon Mann Y Sue Flack. <\/p>\n<p class=\"v-p\">&#8216;Sira&#8217; es una producci\u00f3n original de Buend\u00eda Estudios con la participaci\u00f3n de Atresmedia y Netflix. Montse Garc\u00eda es la directora de ficci\u00f3n de Atresmedia, y la producci\u00f3n ejecutiva corre a cargo de Sonia Mart\u00ednez y Paloma Molina, mientras que Mar\u00eda Due\u00f1as ejerce como productora ejecutiva creativa. La adaptaci\u00f3n literaria es de Tatiana Rodr\u00edguez con la coordinaci\u00f3n de guion de Irene Rodr\u00edguez, que lo ha escrito junto a Alba Luc\u00edo y Flora Gonz\u00e1lez, mientras que la direcci\u00f3n corre a cargo de Marina Seresesky y Olga Osorio.<\/p>\n<p>Reporta un error<\/p>\n","protected":false},"excerpt":{"rendered":"S\u00e1bado, 29 de noviembre 2025, 01:15 Atresmedia recupera uno de sus grandes \u00e9xitos, una ficci\u00f3n que consigui\u00f3 conquistar&hellip;\n","protected":false},"author":2,"featured_media":261784,"comment_status":"","ping_status":"","sticky":false,"template":"","format":"standard","meta":{"footnotes":""},"categories":[171],"tags":[162,151,161,146,147,25,24,5012,10751,157,155,23,159,214,163],"class_list":{"0":"post-261783","1":"post","2":"type-post","3":"status-publish","4":"format-standard","5":"has-post-thumbnail","7":"category-tv","8":"tag-adriana","9":"tag-atresmedia","10":"tag-costuras","11":"tag-entertainment","12":"tag-entretenimiento","13":"tag-es","14":"tag-espana","15":"tag-llega","16":"tag-protagonizada","17":"tag-secuela","18":"tag-sira","19":"tag-spain","20":"tag-tiempo","21":"tag-tv","22":"tag-ugarte"},"share_on_mastodon":{"url":"https:\/\/pubeurope.com\/@es\/115632208240909350","error":""},"_links":{"self":[{"href":"https:\/\/www.europesays.com\/es\/wp-json\/wp\/v2\/posts\/261783","targetHints":{"allow":["GET"]}}],"collection":[{"href":"https:\/\/www.europesays.com\/es\/wp-json\/wp\/v2\/posts"}],"about":[{"href":"https:\/\/www.europesays.com\/es\/wp-json\/wp\/v2\/types\/post"}],"author":[{"embeddable":true,"href":"https:\/\/www.europesays.com\/es\/wp-json\/wp\/v2\/users\/2"}],"replies":[{"embeddable":true,"href":"https:\/\/www.europesays.com\/es\/wp-json\/wp\/v2\/comments?post=261783"}],"version-history":[{"count":0,"href":"https:\/\/www.europesays.com\/es\/wp-json\/wp\/v2\/posts\/261783\/revisions"}],"wp:featuredmedia":[{"embeddable":true,"href":"https:\/\/www.europesays.com\/es\/wp-json\/wp\/v2\/media\/261784"}],"wp:attachment":[{"href":"https:\/\/www.europesays.com\/es\/wp-json\/wp\/v2\/media?parent=261783"}],"wp:term":[{"taxonomy":"category","embeddable":true,"href":"https:\/\/www.europesays.com\/es\/wp-json\/wp\/v2\/categories?post=261783"},{"taxonomy":"post_tag","embeddable":true,"href":"https:\/\/www.europesays.com\/es\/wp-json\/wp\/v2\/tags?post=261783"}],"curies":[{"name":"wp","href":"https:\/\/api.w.org\/{rel}","templated":true}]}}