{"id":261785,"date":"2025-11-29T09:11:18","date_gmt":"2025-11-29T09:11:18","guid":{"rendered":"https:\/\/www.europesays.com\/es\/261785\/"},"modified":"2025-11-29T09:11:18","modified_gmt":"2025-11-29T09:11:18","slug":"me-propuse-rescatar-destellos-de-belleza-en-medio-de-un-ambiente-muy-hostil","status":"publish","type":"post","link":"https:\/\/www.europesays.com\/es\/261785\/","title":{"rendered":"Me propuse rescatar destellos de belleza en medio de un ambiente muy hostil"},"content":{"rendered":"<p class=\"ft-text ft-helper-closenews\"><strong>Paolo Tiz\u00f3n<\/strong> (Lima, 1995) <strong>compite en el <\/strong><a class=\"ft-link ft-link--decoration\" href=\"https:\/\/www.diariodemallorca.es\/cultura\/2025\/11\/11\/majordocs-presenta-programacion-completa-septima-dv-123598636.html\" rel=\"nofollow noopener\" target=\"_blank\"><strong>festival MajorDocs<\/strong><\/a><strong> con el documental <\/strong><strong>Vino la noche<\/strong>. La pel\u00edcula sigue<strong> la dura preparaci\u00f3n de unos j\u00f3venes para convertirse en soldados de \u00e9lite de la Fuerza A\u00e9rea de Per\u00fa<\/strong>. Al director le interesaba entenderlos, \u201cporque es una decisi\u00f3n radical\u201d. Para su rodaje, consigui\u00f3 permiso para acceder a las instalaciones militares, dormir en el cuartel y seguir el entrenamiento de estos chicos muy de cerca, hasta tal punto que Tiz\u00f3n a\u00fan mantiene amistad con ellos. Esta es su \u00f3pera prima que ha recibido premios en otros festivales.<\/p>\n<p class=\"ft-text\"><strong>\u00bfQu\u00e9 fue lo m\u00e1s dif\u00edcil de hacer este documental?<\/strong><\/p>\n<p class=\"ft-text\">Adem\u00e1s de conseguir los permisos de las instituciones para poder entrar a un cuartel, creo que una de las cosas m\u00e1s dif\u00edciles fue ganarnos la confianza tambi\u00e9n de los personajes, a la vez que los mir\u00e1bamos con respeto y con cari\u00f1o. Es una profesi\u00f3n que est\u00e1 bastante estigmatizada y son instituciones bastante controversiales, que con Justicia tienen una relaci\u00f3n tensa en Per\u00fa y en distintos pa\u00edses. Y quer\u00edamos, sin descuidar esa mirada cr\u00edtica hacia la instituci\u00f3n, acercarnos a las personas que eran parte de esto.<\/p>\n<p><img decoding=\"async\" src=\"https:\/\/www.europesays.com\/es\/wp-content\/uploads\/2025\/11\/4c83438e-903f-4b4b-bc85-681bb79dc331_alta-libre-aspect-ratio_default_0.jpg\" width=\"1200\" height=\"800\" alt=\"PALMA, MAJORDOCS, ENTREVISTA AL DIRECTOR DE CINE PAOLO TIZ\u00d3N, CUYA PEL\u00cdCULA COMPITE\" class=\"ft-helper-img-rd\" loading=\"lazy\"\/><\/p>\n<p class=\"ft-helper-fontColor-quaternary ft-helper-fontSize-body-S ft-helper-spacer-t-xxs\">Paolo Tiz\u00f3n, durante la entrevista, en el marco de MajorDocs.  \/ B.RAMON<\/p>\n<p class=\"ft-text\"><strong>\u00bfC\u00f3mo surgi\u00f3 la pel\u00edcula?<\/strong><\/p>\n<p class=\"ft-text\">La motivaci\u00f3n viene un poco porque en Per\u00fa, en general en Latinoam\u00e9rica, las instituciones armadas en la historia moderna han estado muy presentes, muchas veces con episodios terribles, periodos de violencia muy \u00e1lgidos. Y hasta ahora son instituciones que han permeado mucho la cultura peruana. Por otro lado, mi padre es oficial en retiro de la Fuerza A\u00e9rea. Y cuando eres ni\u00f1o y tu padre tiene una profesi\u00f3n como esa, hay una especie de velo de misterio, porque en casa tratan de protegerte un poco de lo que ocurre. A veces ese velo de misterio provoca la pregunta de qui\u00e9n es \u00e9l. Es alguien que en casa est\u00e1 muy presente, es muy afectuoso, pero tiene esta otra dimensi\u00f3n desconocida para m\u00ed, o conocida a medias, en el trabajo, que exige una dureza y hasta una violencia tambi\u00e9n por momentos.<\/p>\n<p class=\"ft-text\"><strong>\u00bfQu\u00e9 le ha dicho su padre del documental? <\/strong><\/p>\n<p class=\"ft-text\">\u00c9l me ha dejado trabajar con mucha libertad. \u00c9l esperaba quiz\u00e1s otro documental, un poco hacia el lado m\u00e1s heroico y glorificador, y la peli no es eso. Pero aun as\u00ed, creo que le gust\u00f3 la pel\u00edcula. Y est\u00e1 feliz por m\u00ed tambi\u00e9n.<\/p>\n<p class=\"ft-text\"><strong>\u00bfC\u00f3mo logr\u00f3 esa intimidad con los soldados? <\/strong><\/p>\n<p class=\"ft-text\">Yo creo que ah\u00ed el tiempo es un factor clave. No puedes filmar e irte a casa. Nosotros desarrollamos una relaci\u00f3n con ellos y muchos de ellos son mis amigos hasta ahora. Logramos mudarnos al cuartel y dorm\u00edamos a dos metros de ellos. Tambi\u00e9n la diferencia de edad no era mucha, eso ayudaba, porque ellos ten\u00edan 19, 22 a\u00f1os y yo ten\u00eda 25 cuando la film\u00e9. Era un chico m\u00e1s, como tratando de hacer mi primera pel\u00edcula y ellos tambi\u00e9n tratando de cumplir su sue\u00f1o de ser comandos.<\/p>\n<p><img decoding=\"async\" src=\"https:\/\/www.europesays.com\/es\/wp-content\/uploads\/2025\/11\/70916c8b-211c-4184-bc47-c3b6d50b94ba_alta-libre-aspect-ratio_default_0.jpg\" width=\"1200\" height=\"800\" alt=\"El director ha trabajado varios a\u00f1os en su primer documental.\" class=\"ft-helper-img-rd\" loading=\"lazy\"\/><\/p>\n<p class=\"ft-helper-fontColor-quaternary ft-helper-fontSize-body-S ft-helper-spacer-t-xxs\">El director ha trabajado varios a\u00f1os en su primer documental.  \/ B.RAMON<\/p>\n<p class=\"ft-text\"><strong>\u00bfTuvo que interferir mucho o dar instrucciones a los chicos?<\/strong><\/p>\n<p class=\"ft-text\">S\u00ed, les dimos algunas instrucciones. Por ejemplo, cuando ellos a veces me contaban cosas a m\u00ed o a la c\u00e1mara, les propon\u00eda que se lo contasen a su compa\u00f1ero. Y tambi\u00e9n fue un proceso de observar y pensar cu\u00e1les son los temas que se repiten. Hay una preocupaci\u00f3n por la muerte muy frecuente, por el trabajo que han elegido. Y por otro lado, hay una preocupaci\u00f3n por el tema amoroso, porque son muy j\u00f3venes y est\u00e1n ah\u00ed pensando en chicas. Y la familia tambi\u00e9n.<\/p>\n<p class=\"ft-text\"><strong>Hay momentos de la pel\u00edcula que son muy luminosos.<\/strong><\/p>\n<p class=\"ft-text\">S\u00ed, eso fue algo que me propuse tambi\u00e9n, en un ambiente tan violento como un cuartel, un entrenamiento de fuerzas especiales, tratar de rescatar algunos peque\u00f1os destellos de belleza, de cosas po\u00e9ticas en medio de un ambiente muy hostil.<\/p>\n<p class=\"ft-text\"><strong>\u00bfQu\u00e9 fue lo que le impresion\u00f3 m\u00e1s?<\/strong><\/p>\n<p class=\"ft-text\">El nivel de violencia en el entrenamiento. Sab\u00eda que era duro, pero otra cosa es vivirlo con tu propio cuerpo. Y me acuerdo que hab\u00eda momentos donde yo ya era amigo de los chicos que estaban entrenando y reaccionaba tambi\u00e9n corporalmente. Recuerdo que me dieron n\u00e1useas en un momento, la primera vez que me enfrent\u00e9 a eso. Y ah\u00ed yo pens\u00e9, \u00bfqu\u00e9 estamos haciendo?<\/p>\n<p class=\"ft-text\"><strong>\u00bfPor qu\u00e9 se alistan estos j\u00f3venes? <\/strong><\/p>\n<p class=\"ft-text\">Hay motivos diversos, el tema del padre tambi\u00e9n es bastante importante: el padre no pudo ser militar y el hijo est\u00e1 viviendo el sue\u00f1o del padre. Algunos ten\u00edan padres que ven\u00edan de ser militares, entonces ellos tambi\u00e9n. Para algunos, y esta raz\u00f3n me parece poderosa, es una forma de subsistencia econ\u00f3mica. Recuerdo que uno me dec\u00eda que su opci\u00f3n era robar motos o enlistarse en la Fuerza A\u00e9rea.<\/p>\n<p><img decoding=\"async\" src=\"https:\/\/www.europesays.com\/es\/wp-content\/uploads\/2025\/11\/fc985446-9296-4251-a549-48f466a00325_alta-libre-aspect-ratio_default_0.jpg\" width=\"1200\" height=\"800\" alt=\"El padre de Tiz\u00f3n es un militar retirado, pero el director asegura que le ha dejado total libertad para trabajar.\" class=\"ft-helper-img-rd\" loading=\"lazy\"\/><\/p>\n<p class=\"ft-helper-fontColor-quaternary ft-helper-fontSize-body-S ft-helper-spacer-t-xxs\">El padre de Tiz\u00f3n es un militar retirado, pero el director asegura que le ha dejado total libertad para trabajar.  \/ B.RAMON<\/p>\n<p class=\"ft-text\"><strong>\u00bfPor qu\u00e9 le interesa el universo masculino?<\/strong><\/p>\n<p class=\"ft-text\">No s\u00e9, hay una intimidad que se construye en los grupos de solo hombres, o en Per\u00fa al menos. Se cuentan, se tratan unos a otros de una forma que no ocurre cuando est\u00e1 la mirada femenina que en algunos hombres tiene un peso. Entonces no hay eso, y tiene cosas muy lindas, como permitirse una vulnerabilidad, pero tambi\u00e9n puede tener complicidades, apa\u00f1amientos o lealtades que encubren cosas m\u00e1s oscuras.<\/p>\n<p class=\"ft-text\"><strong>Recuerda a la amistad que hay entre ni\u00f1os&#8230;<\/strong><\/p>\n<p class=\"ft-text\">S\u00ed, s\u00ed, eso es una estrategia tambi\u00e9n para sobrevivir a ese ambiente tan duro, agarrar a tu amigo, no lo vas a soltar y van a estar ah\u00ed juntos. Y se necesitan esos lazos de camarader\u00eda para sobrevivir a la instituci\u00f3n y luego para operar en combate tambi\u00e9n. Y s\u00ed, hay algo de lo juvenil, infantil por momentos, porque son chicos muy j\u00f3venes, est\u00e1n con las emociones a\u00fan en formaci\u00f3n, descubri\u00e9ndose.<\/p>\n<p data-close=\"closedContent\" class=\"subscribeHideForDisplay\">Suscr\u00edbete para seguir leyendo<\/p>\n","protected":false},"excerpt":{"rendered":"Paolo Tiz\u00f3n (Lima, 1995) compite en el festival MajorDocs con el documental Vino la noche. La pel\u00edcula sigue&hellip;\n","protected":false},"author":2,"featured_media":261786,"comment_status":"","ping_status":"","sticky":false,"template":"","format":"standard","meta":{"footnotes":""},"categories":[169],"tags":[177,209,411,57663,6084,146,8346,147,25,24,176,433,23480,175,17489,705,51799,23,65325,432],"class_list":{"0":"post-261785","1":"post","2":"type-post","3":"status-publish","4":"format-standard","5":"has-post-thumbnail","7":"category-cine","8":"tag-cine","9":"tag-cultura","10":"tag-director","11":"tag-director-de-cine","12":"tag-documental","13":"tag-entertainment","14":"tag-entrenamiento","15":"tag-entretenimiento","16":"tag-es","17":"tag-espana","18":"tag-film","19":"tag-jovenes","20":"tag-militares","21":"tag-movies","22":"tag-paolo","23":"tag-peru","24":"tag-propuse","25":"tag-spain","26":"tag-tizon","27":"tag-violencia"},"share_on_mastodon":{"url":"https:\/\/pubeurope.com\/@es\/115632217166479965","error":""},"_links":{"self":[{"href":"https:\/\/www.europesays.com\/es\/wp-json\/wp\/v2\/posts\/261785","targetHints":{"allow":["GET"]}}],"collection":[{"href":"https:\/\/www.europesays.com\/es\/wp-json\/wp\/v2\/posts"}],"about":[{"href":"https:\/\/www.europesays.com\/es\/wp-json\/wp\/v2\/types\/post"}],"author":[{"embeddable":true,"href":"https:\/\/www.europesays.com\/es\/wp-json\/wp\/v2\/users\/2"}],"replies":[{"embeddable":true,"href":"https:\/\/www.europesays.com\/es\/wp-json\/wp\/v2\/comments?post=261785"}],"version-history":[{"count":0,"href":"https:\/\/www.europesays.com\/es\/wp-json\/wp\/v2\/posts\/261785\/revisions"}],"wp:featuredmedia":[{"embeddable":true,"href":"https:\/\/www.europesays.com\/es\/wp-json\/wp\/v2\/media\/261786"}],"wp:attachment":[{"href":"https:\/\/www.europesays.com\/es\/wp-json\/wp\/v2\/media?parent=261785"}],"wp:term":[{"taxonomy":"category","embeddable":true,"href":"https:\/\/www.europesays.com\/es\/wp-json\/wp\/v2\/categories?post=261785"},{"taxonomy":"post_tag","embeddable":true,"href":"https:\/\/www.europesays.com\/es\/wp-json\/wp\/v2\/tags?post=261785"}],"curies":[{"name":"wp","href":"https:\/\/api.w.org\/{rel}","templated":true}]}}