{"id":261791,"date":"2025-11-29T09:14:10","date_gmt":"2025-11-29T09:14:10","guid":{"rendered":"https:\/\/www.europesays.com\/es\/261791\/"},"modified":"2025-11-29T09:14:10","modified_gmt":"2025-11-29T09:14:10","slug":"asi-se-construye-el-ritual-mas-exclusivo-de-paris","status":"publish","type":"post","link":"https:\/\/www.europesays.com\/es\/261791\/","title":{"rendered":"as\u00ed se construye el ritual m\u00e1s exclusivo de Par\u00eds"},"content":{"rendered":"<p data-gtm-element-container=\"modulo-texto-link\" class=\"paragraph\">En una era en la que Instagram nos ha convencido de que la moda es un territorio abierto, en la que cualquiera puede asomarse a la alta costura desde la pantalla del tel\u00e9fono, hay un ritual en Par\u00eds que funciona como recordatorio amable de que ciertas puertas nunca llegaron a abrirse del todo. El Baile de Debutantes, la ceremonia perfectamente coreografiada en la que diecinueve j\u00f3venes de familias influyentes cruzan un sal\u00f3n de la mano de un caballero designado, regresa esta noche al Shangri-La como si el tiempo fuese un accesorio prescindible.<\/p>\n<blockquote class=\"instagram-media\" data-instgrm-captioned=\"\" data-instgrm-version=\"6\" style=\"background: #FFF; border: 0; border-radius: 3px; box-shadow: 0 0 1px 0 rgba(0,&#10;0, 0, 0.5), 0 1px 10px 0 rgba(0, 0, 0, 0.15); margin: 1px; max-width: 658px; padding: 0;&#10;width: 99.375%; width: -webkit-calc(100% - 2px); width: calc(100% - 2px);\">\n<\/blockquote>\n<p data-gtm-element-container=\"modulo-texto-link\" class=\"paragraph\">Durante tres d\u00e9cadas, Oph\u00e9lie Renouard, la mujer detr\u00e1s de Le Bal, ha convertido esta tradici\u00f3n anglo-francesa en una coreograf\u00eda social donde las casas de moda ejercen influencia sin necesidad de focos ni pasarela. No hay front row, pero s\u00ed una lista de invitados que responde a la ecuaci\u00f3n conocida: linaje + filantrop\u00eda + alta costura. Renouard no dirige un evento social: administra un ecosistema.\u00a0<\/p>\n<p>Oph\u00e9lie Renouard ha convertido esta tradici\u00f3n en una coreograf\u00eda social donde las casas de moda ejercen influencia sin necesidad de focos ni pasarela<\/p>\n<p data-gtm-element-container=\"modulo-texto-link\" class=\"paragraph\">Nacida en Saig\u00f3n, formada en psicolog\u00eda en la Sorbonne y curtida en relaciones p\u00fablicas antes de apropiarse de este ritual parisino, ha transformado el antiguo debut aristocr\u00e1tico en una estructura cuidadosamente editada, donde la moda no \u201cbusca inspiraci\u00f3n\u201d, sino que verifica su propio orden: qu\u00e9 permanece, qu\u00e9 se matiza y qu\u00e9 conviene adaptar sin alterar la coreograf\u00eda principal. \u201cNo es un evento sobre clase social, sino sobre excelencia\u201d, asegur\u00f3 en 2017 en Vanity Fair Francia, una frase que repite desde hace a\u00f1os con la suavidad de quien sabe que las palabras tambi\u00e9n ordenan el escenario. En otra entrevista, esta vez en Air Mail, el medio cofundado por Graydon Carter, a\u00f1adi\u00f3: \u201cNunca busco la perfecci\u00f3n, busco la actitud\u201d. No es casual: para Renouard, el baile es menos una ceremonia que un espacio de observaci\u00f3n, donde cada gesto dice m\u00e1s del sistema que de la debutante.<\/p>\n<blockquote class=\"instagram-media\" data-instgrm-captioned=\"\" data-instgrm-version=\"6\" style=\"background: #FFF; border: 0; border-radius: 3px; box-shadow: 0 0 1px 0 rgba(0,&#10;0, 0, 0.5), 0 1px 10px 0 rgba(0, 0, 0, 0.15); margin: 1px; max-width: 658px; padding: 0;&#10;width: 99.375%; width: -webkit-calc(100% - 2px); width: calc(100% - 2px);\">\n<\/blockquote>\n<p data-gtm-element-container=\"modulo-texto-link\" class=\"paragraph\">Es ella quien elige a las protagonistas (una veintena de j\u00f3venes con biograf\u00edas transnacionales impecables) y quien decide c\u00f3mo deben presentarse: c\u00f3mo caminar, c\u00f3mo descender una escalera, c\u00f3mo sostener una mirada y con cu\u00e1nta firmeza. En sus primeros a\u00f1os, cuando el evento todav\u00eda no ten\u00eda el aura global que hoy exhibe, Renouard era m\u00e1s directa. En Town &amp; Country ha reconocido: \u201cAl principio hablaba demasiado. Aprend\u00ed que la discreci\u00f3n es parte del encanto\u201d. Entre esas primeras declaraciones hubo alguna frase que no envejeci\u00f3 bien, como cuando sugiri\u00f3 que prefer\u00eda \u201cj\u00f3venes que sepan comportarse en un sal\u00f3n\u201d, una observaci\u00f3n que muchos interpretaron como un desliz clasista m\u00e1s que como un requisito pr\u00e1ctico.\u00a0<\/p>\n<p data-gtm-element-container=\"modulo-texto-link\" class=\"paragraph\">La moda ocupa aqu\u00ed un lugar estructural. No se trata de vestir a las debutantes, sino de dramatizar un tipo de exclusividad que el mercado ya no puede vender con la misma\u00a0naturalidad. Dior, Carolina Herrera, Tony Ward, Schiaparelli, Vera Wang o Armani Priv\u00e9 no est\u00e1n aqu\u00ed para deslumbrar, sino para sostener una arquitectura. En Le Bal, la alta costura no act\u00faa como espect\u00e1culo, sino como engranaje: una forma de garantizar que la exclusividad no parezca un gesto, sino un estado permanente.<\/p>\n<p data-gtm-element-container=\"modulo-texto-link\" class=\"paragraph\">El qui\u00e9n es qui\u00e9n y el qui\u00e9n viste a qui\u00e9n de este a\u00f1o sirven, m\u00e1s que para alimentar curiosidad social, para entender las piruetas con las que Oph\u00e9lie Renouard construye su elenco. Eulalia de Orleans-Borb\u00f3n, estudiante de St. Andrews, llevar\u00e1 un Tony Ward; Carolina B. Lansing, nieta de Carolina Herrera, lucir\u00e1 una reinterpretaci\u00f3n de la primera colecci\u00f3n de la casa firmada por Wes Gordon; y Almudena Dailly de Orl\u00e9ans, ahijada del rey Juan Carlos, vestir\u00e1 Dior. Renouard suele decir que busca \u201cj\u00f3venes que representen lo mejor del mundo actual\u201d. En la pr\u00e1ctica, significa una mezcla de tradici\u00f3n, cosmopolitismo, genealog\u00edas reconocibles y, por qu\u00e9 no, celebridad.\u00a0<\/p>\n<p data-gtm-element-container=\"modulo-texto-link\" class=\"paragraph\">El resto del grupo dibuja un mapa del poder global seg\u00fan Par\u00eds. Jos\u00e9phine Haas ir\u00e1 de\u00a0Guo Pei; Jillian Chan, de Georges Hobeika; Lady Araminta Spencer-Churchill, de Armani Priv\u00e9; Eugenia de Hohenzollern, de Natan; Bronwyn Vance, de St\u00e9phane Rolland; Alice Wang, de Vera Wang. Un conjunto que no responde al azar: responde al casting exacto de Renouard, que ha dicho m\u00e1s de una vez que \u201ccada debutante debe encajar, no destacar\u201d. Esa frase, en la pr\u00e1ctica, anula la antigua l\u00f3gica del debut: ya no se trata de\u00a0sobresalir para atraer al mejor partido posible, sino de formar parte de un conjunto en el que todas cumplen y completan la misma funci\u00f3n.<\/p>\n<blockquote class=\"instagram-media\" data-instgrm-captioned=\"\" data-instgrm-version=\"6\" style=\"background: #FFF; border: 0; border-radius: 3px; box-shadow: 0 0 1px 0 rgba(0,&#10;0, 0, 0.5), 0 1px 10px 0 rgba(0, 0, 0, 0.15); margin: 1px; max-width: 658px; padding: 0;&#10;width: 99.375%; width: -webkit-calc(100% - 2px); width: calc(100% - 2px);\">\n<\/blockquote>\n<p data-gtm-element-container=\"modulo-texto-link\" class=\"paragraph\">Si algo distingue a Le Bal es que la mec\u00e1nica importa tanto como la escenograf\u00eda. El vals, las presentaciones, la disposici\u00f3n del sal\u00f3n: todo responde a una l\u00f3gica que Renouard ha ido afinando con el tiempo. No busca representar el mundo actual, sino la permanencia de un orden selectivo que no est\u00e1 dispuesto a admitir revisiones.<\/p>\n","protected":false},"excerpt":{"rendered":"En una era en la que Instagram nos ha convencido de que la moda es un territorio abierto,&hellip;\n","protected":false},"author":2,"featured_media":261792,"comment_status":"","ping_status":"","sticky":false,"template":"","format":"standard","meta":{"footnotes":""},"categories":[91],"tags":[146,147,25,24,23],"class_list":{"0":"post-261791","1":"post","2":"type-post","3":"status-publish","4":"format-standard","5":"has-post-thumbnail","7":"category-entretenimiento","8":"tag-entertainment","9":"tag-entretenimiento","10":"tag-es","11":"tag-espana","12":"tag-spain"},"share_on_mastodon":{"url":"https:\/\/pubeurope.com\/@es\/115632227169068703","error":""},"_links":{"self":[{"href":"https:\/\/www.europesays.com\/es\/wp-json\/wp\/v2\/posts\/261791","targetHints":{"allow":["GET"]}}],"collection":[{"href":"https:\/\/www.europesays.com\/es\/wp-json\/wp\/v2\/posts"}],"about":[{"href":"https:\/\/www.europesays.com\/es\/wp-json\/wp\/v2\/types\/post"}],"author":[{"embeddable":true,"href":"https:\/\/www.europesays.com\/es\/wp-json\/wp\/v2\/users\/2"}],"replies":[{"embeddable":true,"href":"https:\/\/www.europesays.com\/es\/wp-json\/wp\/v2\/comments?post=261791"}],"version-history":[{"count":0,"href":"https:\/\/www.europesays.com\/es\/wp-json\/wp\/v2\/posts\/261791\/revisions"}],"wp:featuredmedia":[{"embeddable":true,"href":"https:\/\/www.europesays.com\/es\/wp-json\/wp\/v2\/media\/261792"}],"wp:attachment":[{"href":"https:\/\/www.europesays.com\/es\/wp-json\/wp\/v2\/media?parent=261791"}],"wp:term":[{"taxonomy":"category","embeddable":true,"href":"https:\/\/www.europesays.com\/es\/wp-json\/wp\/v2\/categories?post=261791"},{"taxonomy":"post_tag","embeddable":true,"href":"https:\/\/www.europesays.com\/es\/wp-json\/wp\/v2\/tags?post=261791"}],"curies":[{"name":"wp","href":"https:\/\/api.w.org\/{rel}","templated":true}]}}