{"id":261797,"date":"2025-11-29T09:18:12","date_gmt":"2025-11-29T09:18:12","guid":{"rendered":"https:\/\/www.europesays.com\/es\/261797\/"},"modified":"2025-11-29T09:18:12","modified_gmt":"2025-11-29T09:18:12","slug":"la-peste-porcina-africana-obliga-a-bloquear-las-exportaciones-de-cerdo-a-40-paises","status":"publish","type":"post","link":"https:\/\/www.europesays.com\/es\/261797\/","title":{"rendered":"La peste porcina africana obliga a bloquear las exportaciones de cerdo a 40 pa\u00edses"},"content":{"rendered":"<p data-gtm-element-container=\"modulo-texto-link\" class=\"paragraph\">Los servicios veterinarios de la Generalitat han notificado al Ministerio de Agricultura la detecci\u00f3n de dos jabal\u00edes silvestres positivos al virus de la peste porcina africana (PPA), en la sierra de Collserola. Los animales fueron hallados muertos a una distancia aproximada de un kil\u00f3metro entre ambos el pasado 26 de noviembre en las inmediaciones del campus de la Universidad Aut\u00f3noma de Barcelona, en Cerdanyola.\u00a0<\/p>\n<p data-gtm-element-container=\"modulo-texto-link\" class=\"paragraph\">Estos dos positivos, confirmados por el Laboratorio Central de Veterinaria de Algete (Madrid), suponen la primera detecci\u00f3n de la enfermedad en Espa\u00f1a desde noviembre de 1994, seg\u00fan informa el Ministerio de Agricultura. Se trata de una enfermedad muy contagiosa -que afecta a cerdos y jabal\u00edes-, aunque no a humanos.<\/p>\n<p data-gtm-element-container=\"modulo-texto-link\" class=\"paragraph\">Como consecuencia de esta situaci\u00f3n, se ha establecido un per\u00edmetro de protecci\u00f3n de 20 kil\u00f3metros en el que se ha inmovilizado el ganado porcino. La medida afecta a 39 explotaciones de producci\u00f3n y reproducci\u00f3n dentro de esta zona al menos durante 12 meses (aunque en estos momentos hay \u201ccero\u201d positivos dentro de granjas). No hay ning\u00fan matadero afectado.<\/p>\n<p>Bloqueo de certificados<\/p>\n<p data-gtm-element-container=\"modulo-texto-link\" class=\"paragraph\">La aparici\u00f3n de estos casos de peste porcina africana ha provocado el bloqueo por parte del Gobierno, y de manera provisional, de unos 120 certificados sanitarios de exportaci\u00f3n de distintos productos del cerdo (de lotes distintos de alimentos) a cerca de 40 pa\u00edses. No obstante, algunos pa\u00edses aceptan lo que se llama regionalizaci\u00f3n, t\u00e9rmino que se refiere a que solo se veta la carne de la provincia afectada.<\/p>\n<p data-gtm-element-container=\"modulo-texto-link\" class=\"paragraph\">En las primeras horas, la reacci\u00f3n de los socios comerciales ha sido dispar: mercados importantes como Jap\u00f3n o M\u00e9xico han bloqueado sus certificados, mientras que otros como Estados Unidos, Reino Unido o Corea del Sur los mantienen.<\/p>\n<p data-gtm-element-container=\"modulo-texto-link\" class=\"paragraph\">El Gobierno permanece a la espera de la decisi\u00f3n de China, un socio comercial relevante en este \u00e1mbito, que import\u00f3 545.000 toneladas de carne porcina en 2024, lo que representa unos 1.100 millones de euros.\u00a0El Gobierno ha calculado que catorce industrias c\u00e1rnicas de la provincia de Barcelona pueden verse afectadas por el bloqueo de la exportaci\u00f3n porcina a China.<\/p>\n<p>China acepta la regionalizaci\u00f3n<\/p>\n<p data-gtm-element-container=\"modulo-texto-link\" class=\"paragraph\">El acuerdo con el pa\u00eds asi\u00e1tico establece una regionalizaci\u00f3n provincial, por lo que solo prohibir\u00eda la entrada de carne y productos c\u00e1rnicos, prote\u00edna hidrolizada y &#8216;petfood&#8217; de origen porcino procedentes de la provincia de Barcelona; en cambio, el resto de provincias catalanas y espa\u00f1olas podr\u00edan exportar hacia China.<\/p>\n<p data-gtm-element-container=\"modulo-texto-link\" class=\"paragraph\">La particularidad es que China compra carnes que tienen m\u00e1s dificultades para ser colocadas en los mercados (huesos, despojos, v\u00edsceras, tr\u00e1queas&#8230;), todo lo cual permite mantener plusval\u00edas y precios.<\/p>\n<p>El resto de mercados<\/p>\n<p data-gtm-element-container=\"modulo-texto-link\" class=\"paragraph\">En cuanto al resto de pa\u00edses, se suspenden certificados de exportaci\u00f3n a Rusia, Brasil, Canad\u00e1, Chile, Colombia, Costa Rica, Cuba, Ecuador, Estados Unidos, Filipinas, Jap\u00f3n, M\u00e9xico, Per\u00fa, Sud\u00e1frica, Tailandia, Uruguay o Venezuela, entre otros.<\/p>\n<p data-gtm-element-container=\"modulo-texto-link\" class=\"paragraph\">Entre los productos espa\u00f1oles que ser\u00e1n vetados a la importaci\u00f3n se encuentran carne y producto de porcino, embutidos, jamones, grasa de cerdo, v\u00edsceras, material gen\u00e9tico, semen, cerdos reproductores, materias primas para piensos, lechones de engorde, tripas o embriones de porcino. Esta medida se mantendr\u00e1 hasta que el Gobierno espa\u00f1ol defina la situaci\u00f3n en funci\u00f3n de los acuerdos suscritos con diversos pa\u00edses.<\/p>\n<p data-gtm-element-container=\"modulo-texto-link\" class=\"paragraph\">El bloqueo del certificados se produce porque Espa\u00f1a ha perdido el estatus de pa\u00eds libre de peste porcina africana (PPA) ante la Organizaci\u00f3n Mundial de Sanidad Animal (OMSA).<\/p>\n<p data-gtm-element-container=\"modulo-texto-link\" class=\"paragraph\">A ra\u00edz de esta notificaci\u00f3n, todos los certificados en cuya atestaci\u00f3n sanitaria figura el requisito de &#8216;Pa\u00eds libre de PPA&#8217; han sido bloqueados, aclara la nota.<\/p>\n<p data-gtm-element-container=\"modulo-texto-link\" class=\"paragraph\">Para los terceros destinos que s\u00ed aceptan la regionalizaci\u00f3n, los operadores tendr\u00e1n que documentar transitoriamente garant\u00edas adicionales.<\/p>\n<p>UP pide al Ministerio que \u201cno se extralimite en las restricciones innecesarias\u201d al comercio de la carne<\/p>\n<p data-gtm-element-container=\"modulo-texto-link\" class=\"paragraph\">La UP ha pedido al Departament d\u2019Agricultura una actuaci\u00f3n r\u00e1pida y coordinada para evitar al m\u00e1ximo la expansi\u00f3n de enfermdad.<\/p>\n<p data-gtm-element-container=\"modulo-texto-link\" class=\"paragraph\">El sindicato expone que la contenci\u00f3n r\u00e1pida de la enfermedad es clave. Y por ello, ha pedido al Departament d\u2019Agricultura que efect\u00fae vigilancia las 24 horas del d\u00eda de los puntos de paso de fauna en el radio de 20 km donde se encontraron los dos jabal\u00edes afectados por la peste porcina africana.<\/p>\n<p data-gtm-element-container=\"modulo-texto-link\" class=\"paragraph\">El sindicato tambi\u00e9n traslad\u00f3 al Ministerio que, sin poner en riesgo la sanidad animal, no se extralimite en las restricciones al comercio para evitar repercusiones econ\u00f3micas innecesarias para los ganaderos del sector porcino. El a\u00f1o pasado, seg\u00fan datos del Departament d\u2019Agricultura, las exportaciones de carne de porcino representaron un 19,3 % del total exportado de alimentos y bebidas por Catalunya.<\/p>\n<p data-gtm-element-container=\"modulo-texto-link\" class=\"paragraph\">La UP conf\u00eda, sin embargo, en que la enfermedad quede acotada al \u00e1mbito de los jabal\u00edes y no traspase a las granjas de cerdos. Si fuera as\u00ed habr\u00eda que proceder al sacrificio de animales. \u201cSi se mantienen las medidas de vigilancia, no tiene por qu\u00e9 afectar a las granjas\u201d, a\u00f1ade Saltiveri.<\/p>\n<p data-gtm-element-container=\"modulo-texto-link\" class=\"paragraph\">El conseller de Agricultura, \u00d2scar Ordeig, ha asegurado que las granjas catalanas son \u201cde las m\u00e1s seguras y modernas\u201d.<\/p>\n<p data-gtm-element-container=\"modulo-texto-link\" class=\"paragraph\">Ordeig a\u00f1adi\u00f3 que se ha enviado una nota al conjunto de las granjas y del sector del porcino para \u201cextremar\u201d las medidas de bioseguridad e implementar medidas extras de control. Dijo igualmente que se ha avisado que tambi\u00e9n dar\u00e1n instrucciones necesarias en cuanto al control de la movilidad.<\/p>\n<p data-gtm-element-container=\"modulo-texto-link\" class=\"paragraph\">No obstante, el titular de Agricultura ha afirmado que la medida tendr\u00e1 un impacto \u201cgrande\u201d desde un punto econ\u00f3mico si se cierran las exportaciones extracomunitarias de todo el estado.<\/p>\n<p data-gtm-element-container=\"modulo-texto-link\" class=\"paragraph\">\u201cMensaje muy importante de responsabilidad al conjunto de la ciudadan\u00eda, del sector, de los medios de comunicaci\u00f3n, especialmente en los momentos en que vivimos de redes sociales y de acceso de informaci\u00f3n. Debemos informarnos por las fuentes oficiales\u201d, ha dicho.<\/p>\n<p>\u201cSe puede controlar el brote, sin que alcance las explotaciones porcinas\u201d, dice la bi\u00f3loga Carme Rosell<\/p>\n<p data-gtm-element-container=\"modulo-texto-link\" class=\"paragraph\">\u201dLa preocupaci\u00f3n por esta enfermedad es grande porque causa una mortalidad muy elevada y no tiene ahora mismo una vacuna elevada que nos permita prevenirla\u201d, se\u00f1ala Carme Rosell, bi\u00f3loga experta en gesti\u00f3n de fauna.\u00a0 Rosell se muestra optimista pensando que se puede controlar el brote para que no pase a la caba\u00f1a porcina. \u201cSabemos que esto es posible porque el caso m\u00e1s cercano que tenemos fue un brote de peste porcina en jabal\u00edes en B\u00e9lgica, y se pudo controlar y erradicar\u00a0 sin afectar a la caba\u00f1a porcina\u201d, a\u00f1ade Rosell.\u00a0<\/p>\n<p data-gtm-element-container=\"modulo-texto-link\" class=\"paragraph\">Esta experta bi\u00f3loga resalta que para frenar la expansi\u00f3n de la enfermedad es clave la acci\u00f3n: extremar las condiciones de bioseguridad en las granjas, reducir la posibilidad de movimientos de los jabal\u00edes y requerir la colaboraci\u00f3n ciudadana para que no se entre en las zonas infectada y que \u201cel virus lo podemos transportar en la suela de nuestro zapato\u201d.<\/p>\n<p>En 12 municipios<br \/>\nImpedir actividades para contener el brote<\/p>\n<p class=\"module-text\">El Govern restringe las actividades y ha llevado lleva a cabo un cierre del medio natural en 12 municipios en el radio de seis kil\u00f3metros donde se han encontrado los dos jabal\u00edes con peste porcina africana, en la zona de Collserola, hasta nuevo aviso (Sabadell, Sant Quirze del Vall\u00e8s, Poliny\u00e0, Santa Perp\u00e8tua de la Mogoda, Montcada i Reixac, Ripollet, Barber\u00e0 del Vall\u00e8s, Badia del Vall\u00e8s, Cerdanyola del Vall\u00e8s, Sant Cugat del Vall\u00e8s, Terrassa y Rub\u00ed). As\u00ed lo ha anunciado el conseller d&#8217;Agriculturaca, \u00d2scar Ordeig, para asegurar que no se podr\u00e1n realizar actividades de ocio ni deportivas en la zona afectada. El objetivo es no interferir en las acciones de contenci\u00f3n del brote.<\/p>\n<p>Plan de contingencia activado<br \/>\nVigilancia en un radio de 20 km alrededor de la zona donde se hallaron los positivos<\/p>\n<p data-gtm-element-container=\"modulo-texto-link\" class=\"paragraph\">Los departamentos de Agricultura e Interior de la Generalitat han activado ya el plan de contingencia para contener la enfermedad. Las actuaciones, de hecho, entran en funcionamiento de forma autom\u00e1tica en el momento en que se confirma un caso en fauna salvaje o dom\u00e9stica.\u00a0<\/p>\n<p data-gtm-element-container=\"modulo-texto-link\" class=\"paragraph\">T\u00e9cnicos de Agricultura y del cuerpo de Agentes Rurales ya han empezado\u00a0la b\u00fasqueda de animales muertos en la zona de los positivos. Tambi\u00e9n se ha activado\u00a0la recogida de trampas de captura y material de desinfecci\u00f3n para llevarlas al centro log\u00edstico, que se ha establecido en el Centro de Recuperaci\u00f3n de Fauna Salvaje de Torreferrussa, cerca de Sabadell. El objetivo es blindar el per\u00edmetro y evitar la salida de jabal\u00edes de la zona de vigilancia, unos 20 km.<\/p>\n<p data-gtm-element-container=\"modulo-texto-link\" class=\"paragraph\">La Generalitat ha compartido en un <a href=\"https:\/\/govern.cat\/salapremsa\/notes-premsa\/769796\/el-govern-confirma-dos-casos-positius-de-pesta-porcina-africana-en-porcs-senglars-trobats-morts-al-medi-natural\" rel=\"nofollow noreferrer noopener\" target=\"_blank\">comunicado<\/a> el mapa de las zonas de actuaci\u00f3n. Los radios en azul y marr\u00f3n son las zonas tamp\u00f3n te\u00f3ricas (circulares), pero la zona tamp\u00f3n efectiva (per\u00edmetro en verde) se ve descabezada por la presencia de n\u00facleos urbanos como Sabadell, Cerdanyola-Ripollet, Sant Cugat y Rub\u00ed. Hay dos primeras zonas, zonas n\u00facleo (radios de 1 km en amarillo alrededor de cada uno de los puntos son se han encontrado los 2 cad\u00e1veres) donde se realiza una b\u00fasqueda intensiva de jabal\u00edes. En todo el per\u00edmetro tambi\u00e9n se iniciar\u00e1 la b\u00fasqueda activa de cad\u00e1veres de jabal\u00ed y se aplicar\u00e1n sistemas de captura selectiva.<\/p>\n<p data-gtm-element-container=\"modulo-texto-link\" class=\"paragraph\">El manual pr\u00e1ctico de operaciones de lucha contra la PPA tambi\u00e9n supone la prohibici\u00f3n de caza en la zona, con objeto de evitar el movimiento de jabal\u00edes hacia zona libre; la restricci\u00f3n de actividades de car\u00e1cter no esencial; el refuerzo de vigilancia pasiva y medidas de bioseguridad en explotaciones porcinas.<\/p>\n<p>La peste porcina no afecta a las personas, pero habr\u00e1 restricciones graves en el sector<\/p>\n<p>                <img loading=\"lazy\" decoding=\"async\" data-full-src=\"https:\/\/www.lavanguardia.com\/uploads\/2025\/06\/17\/68514ebf23dfe.jpeg\" alt=\"Una oveja pasta cerca del Mirador de Montbau, a 6 de abril de 2022, en Barcelona, Catalu\u00f1a (Espa\u00f1a). Hoy  el concejal de Emergencia Clim\u00e1tica del Ayuntamiento de Barcelona, ha presentado el plan piloto de pasto en la vertiente barcelonesa del Parc Natural de Collserola. El plan, puesto en marcha por el Ayuntamiento de Barcelona, comienza este mes de abril y tendr\u00e1 una duraci\u00f3n de tres meses. Durante al menos 90 d\u00edas, entre 150 y 250 cabras y ovejas pastar\u00e1n por la parte barcelonesa del Parque Natural para mitigar los fuegos que puedan producirse en Collserola.\" width=\"449\" height=\"299\" src=\"https:\/\/www.europesays.com\/es\/wp-content\/uploads\/2025\/11\/68514ebf23dfe.jpeg\" class=\"lazy\"\/><\/p>\n<p class=\"caption-title \">Una oveja pasta cerca del Mirador de Montbau, en la serra de Collserola de Barcelona,\u00a0<\/p>\n<p>                    David Zorrakino &#8211; EP<\/p>\n<p data-gtm-element-container=\"modulo-texto-link\" class=\"paragraph\">El Ministerio de Agricultura ha explicado que se trata de una enfermedad no zoon\u00f3sica. Es decir, las personas no son susceptibles a la infecci\u00f3n ni por contacto con los animales ni por ingesti\u00f3n de productos derivados de ellos. Sin embargo, es altamente contagiosa y afecta a cerdo dom\u00e9stico, al jabal\u00ed europeo y al facoquero africano (jabal\u00ed verrugoso). Est\u00e1 considerada por la Uni\u00f3n Europea (UE) como <a href=\"https:\/\/www.mapa.gob.es\/es\/dam\/jcr:23030bf1-033b-443c-84cf-3944c662c56c\/Informe%20PPA_2025-11-13.pdf\" rel=\"nofollow noreferrer noopener\" target=\"_blank\">enfermedad de categor\u00eda A<\/a>, por lo que los Estados miembros deben adoptar medidas precisas para lograr su control y erradicaci\u00f3n lo antes posible en las zonas afectadas.<\/p>\n<p data-gtm-element-container=\"modulo-texto-link\" class=\"paragraph\">Los servicios veterinarios han inventariado las explotaciones porcinas ubicadas en un radio de 20 km del foco. En todas ellas se han restringido los movimientos de entrada y salida y se han activado los equipos de intervenci\u00f3n para realizar inspecciones cl\u00ednicas, an\u00e1lisis epidemiol\u00f3gicos y toma de muestras.<\/p>\n<p data-gtm-element-container=\"modulo-texto-link\" class=\"paragraph\">El Departamento que lidera Luis Planas ha solicitado al sector a que extreme todas las medidas de bioseguridad y vigilancia en las explotaciones de ganado porcino y jabal\u00edes, y en el transporte de animales.\u00a0Adem\u00e1s, recuerda la obligaci\u00f3n de comunicar a los servicios oficiales de las comunidades aut\u00f3nomas sobre cualquier sospecha que se detecte, tanto en jabal\u00edes silvestres como en explotaciones de ganado porcino en todo el territorio nacional. Ya se han iniciado las investigaciones sobre el posible origen de la enfermedad detectada en estos animales salvajes.<\/p>\n<p data-gtm-element-container=\"modulo-texto-link\" class=\"paragraph\">Todo apunta a que el virus pudo ser transmitido al jabal\u00ed al ingerir  restos de carne infectada con virus de un contenedor, en una carretera cercana, seg\u00fan varias fuentes.<\/p>\n<p>        Lee tambi\u00e9n<\/p>\n<p>    Rosa M. Bosch<\/p>\n<p>             <img loading=\"lazy\" decoding=\"async\" data-full-src=\"https:\/\/www.lavanguardia.com\/uploads\/2023\/03\/27\/64215a674fb8f.jpeg\" alt=\"foto XAVIER CERVERA 24\/07\/2020 almuerzo de un jabali (porc senglar) come la hoja de una higuera junto al (calle entre casas y bosque) cami del panta ,de vallvidrera, cerca ffcc les planes, barcelona; por necesidad alimenticia cada vez se acercan mas a zonas urbanas esta especie que vive en Collserola parc natural\" width=\"334\" height=\"164\" src=\"https:\/\/www.europesays.com\/es\/wp-content\/uploads\/2025\/11\/64215a674fb8f.r_d.2016-1512.jpeg\" class=\"lazy\"\/><\/p>\n<p data-gtm-element-container=\"modulo-texto-link\" class=\"paragraph\">La PPA se encuentra presente en la Uni\u00f3n Europea desde su entrada en los pa\u00edses b\u00e1lticos y Polonia proveniente de Rusia en 2014. En la actualidad afecta a las poblaciones de jabal\u00edes silvestres y, en algunos casos, a explotaciones de cerdos dom\u00e9sticos en un total de 13 pa\u00edses (Italia, Alemania, Polonia, Estonia, Letonia, Lituania, Eslovaquia, Rep\u00fablica Checa, Hungr\u00eda, Grecia, Ruman\u00eda, Bulgaria y Croacia).<\/p>\n<p data-gtm-element-container=\"modulo-texto-link\" class=\"paragraph\">Desde que la enfermedad entr\u00f3 en la UE, B\u00e9lgica, Suecia y la Rep\u00fablica Checa lograron su erradicaci\u00f3n tras aplicar estrictas medidas de control y vigilancia en poblaciones de jabal\u00edes silvestres, tras una incursi\u00f3n puntual por salto a larga distancia, como ha sido el caso detectado en Espa\u00f1a.<\/p>\n","protected":false},"excerpt":{"rendered":"Los servicios veterinarios de la Generalitat han notificado al Ministerio de Agricultura la detecci\u00f3n de dos jabal\u00edes silvestres&hellip;\n","protected":false},"author":2,"featured_media":261798,"comment_status":"","ping_status":"","sticky":false,"template":"","format":"standard","meta":{"footnotes":""},"categories":[8],"tags":[17,18,25,24,13,14,11,19,20,9,10,15,16,23,12,21,22],"class_list":{"0":"post-261797","1":"post","2":"type-post","3":"status-publish","4":"format-standard","5":"has-post-thumbnail","7":"category-espana","8":"tag-breaking-news","9":"tag-breakingnews","10":"tag-es","11":"tag-espana","12":"tag-featured-news","13":"tag-featurednews","14":"tag-headlines","15":"tag-latest-news","16":"tag-latestnews","17":"tag-news","18":"tag-noticias","19":"tag-noticias-destacadas","20":"tag-noticiasdestacadas","21":"tag-spain","22":"tag-titulares","23":"tag-ultimas-noticias","24":"tag-ultimasnoticias"},"share_on_mastodon":{"url":"https:\/\/pubeurope.com\/@es\/115632244492752339","error":""},"_links":{"self":[{"href":"https:\/\/www.europesays.com\/es\/wp-json\/wp\/v2\/posts\/261797","targetHints":{"allow":["GET"]}}],"collection":[{"href":"https:\/\/www.europesays.com\/es\/wp-json\/wp\/v2\/posts"}],"about":[{"href":"https:\/\/www.europesays.com\/es\/wp-json\/wp\/v2\/types\/post"}],"author":[{"embeddable":true,"href":"https:\/\/www.europesays.com\/es\/wp-json\/wp\/v2\/users\/2"}],"replies":[{"embeddable":true,"href":"https:\/\/www.europesays.com\/es\/wp-json\/wp\/v2\/comments?post=261797"}],"version-history":[{"count":0,"href":"https:\/\/www.europesays.com\/es\/wp-json\/wp\/v2\/posts\/261797\/revisions"}],"wp:featuredmedia":[{"embeddable":true,"href":"https:\/\/www.europesays.com\/es\/wp-json\/wp\/v2\/media\/261798"}],"wp:attachment":[{"href":"https:\/\/www.europesays.com\/es\/wp-json\/wp\/v2\/media?parent=261797"}],"wp:term":[{"taxonomy":"category","embeddable":true,"href":"https:\/\/www.europesays.com\/es\/wp-json\/wp\/v2\/categories?post=261797"},{"taxonomy":"post_tag","embeddable":true,"href":"https:\/\/www.europesays.com\/es\/wp-json\/wp\/v2\/tags?post=261797"}],"curies":[{"name":"wp","href":"https:\/\/api.w.org\/{rel}","templated":true}]}}