{"id":261799,"date":"2025-11-29T09:20:12","date_gmt":"2025-11-29T09:20:12","guid":{"rendered":"https:\/\/www.europesays.com\/es\/261799\/"},"modified":"2025-11-29T09:20:12","modified_gmt":"2025-11-29T09:20:12","slug":"anpe-castilla-la-mancha-aclara-que-la-campana-de-reclamacion-sobre-pagas-extras-no-afecta-a-nuestra-comunidad-autonoma","status":"publish","type":"post","link":"https:\/\/www.europesays.com\/es\/261799\/","title":{"rendered":"ANPE-CASTILLA LA MANCHA aclara que la campa\u00f1a de reclamaci\u00f3n sobre pagas extras no afecta a nuestra comunidad aut\u00f3noma"},"content":{"rendered":"<p>&#13;<br \/>\n&#13;<\/p>\n<p style=\"text-align:center\"><img decoding=\"async\" alt=\"\" src=\"https:\/\/www.europesays.com\/es\/wp-content\/uploads\/2025\/11\/paga_extra.jpg\" style=\"width:50%\"\/><\/p>\n<p>&#13;<br \/>\n&#13;<\/p>\n<p>Ante la confusi\u00f3n generada entre el profesorado, en torno a posibles reclamaciones de cantidades pendientes de abono en las pagas extras, ANPE CASTILLA-LA MANCHA informa:<\/p>\n<p>&#13;<br \/>\n&#13;<\/p>\n<p>1. El Texto Refundido del Estatuto B\u00e1sico del Empleado P\u00fablico de 2015 (RDL 5\/2015) establece en su art\u00edculo 22.4 el derecho de los funcionarios y empleados p\u00fablicos a percibir pagas extraordinarias por el importe de las <strong>retribuciones b\u00e1sicas<\/strong> (sueldo y trienios) y la <strong>totalidad de las retribuciones complementarias<\/strong>.<\/p>\n<p>&#13;<br \/>\n&#13;<\/p>\n<p>2. Este mismo <strong>Estatuto B\u00e1sico del Empleado P\u00fablico remite en su art\u00edculo 23<\/strong> <strong>a las Leyes de Presupuestos Generales del Estado para determinar<\/strong> el importe de las pagas extraordinarias de los funcionarios en<strong> el concepto de retribuciones b\u00e1sicas<\/strong> (sueldo y trienios).<\/p>\n<p>&#13;<br \/>\n&#13;<\/p>\n<p>3. Desde 2010 las leyes de presupuestos son el instrumento legal para no proceder a dicho abono \u00edntegro en las retribuciones b\u00e1sicas, cuesti\u00f3n que desde ANPE llevamos a\u00f1os denunciando.<\/p>\n<p>&#13;<br \/>\n&#13;<\/p>\n<p>4. La reciente <strong>sentencia del Tribunal Supremo<\/strong> <strong>afecta solamente a las retribuciones complementarias<\/strong> (<strong>NO a las retribuciones b\u00e1sicas: sueldo y trienios)<\/strong>.<\/p>\n<p>&#13;<br \/>\n&#13;<\/p>\n<p>5. <strong>En Castilla-La Mancha, a diferencia de otras comunidades<\/strong>, los \u00fanicos conceptos de la n\u00f3mina que experimentan reducci\u00f3n en las pagas extraordinarias son el sueldo base y los trienios, como marca la Ley General de Presupuestos del Estado, <strong>sin que en nuestra regi\u00f3n se vean afectadas las retribuciones complementarias, <\/strong>ya que s\u00ed se pagan \u00edntegramente dobles.<\/p>\n<p>&#13;<br \/>\n&#13;<\/p>\n<p>6.- <strong>En otras comunidades aut\u00f3nomas<\/strong> como Comunidad Valenciana y Murcia, esa reducci\u00f3n <strong>S\u00cd afecta a las retribuciones complementarias de las pagas extraordinaria<\/strong>s (sexenios, complementos de equipo directivos, carrera docente, productividad,\u2026), lo que ha abierto la v\u00eda de la reclamaci\u00f3n de las cantidades no abonadas correspondientes a dichos complementos en estas comunidades, conforme a esta reciente sentencia de la Sala de lo Social del Tribunal Supremo. En dichas comunidades, ANPE ha procedido, en defensa de los intereses de sus afiliados y del profesorado en general, a iniciar la correspondiente campa\u00f1a de reclamaci\u00f3n administrativa.<\/p>\n<p>&#13;<br \/>\n&#13;<\/p>\n<p>7.- <strong>En Castilla-La Mancha, sin embargo, al ser el sueldo base y los trienios los \u00fanicos conceptos reducidos<\/strong>, <strong>no existe base legal para invocar la mencionada sentencia<\/strong>, por lo que, conforme al dictamen de nuestros asesores jur\u00eddicos, desde ANPE-Castilla-La Mancha concluimos que en nuestra comunidad aut\u00f3noma no se dan las condiciones para iniciar con perspectivas de \u00e9xito una campa\u00f1a de reclamaci\u00f3n administrativa de cantidades pendientes de abono en las pagas extraordinarias.<\/p>\n<p>&#13;<br \/>\n&#13;<\/p>\n<p>8.- Los docentes castellano-manchegos que, pese a estas consideraciones que informamos, estimen oportuno iniciar individualmente el procedimiento de reclamaci\u00f3n administrativa, deben tener en cuenta que posteriormente ser\u00e1 necesario acudir a la reclamaci\u00f3n en alzada y posterior v\u00eda contencioso-administrativa, con los correspondientes costes econ\u00f3micos derivados y llegando hasta su \u00faltima instancia, incluidas las posibles costas derivadas.<\/p>\n<p>&#13;<br \/>\n&#13;<\/p>\n<p>\u00a0<\/p>\n<p>&#13;<br \/>\n&#13;<\/p>\n<p>Desde 2010, el personal docente ha experimentado una p\u00e9rdida continuada de poder adquisitivo. Por ello, <strong>desde ANPE seguimos impulsando todas las acciones necesarias para modificar las normas estatales que impiden recuperar las pagas extraordinarias completas<\/strong> en todos sus complementos, as\u00ed como la restituci\u00f3n del poder adquisitivo perdido. En este sentido, <strong>ANPE se ha integrado en una Plataforma Sindical junto a otras diez organizaciones, reforzando as\u00ed la capacidad de presi\u00f3n para lograr este objetivo y avanzando un calendario de movilizaciones para enero de 2026.<\/strong><\/p>\n<p>&#13;<br \/>\n&#13;<\/p>\n","protected":false},"excerpt":{"rendered":"&#13; &#13; &#13; &#13; Ante la confusi\u00f3n generada entre el profesorado, en torno a posibles reclamaciones de cantidades&hellip;\n","protected":false},"author":2,"featured_media":261800,"comment_status":"","ping_status":"","sticky":false,"template":"","format":"standard","meta":{"footnotes":""},"categories":[5],"tags":[65328,17,18,25,24,13,14,11,19,20,9,10,15,16,23,12,21,22],"class_list":{"0":"post-261799","1":"post","2":"type-post","3":"status-publish","4":"format-standard","5":"has-post-thumbnail","7":"category-titulares","8":"tag-anpe-castilla-la-mancha-aclara-que-la-campana-de-reclamacion-sobre-pagas-extras-no-afecta-a-nuestra-comunidad-autonoma","9":"tag-breaking-news","10":"tag-breakingnews","11":"tag-es","12":"tag-espana","13":"tag-featured-news","14":"tag-featurednews","15":"tag-headlines","16":"tag-latest-news","17":"tag-latestnews","18":"tag-news","19":"tag-noticias","20":"tag-noticias-destacadas","21":"tag-noticiasdestacadas","22":"tag-spain","23":"tag-titulares","24":"tag-ultimas-noticias","25":"tag-ultimasnoticias"},"share_on_mastodon":{"url":"","error":""},"_links":{"self":[{"href":"https:\/\/www.europesays.com\/es\/wp-json\/wp\/v2\/posts\/261799","targetHints":{"allow":["GET"]}}],"collection":[{"href":"https:\/\/www.europesays.com\/es\/wp-json\/wp\/v2\/posts"}],"about":[{"href":"https:\/\/www.europesays.com\/es\/wp-json\/wp\/v2\/types\/post"}],"author":[{"embeddable":true,"href":"https:\/\/www.europesays.com\/es\/wp-json\/wp\/v2\/users\/2"}],"replies":[{"embeddable":true,"href":"https:\/\/www.europesays.com\/es\/wp-json\/wp\/v2\/comments?post=261799"}],"version-history":[{"count":0,"href":"https:\/\/www.europesays.com\/es\/wp-json\/wp\/v2\/posts\/261799\/revisions"}],"wp:featuredmedia":[{"embeddable":true,"href":"https:\/\/www.europesays.com\/es\/wp-json\/wp\/v2\/media\/261800"}],"wp:attachment":[{"href":"https:\/\/www.europesays.com\/es\/wp-json\/wp\/v2\/media?parent=261799"}],"wp:term":[{"taxonomy":"category","embeddable":true,"href":"https:\/\/www.europesays.com\/es\/wp-json\/wp\/v2\/categories?post=261799"},{"taxonomy":"post_tag","embeddable":true,"href":"https:\/\/www.europesays.com\/es\/wp-json\/wp\/v2\/tags?post=261799"}],"curies":[{"name":"wp","href":"https:\/\/api.w.org\/{rel}","templated":true}]}}