{"id":261801,"date":"2025-11-29T09:26:08","date_gmt":"2025-11-29T09:26:08","guid":{"rendered":"https:\/\/www.europesays.com\/es\/261801\/"},"modified":"2025-11-29T09:26:08","modified_gmt":"2025-11-29T09:26:08","slug":"eso-es-una-verdadera-amistad","status":"publish","type":"post","link":"https:\/\/www.europesays.com\/es\/261801\/","title":{"rendered":"Eso es una verdadera amistad"},"content":{"rendered":"<p class=\"c-paragraph\">El extenista Boris Becker ingres\u00f3 en prisi\u00f3n el 29 de abril de 2022 donde estuvo ocho meses tras ser condenado en Londres a dos a\u00f1os y medios de c\u00e1rcel<b> por ocultar activos y pr\u00e9stamos por valor de 2,5 millones <\/b>de libras para evadir deudas. El alem\u00e1n, ha recordado ahora un gesto que tuvo durante ese tiempo <a href=\"https:\/\/www.20minutos.es\/tags\/deportes\/novak-djokovic.html\" title=\"Novak Djokovic\" rel=\"nofollow noopener\" target=\"_blank\">Novak Djokovic<\/a> con su familia en una entrevista en The Guardian.\u00a0<\/p>\n<p class=\"c-paragraph\">Becker, que fue entrenador del tenista serbio entre 2013 y 2016, vio desde prisi\u00f3n el triunfo en Wimbledon de Djokovic de ese a\u00f1o,<b> pero su familia pudo verlo en directo.\u00a0<\/b><\/p>\n<p class=\"c-paragraph\">&#8216;Nole&#8217; reserv\u00f3 dos asientos en su box para la mujer del extenista alem\u00e1n y para su hijo mayor. \u00ab<b>Eso es lo que llamo una verdadera amistad<\/b>,<b> que no se olviden de ti. <\/b>Siempre agradecer\u00e9 a Novak ese momento especial\u00bb, recuerda Becker, que ayud\u00f3 al serbio a ganar seis de sus 24 &#8216;Grandes&#8217;.\u00a0<\/p>\n<p class=\"c-paragraph\">El balc\u00e1nico consigui\u00f3 ganar a\u00a0<b>Nick<\/b>\u00a0<b>Kyrgios\u00a0en una final a cuatro sets (4-6, 6-3, 6-4, 7-6). <\/b>Un torneo que el extenista alem\u00e1n consigui\u00f3 ganar en tres ocasiones, 1985, 1986 y 1989.\u00a0<\/p>\n<p class=\"c-paragraph\">Sobre esto, Becker tambi\u00e9n habl\u00f3 en otra ocasi\u00f3n en una entrevista en BBC Sport:\u00a0\u00abYo estaba apoyando a Djokovic y vi cuando gan\u00f3 contra Nick Kyrgios.\u00a0Fue muy inspirador y emocional para m\u00ed. Me puso en perspectiva al <b>ver que Novak estaba ah\u00ed y yo en una de las peores prisiones del mundo\u00bb.\u00a0<\/b><\/p>\n","protected":false},"excerpt":{"rendered":"El extenista Boris Becker ingres\u00f3 en prisi\u00f3n el 29 de abril de 2022 donde estuvo ocho meses tras&hellip;\n","protected":false},"author":2,"featured_media":261802,"comment_status":"","ping_status":"","sticky":false,"template":"","format":"standard","meta":{"footnotes":""},"categories":[274],"tags":[36386,38106,168,25,24,368,1789,23,167,327,326],"class_list":{"0":"post-261801","1":"post","2":"type-post","3":"status-publish","4":"format-standard","5":"has-post-thumbnail","7":"category-tenis","8":"tag-becker","9":"tag-boris","10":"tag-deportes","11":"tag-es","12":"tag-espana","13":"tag-leyenda","14":"tag-revela","15":"tag-spain","16":"tag-sports","17":"tag-tenis","18":"tag-tennis"},"share_on_mastodon":{"url":"https:\/\/pubeurope.com\/@es\/115632274357292277","error":""},"_links":{"self":[{"href":"https:\/\/www.europesays.com\/es\/wp-json\/wp\/v2\/posts\/261801","targetHints":{"allow":["GET"]}}],"collection":[{"href":"https:\/\/www.europesays.com\/es\/wp-json\/wp\/v2\/posts"}],"about":[{"href":"https:\/\/www.europesays.com\/es\/wp-json\/wp\/v2\/types\/post"}],"author":[{"embeddable":true,"href":"https:\/\/www.europesays.com\/es\/wp-json\/wp\/v2\/users\/2"}],"replies":[{"embeddable":true,"href":"https:\/\/www.europesays.com\/es\/wp-json\/wp\/v2\/comments?post=261801"}],"version-history":[{"count":0,"href":"https:\/\/www.europesays.com\/es\/wp-json\/wp\/v2\/posts\/261801\/revisions"}],"wp:featuredmedia":[{"embeddable":true,"href":"https:\/\/www.europesays.com\/es\/wp-json\/wp\/v2\/media\/261802"}],"wp:attachment":[{"href":"https:\/\/www.europesays.com\/es\/wp-json\/wp\/v2\/media?parent=261801"}],"wp:term":[{"taxonomy":"category","embeddable":true,"href":"https:\/\/www.europesays.com\/es\/wp-json\/wp\/v2\/categories?post=261801"},{"taxonomy":"post_tag","embeddable":true,"href":"https:\/\/www.europesays.com\/es\/wp-json\/wp\/v2\/tags?post=261801"}],"curies":[{"name":"wp","href":"https:\/\/api.w.org\/{rel}","templated":true}]}}