{"id":261807,"date":"2025-11-29T09:31:15","date_gmt":"2025-11-29T09:31:15","guid":{"rendered":"https:\/\/www.europesays.com\/es\/261807\/"},"modified":"2025-11-29T09:31:15","modified_gmt":"2025-11-29T09:31:15","slug":"no-me-creo-el-perdon-de-kiko-rivera","status":"publish","type":"post","link":"https:\/\/www.europesays.com\/es\/261807\/","title":{"rendered":"\u201cNo me creo el perd\u00f3n de Kiko Rivera\u201d"},"content":{"rendered":"<p>Era el testimonio que faltaba. <strong>Dulce<\/strong>, la que fuese ni\u00f1era de Isa Pantoja, se ha sentado en el programa \u2018De viernes\u2019 para desgranar las \u00faltimas entrevistas tanto de Kiko Rivera como de la propia Isa. <strong>\u201cYa era hora de que le pudiera perd\u00f3n\u201d<\/strong>, asegura sobre el hijo mayor de Isabel Pantoja. La realidad es que es un perd\u00f3n del que desconf\u00eda.<\/p>\n<p>Dulce fue una pieza clave en Cantora cuando Isa era peque\u00f1a. Ha presenciado todos los duros episodios que la joven vivi\u00f3 con su madre y su hermano. Es ahora cuando ha querido dar un paso al frente y narrar, en primera persona, lo que ocurri\u00f3. Las declaraciones de Kiko Rivera la han animado a romper, de nuevo, su silencio.<\/p>\n<p>La entrevista de Dulce<\/p>\n<ul>\n<li>Sobre la entrevista de Kiko Rivera<\/li>\n<\/ul>\n<p>\u00abCuando t\u00fa te has preocupado de la abuela, si le dec\u00edas \u00a1ay que tienes mucha cara!, que eso lo he visto yo. Ese no es el \u00fanico episodio que ha habido, han sido muchos. No me creo su perd\u00f3n. No la ha defendido nunca, <strong>t\u00fa vas de que eres como un padre para ella<\/strong>, pero como lo vas a hacer si nunca la has defendido, nunca la has protegido ni hecho nada por ella.\u00a0\u00a0<\/p>\n<p><img loading=\"lazy\" decoding=\"async\"   src=\"https:\/\/www.europesays.com\/es\/wp-content\/uploads\/2025\/11\/dulce_6d4bfda6_251129074353_1200x663.webp.webp\" alt=\"Dulce\" class=\"lazyload\" width=\"1200\" height=\"663\" data-aspectratio=\"1200\/663\"\/>&#13;Mediaset<\/p>\n<ul>\n<li>Sobre los desprecios a Isa<\/li>\n<\/ul>\n<p><strong>Se tuvo que acostumbrar a normalizar todo lo que ocurr\u00eda<\/strong>. Es que su familia son supermachistas, al cien por cien. Ahora dice que ha visto muchas cosas, pero t\u00fa no has plantado cara. <strong>Ella sab\u00eda que no la quer\u00eda su familia<\/strong>. A la familia era incapaz de hacerle ni decirle nada la ni\u00f1a si estaba la madre, pero cuando no estaba, se escond\u00edan y pasaban de ella. La hac\u00edan a llorar, no se levantaba ni Anabel porque ella se dejaba llevar por los dem\u00e1s. A dos bandas. Como siempre.\u00a0<\/p>\n<p><img loading=\"lazy\" decoding=\"async\"   src=\"https:\/\/www.europesays.com\/es\/wp-content\/uploads\/2025\/11\/dulce_5732112a_251129074321_1200x662.webp.webp\" alt=\"Dulce\" class=\"lazyload\" width=\"1200\" height=\"662\" data-aspectratio=\"1200\/662\"\/>&#13;Mediaset<\/p>\n<ul>\n<li>La actitud de Isabel Pantoja como madre<\/li>\n<\/ul>\n<p>Yo me iba de vacaciones con mi familia, y <strong>me llamaba Isabel y me dec\u00eda que d\u00f3nde est\u00e1s que estoy harta de la ni\u00f1a ya<\/strong>. Me la tendr\u00eda que haber llevado yo conmigo. El d\u00eda de la confirmaci\u00f3n de la ni\u00f1a tuve que obligarle a que fuera porque ella dec\u00eda que estaba enfadada y no le apetec\u00eda ir a la confirmaci\u00f3n de su hija.\u00a0\u00a0Ha estado a en toda las casas de Kiko y en los bautizos de sus nietas, pero de Isa nada. Ni del primer hijo, que se tuvo que esperar cuatro a\u00f1os para bautizarlo y tampoco fue.\u00a0<\/p>\n<ul>\n<li>Sobre el embrazado de Isa<\/li>\n<\/ul>\n<p>A m\u00ed lo que me lleg\u00f3 es que <strong>su hermano quer\u00eda que abortara<\/strong>. Al padre quer\u00eda quitarlo del medio, encerrarle a la hija tambi\u00e9n con su hijo. Mi ni\u00f1a estaba avanzada. Su ginec\u00f3loga estaba en M\u00e1laga. Entonces hubo un momento que ya no fuimos para Fuengirola, pero claro, <strong>nadie sab\u00eda que estaba embarazada<\/strong>. Las amistades que ella ten\u00eda en Fuengirola, como si no estuviera aqu\u00ed, encerrada en el \u00e1tico de Fuengirola otra vez. Mi ni\u00f1a solita.<\/p>\n<p>Le digo, no te puedes ir porque la ginec\u00f3loga ha dicho que ya est\u00e1 la cosita. Menos mal que me hizo caso. <strong>Porque empez\u00f3 a tener unos dolores<\/strong>. Y eran contracciones. Y nos fuimos sin nada. Porque lo ten\u00edamos todo preparado, pero mam\u00e1 no lo llevaba. Y se puso de parto. Yo ya fui corriendo a la casa a buscar todas las cosas para el hospital. <strong>Y ya ah\u00ed es cuando yo llam\u00e9 a Alberto<\/strong>. Que estar\u00eda bueno que no pudiera tampoco estar en el parto de su hijo.<\/p>\n<p><img loading=\"lazy\" decoding=\"async\"   src=\"https:\/\/www.europesays.com\/es\/wp-content\/uploads\/2025\/11\/dulce_ee8800e0_251129074335_1200x671.webp.webp\" alt=\"Dulce\" class=\"lazyload\" width=\"1200\" height=\"671\" data-aspectratio=\"1200\/671\"\/>&#13;Mediaset<\/p>\n<p>\u00c9l dec\u00eda se va a enterar mi hermana cuando yo sea como Julio Iglesias. <strong>S\u00ed, es que se le subi\u00f3 la fama<\/strong>. \u00c9l siempre pidiendo dinero, pidiendo todo lo que se le ofreci\u00f3, no lo quiso. A d\u00eda de hoy est\u00e1 pidiendo m\u00e1s dinero para su hermana. Ning\u00fan empresario, a d\u00eda de hoy, con todo lo que ha tenido, no ha querido negociar con \u00e9l. Ahora va de acompa\u00f1ante y no ha tenido un euro en la vida, ni una peseta, porque a m\u00ed ni ha pedido hasta para llamar a una cabina.<\/p>\n<p><strong>No le dejaron ver a su madre<\/strong>. Cuando mueren no avisaron al padre de Anabel, que estaba ya malo en silla de ruedas, y lo llevaron al tanatorio y no permitieron que viera a su madre. Y Anabel ha consentido todo eso. <strong>No lo visitaron ni al hospital cuando estuvo ingresado<\/strong> porque le cortaron la pierna. Por lo visto, el d\u00eda que muere, Anabel llama a su t\u00eda para avisarla de que ya est\u00e1 para irse. Y llega mandando, dici\u00e9ndole a la pobre mujer, a Junco, que se hab\u00eda muerto por su culpa. Cuando ella ha estado siempre cuid\u00e1ndolo. Muy fuerte.<\/p>\n","protected":false},"excerpt":{"rendered":"Era el testimonio que faltaba. Dulce, la que fuese ni\u00f1era de Isa Pantoja, se ha sentado en el&hellip;\n","protected":false},"author":2,"featured_media":261808,"comment_status":"","ping_status":"","sticky":false,"template":"","format":"standard","meta":{"footnotes":""},"categories":[174],"tags":[255,146,147,25,24,256,23],"class_list":{"0":"post-261807","1":"post","2":"type-post","3":"status-publish","4":"format-standard","5":"has-post-thumbnail","7":"category-famosos","8":"tag-celebrities","9":"tag-entertainment","10":"tag-entretenimiento","11":"tag-es","12":"tag-espana","13":"tag-famosos","14":"tag-spain"},"share_on_mastodon":{"url":"https:\/\/pubeurope.com\/@es\/115632294216909353","error":""},"_links":{"self":[{"href":"https:\/\/www.europesays.com\/es\/wp-json\/wp\/v2\/posts\/261807","targetHints":{"allow":["GET"]}}],"collection":[{"href":"https:\/\/www.europesays.com\/es\/wp-json\/wp\/v2\/posts"}],"about":[{"href":"https:\/\/www.europesays.com\/es\/wp-json\/wp\/v2\/types\/post"}],"author":[{"embeddable":true,"href":"https:\/\/www.europesays.com\/es\/wp-json\/wp\/v2\/users\/2"}],"replies":[{"embeddable":true,"href":"https:\/\/www.europesays.com\/es\/wp-json\/wp\/v2\/comments?post=261807"}],"version-history":[{"count":0,"href":"https:\/\/www.europesays.com\/es\/wp-json\/wp\/v2\/posts\/261807\/revisions"}],"wp:featuredmedia":[{"embeddable":true,"href":"https:\/\/www.europesays.com\/es\/wp-json\/wp\/v2\/media\/261808"}],"wp:attachment":[{"href":"https:\/\/www.europesays.com\/es\/wp-json\/wp\/v2\/media?parent=261807"}],"wp:term":[{"taxonomy":"category","embeddable":true,"href":"https:\/\/www.europesays.com\/es\/wp-json\/wp\/v2\/categories?post=261807"},{"taxonomy":"post_tag","embeddable":true,"href":"https:\/\/www.europesays.com\/es\/wp-json\/wp\/v2\/tags?post=261807"}],"curies":[{"name":"wp","href":"https:\/\/api.w.org\/{rel}","templated":true}]}}