{"id":261819,"date":"2025-11-29T09:39:13","date_gmt":"2025-11-29T09:39:13","guid":{"rendered":"https:\/\/www.europesays.com\/es\/261819\/"},"modified":"2025-11-29T09:39:13","modified_gmt":"2025-11-29T09:39:13","slug":"sus-musicos-y-amigos-cuentan-que-supone-el-adios-del-artista-a-los-escenarios","status":"publish","type":"post","link":"https:\/\/www.europesays.com\/es\/261819\/","title":{"rendered":"sus m\u00fasicos y amigos cuentan qu\u00e9 supone el adi\u00f3s del artista a los escenarios"},"content":{"rendered":"<p class=\"article-text\">\n        <a href=\"https:\/\/www.eldiario.es\/cultura\/libros\/canciones-sabina-nacen-academia-calle_1_2224012.html\" data-mrf-recirculation=\"links-noticia\" class=\"link\" rel=\"nofollow noopener\" target=\"_blank\">Joaqu\u00edn Sabina<\/a> (\u00dabeda, Ja\u00e9n, 1949) deja los grandes escenarios tras m\u00e1s de 40 a\u00f1os girando por Espa\u00f1a y parte del extranjero. Este domingo, el Movistar Arena de Madrid acoge su \u00faltimo concierto, el n\u00famero 71 de la gira <a href=\"https:\/\/holayadioslagira.es\/\" target=\"_blank\" data-mrf-recirculation=\"links-noticia\" class=\"link\" rel=\"nofollow noopener\">Hola y Adi\u00f3s<\/a>, con la que ha recorrido la geograf\u00eda espa\u00f1ola, se ha despedido de Am\u00e9rica Latina y ha actuado en ciudades como Londres, Par\u00eds, Los \u00c1ngeles o Nueva York. \u201cJoaqu\u00edn dijo que era el \u00faltimo viaje y es el \u00faltimo viaje\u201d, afirma al otro lado del tel\u00e9fono Jos\u00e9 Emilio Navarro, Berry, su m\u00e1nager desde junio de 1999.\n    <\/p>\n<p>    <a href=\"https:\/\/www.eldiario.es\/cultura\/sintiendolo-documental-sabina_129_9557791.html\" data-mrf-recirculation=\"saber-mas\" data-dl-event=\"saber-mas\" rel=\"nofollow noopener\" target=\"_blank\"><\/p>\n<p class=\"know-more__title\">Sinti\u00e9ndolo mucho, el documental de Sabina<\/p>\n<p>            <img decoding=\"async\" class=\"lazy\" loading=\"lazy\" data-src=\"https:\/\/static.eldiario.es\/clip\/fca668e3-1f37-428f-977b-b54693a365c9_16-9-aspect-ratio_default_0.jpg\" src=\"data:image\/svg+xml,%3Csvg xmlns=\" http:=\"\" viewbox=\"0 0 880 495\" alt=\"Sinti\u00e9ndolo mucho, el documental de Sabina\"\/><\/p>\n<p>                        <\/a><\/p>\n<p class=\"article-text\">\n        Berry, que naci\u00f3 un a\u00f1o antes que el cantante jienense, ya ha vivido el \u00faltimo concierto de <a href=\"https:\/\/www.eldiario.es\/cultura\/serrat-representantes-adoptando-posiciones-no-ayudan-necesita-sistema-democratico_1_12629907.html\" data-mrf-recirculation=\"links-noticia\" class=\"link\" rel=\"nofollow noopener\" target=\"_blank\">Joan Manuel Serrat<\/a> y de Jos\u00e9 Luis Perales, artistas de los que tambi\u00e9n ha sido m\u00e1nager y que en 2022 se bajaron para siempre de los escenarios. \u201cCon la despedida de Serrat pensaba que era mi jubilaci\u00f3n total, pero fue cuando Joaqu\u00edn me dijo que iba a hacer otra gira [en 2023]. Y esta ya s\u00ed es la definitiva\u201d, comenta.\n    <\/p>\n<p class=\"article-text\">\n        Por su lado, Antonio Garc\u00eda de Diego (Toledo, 1949), el m\u00fasico m\u00e1s veterano de la banda, se\u00f1ala que a Sabina \u201cse le ve muy emocionado en el escenario porque sabe lo que est\u00e1 ocurriendo, el cari\u00f1o que le ofrece el p\u00fablico, y la gente se entrega y viene sabiendo que es la \u00faltima vez que lo va a ver\u201d. \u201cDeb\u00ed empezar con Joaqu\u00edn en 1987 o 1988, con el El hombre del traje gris (1988). Yo llevaba mucho tiempo tocando con V\u00edctor Manuel y Ana Bel\u00e9n y tuve que elegir. Fue muy traum\u00e1tico\u201d, recuerda.\n    <\/p>\n<p class=\"article-text\">\n        \u201cAhora las giras son mucho m\u00e1s formales y hay un cierto rigor obligado. Primero porque estamos en unas edades de setenta y tantos a\u00f1os, las circunstancias no son las mismas y f\u00edsicamente no estamos en el mismo lugar. Cuando \u00e9ramos todos m\u00e1s j\u00f3venes hab\u00eda mucho m\u00e1s v\u00e9rtigo y la actitud en el escenario era mucho m\u00e1s desinhibida, m\u00e1s festiva\u201d, reconoce el compositor. Cuando Garc\u00eda de Diego empez\u00f3 a tocar con Sabina, el de \u00dabeda ya hab\u00eda publicado cinco discos en solitario \u2014Inventario (1978), Malas compa\u00f1\u00edas (1980), Ruleta rusa (1984), Juez y parte (1985) y Hotel, dulce hotel (1987)\u2014 y se empezaban a embarcar en grandes giras por Am\u00e9rica.\n    <\/p>\n<p class=\"article-text\">\n        Sobre el futuro profesional a partir del 30 de noviembre, Garc\u00eda de Diego confiesa que \u201csiempre se ha querido retirar con Joaqu\u00edn Sabina\u201d y que se muestra \u201cmuy emocionado\u201d por conseguirlo. Y subraya que no est\u00e1 \u201casustado, como lo pueden estar otros miembros del grupo\u201d, porque es \u201cperro viejo\u201d y sabe lo que viene, que es \u201cm\u00e1s relajo y tranquilidad\u201d. Asegura que seguir\u00e1 con <a href=\"https:\/\/www.instagram.com\/labandasabinera\/?hl=es\" target=\"_blank\" data-mrf-recirculation=\"links-noticia\" class=\"link\" rel=\"nofollow noopener\">La Banda Sabinera<\/a>, formaci\u00f3n con la que recorren diferentes ciudades tocando los \u00e9xitos m\u00e1s destacados del cantante andaluz y en la que tambi\u00e9n participan otros miembros del grupo, como Mara Barros (Huelva, 1980), cantante y corista.\n    <\/p>\n<p class=\"article-text\">\n        La artista onubense es una de las integrantes de la banda que acompa\u00f1a a Sabina en su gira de despedida junto a Antonio Garc\u00eda de Diego (guitarra, teclado y arm\u00f3nica); Jaime As\u00faa y Borja Montenegro (guitarras); Josemi Sagaste (saxo, clarinete, flauta travesera, percusi\u00f3n y teclados); Pedro Barcel\u00f3 (bater\u00eda); y Laura G\u00f3mez Palma (bajo). \u201cEn el concierto de Bilbao terminamos todos llorando\u201d, cuenta Mara Barros, que lleva 16 a\u00f1os trabajando con Sabina, desde la <a href=\"https:\/\/www.jsabina.com\/2009\/10\/26\/primeras-fechas-de-la-gira-vinagre-y-rosas\/\" target=\"_blank\" data-mrf-recirculation=\"links-noticia\" class=\"link\" rel=\"nofollow noopener\">gira de promoci\u00f3n del \u00e1lbum <\/a><a href=\"https:\/\/www.jsabina.com\/2009\/10\/26\/primeras-fechas-de-la-gira-vinagre-y-rosas\/\" target=\"_blank\" data-mrf-recirculation=\"links-noticia\" class=\"link\" rel=\"nofollow noopener\">Vinagre y rosas<\/a><a href=\"https:\/\/www.jsabina.com\/2009\/10\/26\/primeras-fechas-de-la-gira-vinagre-y-rosas\/\" target=\"_blank\" data-mrf-recirculation=\"links-noticia\" class=\"link\" rel=\"nofollow noopener\"> (2009)<\/a>. \u201c\u00c9l siempre amenaza con retirase y no lo cumple. Entonces, te queda la esperanza de que se aburra y haga algo. Pero s\u00ed es cierto que nunca lo ha verbalizado como en esta ocasi\u00f3n\u201d.\u00a0\n    <\/p>\n<p>            <img decoding=\"async\" class=\"lazy\" loading=\"lazy\" data-src=\"https:\/\/static.eldiario.es\/clip\/6a9da8c2-28af-4f80-b35a-9ae7c8767506_16-9-discover-aspect-ratio_default_0.jpg\" src=\"data:image\/svg+xml,%3Csvg xmlns=\" http:=\"\" viewbox=\"0 0 1200 675\" alt=\"Rafael Bravo, Juan y Marite Gama, tres seguidores de Sabina \"\/><\/p>\n<p class=\"article-text\">\n        Seg\u00fan Berry, m\u00e1s de 800.000 personas han asistido a los conciertos de la gira Hola y Adi\u00f3s que arrancaron el pasado 27 de enero en Ciudad de M\u00e9xico. El pasado martes 25 de noviembre, el antiguo Palacio de los Deportes (ahora Movistar Arena)<strong> <\/strong>acog\u00eda la pen\u00faltima actuaci\u00f3n de Joaqu\u00edn Sabina. Eran las 18.00 horas y todav\u00eda no hab\u00eda muchos seguidores de Sabina en los alrededores del recinto. En el bar Las delicias de Goya, situado en\u00a0la calle Fuente del Berro, Rafael Bravo, de 76 a\u00f1os y nacido en M\u00e9xico DF, toma una copa con su amigo Juan \u2014a quien conoce desde hace m\u00e1s de 50 a\u00f1os\u2014 antes del concierto. \u201cMe identifico con Sabina desde que era joven\u201d, dice Bravo. \u201cLo que m\u00e1s me gusta de \u00e9l son sus letras: cada palabra te dice mil cosas\u201d.\n    <\/p>\n<p class=\"article-text\">\n        Este mexicano, que lleva siete a\u00f1os residiendo en Espa\u00f1a, recuerda Y nos dieron las diez como la canci\u00f3n que escuch\u00f3 primero y \u201ccon la que fue conocido en todo M\u00e9xico\u201d. Apoyada en la barra de la cristalera del establecimiento, Marite Gama, de 55 a\u00f1os, escucha la conversaci\u00f3n. \u201cYo tambi\u00e9n soy mexicana y tambi\u00e9n vengo a ver a Sabina\u201d, desvela mientras saluda a su paisano. Marite hab\u00eda aterrizado en Madrid el lunes para asistir a los concierto del 25 y del 30 de noviembre. \u201cCompr\u00e9 las entradas en enero de 2024\u201d, dice. Viajaba sola y no es la primera vez que iba a otro pa\u00eds a ver a Sabina: \u201cTambi\u00e9n he ido a verle a Argentina, al Grand Rex\u201d.\n    <\/p>\n<p>    La despedida de los escenarios, seg\u00fan sus amigos\u00a0<\/p>\n<p class=\"article-text\">\n        El director del Instituto Cervantes y amigo personal de Joaqu\u00edn Sabina, Luis Garc\u00eda Montero, atiende a elDiario.es desde M\u00e9xico, pa\u00eds en el que se encuentra para asistir a la Feria Internacional del Libro de Guadalajara (FIL). El poeta granadino cuenta que estuvo el 17 de noviembre viendo a Sabina en Madrid, aunque siente \u201cmucha rabia\u201d por no poder acudir a la cita de este domingo: \u201cEra el tercero o cuarto de los conciertos de despedida de Joaqu\u00edn al que iba. Fui con mi hija Elisa [hija en com\u00fan con su esposa, la escritora <a href=\"https:\/\/www.eldiario.es\/cultura\/muere-almudena-grandes-61-anos-edad_1_8532193.html\" data-mrf-recirculation=\"links-noticia\" class=\"link\" rel=\"nofollow noopener\" target=\"_blank\">Almudena Grandes<\/a>, fallecida en 2021]. Me emocion\u00f3 mucho al ver el cari\u00f1o de la gente, c\u00f3mo se llena un espacio tan grande que canta y hace suyas las canciones. Joaqu\u00edn se ha convertido en una referencia sentimental y cultural important\u00edsima porque sus canciones forman parte de la vida cotidiana de mucha gente\u201d.\n    <\/p>\n<p class=\"article-text\">\n        Garc\u00eda Montero conoci\u00f3 a Sabina en Granada tras el particular \u201cexilio londinense\u201d del jienense. El cantante residi\u00f3 en la capital inglesa entre 1970 y 1977 despu\u00e9s de huir de Espa\u00f1a al participar en el lanzamiento de un c\u00f3ctel molotov contra una sucursal del Banco de Bilbao en Granada \u2014estudiaba Filolog\u00eda Rom\u00e1nica en la Universidad de Granada\u2014 en protesta por el proceso de Burgos, tal y como ha contado el propio Joaqu\u00edn Sabina en diferentes entrevistas y en biograf\u00edas autorizadas como <a href=\"https:\/\/www.casadellibro.com\/libro-joaquin-sabina-perdonen-la-tristeza\/9788401377013\/726622?srsltid=AfmBOop93Uo6hjLWeehBu435eK0kF__wZm45QZ1AN7HX_I5dhUzb_qDA\" target=\"_blank\" data-mrf-recirculation=\"links-noticia\" class=\"link\" rel=\"nofollow noopener\">Joaqu\u00edn Sabina. Perdonen la tristeza<\/a> (Plaza &amp; Jan\u00e9s, 2000), escrita por el periodista y escritor Javier Men\u00e9ndez Flores.\n    <\/p>\n<p class=\"article-text\">\n        \u201cLo conoc\u00ed a finales de los 70, principios de los 80, en un bar de Granada, La Tertulia. All\u00ed nos reun\u00edamos j\u00f3venes que nos dedic\u00e1bamos a la poes\u00eda, gente de la facultad de letras, algunos tambi\u00e9n involucrados en la pol\u00edtica de la Transici\u00f3n y de la democracia. Joaqu\u00edn ya era alguien que empezaba a ser reconocido por sus discos y tuvo la generosidad en fijarse en lo que estaba escribiendo\u201d, rememora Garc\u00eda Montero. \u201cRecuerdo, por ejemplo, cuando publiqu\u00e9 El jard\u00edn extranjero (1982), con el que hab\u00eda recibido el premio Adonais de Poes\u00eda y, de pronto, la alegr\u00eda que me produjo c\u00f3mo Joaqu\u00edn y Javier Krahe se tomaron muy en serio mi poes\u00eda y la poes\u00eda en general\u201d.\n    <\/p>\n<p>            <img decoding=\"async\" class=\"lazy\" loading=\"lazy\" data-src=\"https:\/\/static.eldiario.es\/clip\/6c713b50-c7a0-4a09-97c3-e95bb129f650_16-9-aspect-ratio_default_1131447.jpg\" src=\"data:image\/svg+xml,%3Csvg xmlns=\" http:=\"\" viewbox=\"0 0 6000 3375\" alt=\"Sabina, en un concierto en Zaragoza\"\/><\/p>\n<p class=\"article-text\">\n        Desde entonces y hasta hoy, han mantenido una estrecha relaci\u00f3n de amistad fraguada en su amor por las letras lo que les ha hecho pasar muchos momentos en Madrid y en Rota, localidad gaditana donde los dos tienen una casa y pasan veranos juntos. \u201cEn los viajes en coche que hac\u00eda con Almudena entre Madrid y Granada escuch\u00e1bamos sus canciones. Y Almudena, cuando estaba escribiendo y ten\u00eda dudas, se pon\u00eda a bailar, y muchas veces eran canciones de Joaqu\u00edn\u201d, recuerda Garc\u00eda Montero con nostalgia.\n    <\/p>\n<p class=\"article-text\">\n        Otro amigo com\u00fan, Benjam\u00edn Prado, tambi\u00e9n ha pasado (y disfruta) veranos en Rota. En su caso, el poeta, novelista y ensayista madrile\u00f1o s\u00ed tiene la oportunidad de acudir al \u00faltimo concierto de Sabina. \u201cYo creo que \u00e9l no se retira de la m\u00fasica, ni siquiera de las actuaciones en vivo. Se despide de las grandes giras\u201d, opina el escritor. \u201cEs normal que si eres un se\u00f1or de 76 a\u00f1os, salvo que seas Bob Dylan, te lo tomes con calma. Joaqu\u00edn va a seguir escribiendo canciones, va a seguir pintando y va a seguir escribiendo sonetos. Y si un d\u00eda le apetece dar un concierto en el teatro de al lado de su casa, pues lo har\u00e1\u201d.\n    <\/p>\n<p class=\"article-text\">\n        Se trata de una persona que conoce a Joaqu\u00edn Sabina desde hace \u201c42 o 43 a\u00f1os\u201d. Tal y como explica por tel\u00e9fono a este peri\u00f3dico, fue en un local situado debajo del viaducto de la calle Segovia de Madrid. Se llamaba \u2018El rinc\u00f3n del arte nuevo\u2019 y Sabina iba a cantar cuando todav\u00eda no era muy conocido. \u201cYo estaba tomando cervezas sin hacer mucho caso a la m\u00fasica cuando escuch\u00e9 algo que me interes\u00f3 mucho y dije: \u2018Qu\u00e9 onda m\u00e1s Dylan, qu\u00e9 buena letra y tal\u201d, cuenta Prado. La canci\u00f3n que escuch\u00f3 fue Calle Melancol\u00eda, incluida en su segundo trabajo, Malas Compa\u00f1\u00edas (1980). \u201cYo ten\u00eda 20 a\u00f1os; \u00e9l, 33. Hablamos de mi amistad con Rafael Alberti y, si no recuerdo mal, tambi\u00e9n de Gil de Biedma. Desde entonces, nos hemos hecho amigos, casi como hermanos, y dejamos demostrado que las amistades bonitas son las que empiezan en los bares\u201d, a\u00f1ade.\n    <\/p>\n<blockquote class=\"quote\">\n<p class=\"quote-text\">Su compromiso con el texto, la rima interna, la dosis exacta de cursiler\u00eda que necesitan las canciones\u2026 Mi manera de escribir mut\u00f3 bastante al convivir con Sabina y entend\u00ed r\u00e1pido que la canci\u00f3n est\u00e1 por delante de todo<\/p>\n<p>\n                        Leiva<br \/>\n                                        \u2014 Cantante\n                      <\/p>\n<\/blockquote>\n<p class=\"article-text\">\n        El ganador del prestigioso Premio Hiperi\u00f3n de poes\u00eda en 1995 por Cobijo contra la tormenta es creador, a cuatro manos, de un buen pu\u00f1ado de canciones de Sabina. Entre otras, ha participado como coautor de las letras en los \u00e1lbumes Vinagre y rosas (2009) y Lo niego todo (2017). Sobre esta experiencia afirma que ha aprendido \u201cmuch\u00edsimo\u201d y que \u201cespera seguir aprendiendo\u201d: \u201cVer desde el taller c\u00f3mo construye un genio, c\u00f3mo le funciona la cabeza, c\u00f3mo va aplicando cambios a las canciones que las hacen sorprendentes cada tres versos\u2026 Es jodido intentar estar a la altura porque es una batalla perdida y un trabajo duro no quedarte muy atr\u00e1s [r\u00ede]\u201d.\n    <\/p>\n<p>            <img decoding=\"async\" class=\"lazy\" loading=\"lazy\" data-src=\"https:\/\/static.eldiario.es\/clip\/80080688-1b7d-4a68-b007-1523b62862a9_16-9-aspect-ratio_default_1131467.jpg\" src=\"data:image\/svg+xml,%3Csvg xmlns=\" http:=\"\" viewbox=\"0 0 4270 2402\" alt=\"Leiva y Joaqu\u00edn Sabina, actuando en los Premios Goya de 2022\"\/><\/p>\n<p class=\"article-text\">\n        En este proceso de co-creaci\u00f3n de las canciones de Joaqu\u00edn Sabina lleva un tiempo participando <a href=\"https:\/\/www.eldiario.es\/cultura\/cine\/leiva-algoritmo-inmediatez-exito-devorando-musica_1_12699061.html\" data-mrf-recirculation=\"links-noticia\" class=\"link\" rel=\"nofollow noopener\" target=\"_blank\">Leiva<\/a>. El ex de Pereza produjo el disco Lo niego todo y ha participado en la composici\u00f3n (musical o letra) de las \u00faltimas canciones del artista. El artista madrile\u00f1o cuenta a elDiario.es que su primer encuentro tuvo lugar en 2001, cuando, una noche, acabaron \u00e9l y Rub\u00e9n Pozo (ex de Pereza) en casa de Sabina gracias al futbolista Guti, que era amigo com\u00fan. \u201cFue una noche larga jugando al billar en el sal\u00f3n de su casa y escuchando a Los Rodr\u00edguez. Joaqu\u00edn fue divino con Rub\u00e9n y conmigo. Hubo mucha conexi\u00f3n a pesar de la diferencia de edad\u201d.\n    <\/p>\n<p class=\"article-text\">\n        \u201cEs la persona con las que m\u00e1s canciones he escrito y m\u00e1s he trabajado delante de un papel en blanco\u201d, sostiene Leiva. \u201cSu compromiso con el texto, la rima interna, la dosis exacta de cursiler\u00eda que necesitan las canciones\u2026 Mi manera de escribir mut\u00f3 bastante al convivir con \u00e9l y entend\u00ed r\u00e1pido que la canci\u00f3n est\u00e1 por delante de todo\u201d, indica. El compositor madrile\u00f1o destaca que vive la retirada de Sabina de los escenarios \u201ccon cierto alivio por \u00e9l\u201d, que ya les ha \u201cdado demasiado\u201d.\n    <\/p>\n<p>    <a href=\"https:\/\/www.eldiario.es\/cultura\/musica\/joaquin-sabina-redencion-madrid-gira-marcada-ausencias_129_10231386.html\" data-mrf-recirculation=\"saber-mas-abajo\" data-dl-event=\"saber-mas-abajo\" rel=\"nofollow noopener\" target=\"_blank\"><\/p>\n<p class=\"know-more__title\">Joaqu\u00edn Sabina consigue su redenci\u00f3n en Madrid en una gira marcada por las ausencias<\/p>\n<p>            <img decoding=\"async\" class=\"lazy\" loading=\"lazy\" data-src=\"https:\/\/static.eldiario.es\/clip\/bc2b5d22-92ee-4b96-badb-39b3e9b40a71_16-9-aspect-ratio_default_0.jpg\" src=\"data:image\/svg+xml,%3Csvg xmlns=\" http:=\"\" viewbox=\"0 0 880 495\" alt=\"Joaqu\u00edn Sabina consigue su redenci\u00f3n en Madrid en una gira marcada por las ausencias\"\/><\/p>\n<p>                        <\/a><\/p>\n<p class=\"article-text\">\n        \u201cPienso en su felicidad por delante de lo dem\u00e1s y todo lo que le gusta en la vida. Compromete su voz en la gira y el ejercicio monacal al que se tiene que someter para que todo suceda se lleva por delante una gran parte de la diversi\u00f3n\u201d. Sobre un nuevo trabajo musical del genio de \u00dabeda, Leiva confirma que siguen con su \u201cplan de hacer un disco\u201d. \u201cSi contin\u00faa ejercitando la creaci\u00f3n sin presi\u00f3n, creo que va a estar mejor que nunca\u201d.\n    <\/p>\n<p>                                    <script async src=\"\/\/www.instagram.com\/embed.js\"><\/script><\/p>\n","protected":false},"excerpt":{"rendered":"Joaqu\u00edn Sabina (\u00dabeda, Ja\u00e9n, 1949) deja los grandes escenarios tras m\u00e1s de 40 a\u00f1os girando por Espa\u00f1a y&hellip;\n","protected":false},"author":2,"featured_media":261820,"comment_status":"","ping_status":"","sticky":false,"template":"","format":"standard","meta":{"footnotes":""},"categories":[91],"tags":[6831,19156,1830,9211,146,147,25,15158,24,8488,725,59613,23,10298,3667,65332],"class_list":{"0":"post-261819","1":"post","2":"type-post","3":"status-publish","4":"format-standard","5":"has-post-thumbnail","7":"category-entretenimiento","8":"tag-adios","9":"tag-amigos","10":"tag-artista","11":"tag-cuentan","12":"tag-entertainment","13":"tag-entretenimiento","14":"tag-es","15":"tag-escenarios","16":"tag-espana","17":"tag-joaquin","18":"tag-musicos","19":"tag-sabina","20":"tag-spain","21":"tag-supone","22":"tag-ultimo","23":"tag-vals"},"share_on_mastodon":{"url":"https:\/\/pubeurope.com\/@es\/115632325496838977","error":""},"_links":{"self":[{"href":"https:\/\/www.europesays.com\/es\/wp-json\/wp\/v2\/posts\/261819","targetHints":{"allow":["GET"]}}],"collection":[{"href":"https:\/\/www.europesays.com\/es\/wp-json\/wp\/v2\/posts"}],"about":[{"href":"https:\/\/www.europesays.com\/es\/wp-json\/wp\/v2\/types\/post"}],"author":[{"embeddable":true,"href":"https:\/\/www.europesays.com\/es\/wp-json\/wp\/v2\/users\/2"}],"replies":[{"embeddable":true,"href":"https:\/\/www.europesays.com\/es\/wp-json\/wp\/v2\/comments?post=261819"}],"version-history":[{"count":0,"href":"https:\/\/www.europesays.com\/es\/wp-json\/wp\/v2\/posts\/261819\/revisions"}],"wp:featuredmedia":[{"embeddable":true,"href":"https:\/\/www.europesays.com\/es\/wp-json\/wp\/v2\/media\/261820"}],"wp:attachment":[{"href":"https:\/\/www.europesays.com\/es\/wp-json\/wp\/v2\/media?parent=261819"}],"wp:term":[{"taxonomy":"category","embeddable":true,"href":"https:\/\/www.europesays.com\/es\/wp-json\/wp\/v2\/categories?post=261819"},{"taxonomy":"post_tag","embeddable":true,"href":"https:\/\/www.europesays.com\/es\/wp-json\/wp\/v2\/tags?post=261819"}],"curies":[{"name":"wp","href":"https:\/\/api.w.org\/{rel}","templated":true}]}}