{"id":261821,"date":"2025-11-29T09:41:17","date_gmt":"2025-11-29T09:41:17","guid":{"rendered":"https:\/\/www.europesays.com\/es\/261821\/"},"modified":"2025-11-29T09:41:17","modified_gmt":"2025-11-29T09:41:17","slug":"masterchef-organiza-un-casting-abierto-en-santander-con-150-candidatos-este-fin-de-semana","status":"publish","type":"post","link":"https:\/\/www.europesays.com\/es\/261821\/","title":{"rendered":"Masterchef organiza un casting abierto en Santander con 150 candidatos este fin de semana"},"content":{"rendered":"<p>Este s\u00e1bado, el Palacio de Deportes de Santander ser\u00e1 el escenario de un casting especial para Masterchef, con la participaci\u00f3n de 150 aspirantes que desean unirse a la pr\u00f3xima edici\u00f3n del conocido programa de televisi\u00f3n. El acceso al evento es completamente gratuito y se desarrollar\u00e1 desde las 11:00 hasta las 20:00 horas.<\/p>\n<p>Este casting constituye la etapa final en persona del concurso digital \u2018Reto MasterChef World\u2019, tambi\u00e9n conocido como \u2018El Sabor del Esfuerzo\u2019. Durante la jornada, los visitantes podr\u00e1n participar en sorteos y disfrutar de degustaciones de productos t\u00edpicos y artesan\u00eda local, todo ello en colaboraci\u00f3n con Sabe a Norte, una iniciativa del Gobierno de Cantabria.<\/p>\n<p>Adem\u00e1s, se contar\u00e1 con el apoyo del Parque de la Naturaleza de Cab\u00e1rceno, la Consejer\u00eda de Turismo y el Ayuntamiento de Santander. Entre las atracciones del d\u00eda, MasterChef ofrecer\u00e1 un mercado de productos locales llamado La Despensa C\u00e1ntabra y contar\u00e1 con la asistencia de figuras destacadas como Raquel Mero\u00f1o y el youtuber Luzu, quienes formar\u00e1n equipos en el lugar.<\/p>\n","protected":false},"excerpt":{"rendered":"Este s\u00e1bado, el Palacio de Deportes de Santander ser\u00e1 el escenario de un casting especial para Masterchef, con&hellip;\n","protected":false},"author":2,"featured_media":261822,"comment_status":"","ping_status":"","sticky":false,"template":"","format":"standard","meta":{"footnotes":""},"categories":[80],"tags":[82,95,94,25,24,23],"class_list":{"0":"post-261821","1":"post","2":"type-post","3":"status-publish","4":"format-standard","5":"has-post-thumbnail","7":"category-economia","8":"tag-business","9":"tag-economia","10":"tag-economy","11":"tag-es","12":"tag-espana","13":"tag-spain"},"share_on_mastodon":{"url":"https:\/\/pubeurope.com\/@es\/115632333401408764","error":""},"_links":{"self":[{"href":"https:\/\/www.europesays.com\/es\/wp-json\/wp\/v2\/posts\/261821","targetHints":{"allow":["GET"]}}],"collection":[{"href":"https:\/\/www.europesays.com\/es\/wp-json\/wp\/v2\/posts"}],"about":[{"href":"https:\/\/www.europesays.com\/es\/wp-json\/wp\/v2\/types\/post"}],"author":[{"embeddable":true,"href":"https:\/\/www.europesays.com\/es\/wp-json\/wp\/v2\/users\/2"}],"replies":[{"embeddable":true,"href":"https:\/\/www.europesays.com\/es\/wp-json\/wp\/v2\/comments?post=261821"}],"version-history":[{"count":0,"href":"https:\/\/www.europesays.com\/es\/wp-json\/wp\/v2\/posts\/261821\/revisions"}],"wp:featuredmedia":[{"embeddable":true,"href":"https:\/\/www.europesays.com\/es\/wp-json\/wp\/v2\/media\/261822"}],"wp:attachment":[{"href":"https:\/\/www.europesays.com\/es\/wp-json\/wp\/v2\/media?parent=261821"}],"wp:term":[{"taxonomy":"category","embeddable":true,"href":"https:\/\/www.europesays.com\/es\/wp-json\/wp\/v2\/categories?post=261821"},{"taxonomy":"post_tag","embeddable":true,"href":"https:\/\/www.europesays.com\/es\/wp-json\/wp\/v2\/tags?post=261821"}],"curies":[{"name":"wp","href":"https:\/\/api.w.org\/{rel}","templated":true}]}}