{"id":261823,"date":"2025-11-29T09:42:51","date_gmt":"2025-11-29T09:42:51","guid":{"rendered":"https:\/\/www.europesays.com\/es\/261823\/"},"modified":"2025-11-29T09:42:51","modified_gmt":"2025-11-29T09:42:51","slug":"el-veto-a-las-aerolineas-impuesto-por-el-regimen-de-maduro-deja-varados-a-miles-y-profundiza-el-aislamiento-de-los-venezolanos-infobae","status":"publish","type":"post","link":"https:\/\/www.europesays.com\/es\/261823\/","title":{"rendered":"El veto a las aerol\u00edneas impuesto por el r\u00e9gimen de Maduro deja varados a miles y profundiza el aislamiento de los venezolanos &#8211; Infobae"},"content":{"rendered":"<ol>\n<li><a href=\"https:\/\/news.google.com\/rss\/articles\/CBMi9gFBVV95cUxNVFFUWHJBSW5OTWdOQTgtX25MM1VDUWVyVUdNaTVlM19pcFhPTl9mMFdVb0Q2M20tbGZNdnlsOEtEZzMyRVFmRVlLZ2NNczBEdGdtUlRrTnNVNGNsSThCd0t1b1k2YVF5VlRyeTYwbzQxaW1jdjhUTG1wUmpMbWNEMDc3dS1ST3cyMnl1SGozakV4bUFud0JmbkFxTEp3dmpjYTd0eS1ZeEhEUWRZSE96QTZpaXhjRHQ5ZWFoNWIzVjNvRk53RjVjS0thZk5fTnJrOXFQYmJhMC1zT3R6bVpfdFJnVTZScVZnTnNoY2MwQ3R2OVY2VHfSAZACQVVfeXFMTUMtMUdwdDRGTHFhRUJGN2xlbWZzSUlpU2I2bnctU29CUXZ3N2ZPU2dvd2JUOXFBZk93cWpqOGZUc1hkbEdUOW5vOHVRUTE1bHdtY2xSMllZXzBIUVVlY2FudjRQUm5SbEFjQkswV3phcUI0SVBXd01SLXRvLTVVZTlScFZlSUFkSDRrd2xJbC1aSWtfTDBybEtVVnRVYXhjalVFb0NTWXV3OFQ3RUJ3cHQ4STR0dWl0MEJHQVdwTHdkTm9fYm1ib2gtQUJKM29IM1ZTVlJXNEVtNmI3eUJFTGZqY0tEWmVPaG15TzFaUjZIbVNReS0waXBqUFZEbkd6ODRPa0wybGFvRk5sTERTWDE?oc=5\" target=\"_blank\" rel=\"nofollow noopener\">El veto a las aerol\u00edneas impuesto por el r\u00e9gimen de Maduro deja varados a miles y profundiza el aislamiento de los venezolanos<\/a>&nbsp;&nbsp;Infobae<\/li>\n<li><a href=\"https:\/\/news.google.com\/rss\/articles\/CBMigwJBVV95cUxNQjVTcVh5SXhiSUc5X01fTk96Ymxsbi1BYUNSWkh2X1NBS1RxUzM2RmZRa29Ib0tPUGg5bVJyaW11bXJjWjBjbWpITmQxbUJrcmRZRFpKWXIwVFA4emswLUxmeEYzd09CT3NMbXFZNVZtcW9FLTlLc214NmpqVXB3eUZkTWFWSTY2YWg2Y1lYOGM4bUxHQV9EQ1R5YlRvT0U5OUF4WlJJbDBwT3BISUk4cTFkOHN4QUJZenBjcnI0WEpVR0NhM293amNBOVg4LXlOU3RLU1RsOFBpS1VPWEpUWnBHbUI1LTluM2FwRVFrcThqWWJtaWVZd21NajlsNU1NdnBj?oc=5\" target=\"_blank\" rel=\"nofollow noopener\">Tripulaciones tiroteadas, miedo a dormir en Caracas y retenci\u00f3n de pagos: as\u00ed es la realidad de las aerol\u00edneas en Venezuela<\/a>&nbsp;&nbsp;El Espa\u00f1ol<\/li>\n<li><a href=\"https:\/\/news.google.com\/rss\/articles\/CBMi-gFBVV95cUxQV3RHZFBxX0M1TVRaLV9pWkx3cGQ1bVBIUXl2Um8wSDA4ckd6UGpWaEhIOUFuQy1ONGhVZjF1cVZHUVZGSlZpXzdPNGt5Y2dqR3lUSmRyZXNNUXJiT19xLTlWWUd2Y1hpeFRYVmU2TWpuNTJ2MnVKSjVyY0ZQWTVzY3pIR3F5LU10MnJtVUZ5S1h6QjRvSmtlbGVhNlg2cDA3YkNFOGI5bElUaHlkTDJQWXJhaXFNT1hKeG9FWlNGU3JmdW80RWllUXh1MGF4eDREcHlLY0c1TUpkY1pEX3ZmSE52a1U5Vko0ZXE2QnlyZGZhaDN5TVFCRVNn?oc=5\" target=\"_blank\" rel=\"nofollow noopener\">Iberia conf\u00eda en volver a Venezuela \u201ccuando se den condiciones de plena seguridad\u201d pese a la retirada de su derecho de vuelo<\/a>&nbsp;&nbsp;EL PA\u00cdS<\/li>\n<li><a href=\"https:\/\/news.google.com\/rss\/articles\/CBMiqwFBVV95cUxQZndTUnpBTlo4eml6MXdSeUN5WjZJODV3RGZ4N1hKVDFjM0Q3bDNNaHh0M2VVMXdsQjJtZ3Z2QXAxNVV0LTNPZnd0ZlNwdmE1SV9STERLUUhMOWkwaUNHNEpmeW1wWlNlNEdRWFF0bDFwNHVVWjVOR0ZZZ0xHYzd2S3JEdDdvNXNMWWR4eGx3VjFCekQ5TzZIRE1JSUd0c0NFMUtLZm9OVm1MbVk?oc=5\" target=\"_blank\" rel=\"nofollow noopener\">Crisis a\u00e9rea: 14 vuelos y pocos pasajeros en el principal aeropuerto de Venezuela<\/a>&nbsp;&nbsp;ABC<\/li>\n<li><a href=\"https:\/\/news.google.com\/rss\/articles\/CBMi8gFBVV95cUxOVXhMNGpxTTE5dkdLVmFlay1YOGZJQXd0SC1YNjc4U29HbGU4bTFsNlN3ZldhbWJDeF9US0xuLWx3eG5kQzNyQnMyNTBjZ2NNdWI2WW1FSjBRMndqbU51MXRraUFlc2tTRExsc2FpY2tvVll2WXFwS0xlZEFjaXktWE9sT3N1bFktLTZ0SjdFbkFHd3RwQ084Z3plLTA1N1p0QnRNTnF0M1hTUFFiMGxFVzhPWnF5UVdIZWtBaXlCbHdBZTdKbmlkZDdjTnJLWU1QanBsemRQempsWTFQbHplWWthNGJKel9NMFRKeU55MllsQQ?oc=5\" target=\"_blank\" rel=\"nofollow noopener\">Venezuela corre el riesgo de quedar aislada tras amenazar con cerrar su espacio a\u00e9reo<\/a>&nbsp;&nbsp;La Voz de Galicia<\/li>\n<\/ol>\n","protected":false},"excerpt":{"rendered":"El veto a las aerol\u00edneas impuesto por el r\u00e9gimen de Maduro deja varados a miles y profundiza el&hellip;\n","protected":false},"author":2,"featured_media":248356,"comment_status":"","ping_status":"","sticky":false,"template":"","format":"standard","meta":{"footnotes":""},"categories":[42],"tags":[17,18,13,14,11,61,62,63,64,19,20,9,10,15,16,12,21,22,65,66,67],"class_list":{"0":"post-261823","1":"post","2":"type-post","3":"status-publish","4":"format-standard","5":"has-post-thumbnail","7":"category-internacional","8":"tag-breaking-news","9":"tag-breakingnews","10":"tag-featured-news","11":"tag-featurednews","12":"tag-headlines","13":"tag-internacional","14":"tag-international","15":"tag-international-news","16":"tag-internationalnews","17":"tag-latest-news","18":"tag-latestnews","19":"tag-news","20":"tag-noticias","21":"tag-noticias-destacadas","22":"tag-noticiasdestacadas","23":"tag-titulares","24":"tag-ultimas-noticias","25":"tag-ultimasnoticias","26":"tag-world","27":"tag-world-news","28":"tag-worldnews"},"share_on_mastodon":{"url":"https:\/\/pubeurope.com\/@es\/115632341251427133","error":""},"_links":{"self":[{"href":"https:\/\/www.europesays.com\/es\/wp-json\/wp\/v2\/posts\/261823","targetHints":{"allow":["GET"]}}],"collection":[{"href":"https:\/\/www.europesays.com\/es\/wp-json\/wp\/v2\/posts"}],"about":[{"href":"https:\/\/www.europesays.com\/es\/wp-json\/wp\/v2\/types\/post"}],"author":[{"embeddable":true,"href":"https:\/\/www.europesays.com\/es\/wp-json\/wp\/v2\/users\/2"}],"replies":[{"embeddable":true,"href":"https:\/\/www.europesays.com\/es\/wp-json\/wp\/v2\/comments?post=261823"}],"version-history":[{"count":0,"href":"https:\/\/www.europesays.com\/es\/wp-json\/wp\/v2\/posts\/261823\/revisions"}],"wp:featuredmedia":[{"embeddable":true,"href":"https:\/\/www.europesays.com\/es\/wp-json\/wp\/v2\/media\/248356"}],"wp:attachment":[{"href":"https:\/\/www.europesays.com\/es\/wp-json\/wp\/v2\/media?parent=261823"}],"wp:term":[{"taxonomy":"category","embeddable":true,"href":"https:\/\/www.europesays.com\/es\/wp-json\/wp\/v2\/categories?post=261823"},{"taxonomy":"post_tag","embeddable":true,"href":"https:\/\/www.europesays.com\/es\/wp-json\/wp\/v2\/tags?post=261823"}],"curies":[{"name":"wp","href":"https:\/\/api.w.org\/{rel}","templated":true}]}}