{"id":261824,"date":"2025-11-29T09:44:18","date_gmt":"2025-11-29T09:44:18","guid":{"rendered":"https:\/\/www.europesays.com\/es\/261824\/"},"modified":"2025-11-29T09:44:18","modified_gmt":"2025-11-29T09:44:18","slug":"dirigentes-del-pp-piden-ya-la-mocion-de-censura-aunque-se-pierda","status":"publish","type":"post","link":"https:\/\/www.europesays.com\/es\/261824\/","title":{"rendered":"Dirigentes del PP piden ya la moci\u00f3n de censura aunque se pierda"},"content":{"rendered":"<p style=\"\">\u00abSi no es ahora, va a ser dif\u00edcil encontrar cu\u00e1ndo. El escenario se ha vuelto insoportable. Cada semana se vuelve peor. Es muy dif\u00edcil justificar ante los nuestros, tambi\u00e9n ante los votantes, que no hacemos algo m\u00e1s. Todo lo que est\u00e9 en nuestra mano\u00bb.  &#8230; La reflexi\u00f3n de dirigentes de distintos niveles, algunos muy cercanos a Alberto N\u00fa\u00f1ez Feij\u00f3o, y que<strong> hace meses defend\u00edan que era un error<\/strong> presentar la moci\u00f3n de censura sin apoyos suficientes \u2013la tesis que sigue manejando, al menos p\u00fablicamente, el l\u00edder del partido\u2013 prueba que algo ha cambiado entre algunos sectores del PP. El debate sobrevuela con fuerza las siglas populares desde hace d\u00edas, cuando en la c\u00fapula empezaron a sopesar la posibilidad de que<a href=\"https:\/\/www.abc.es\/espana\/moncloa-entra-guerra-abalos-dejamos-chantajear-20251128151642-nt.html\" target=\"_self\" data-voc-vtm-id=\"in-text-traffic\" title=\" Jos\u00e9 Luis \u00c1balos\" rel=\"nofollow noopener\"> Jos\u00e9 Luis \u00c1balos<\/a> entrara en prisi\u00f3n. Finalmente ocurri\u00f3.<\/p>\n<p class=\"voc-p\" style=\"\">Feij\u00f3o nunca ha sido partidario de presentarla si no tiene amarrados los votos porque est\u00e1 convencido de que su derrota ser\u00eda una victoria que reforzar\u00eda a Pedro S\u00e1nchez en un momento de extrema debilidad. Por eso, en distintos momentos a lo largo del \u00faltimo a\u00f1o ha hecho llamamientos a los socios parlamentarios, mirando a Junts y PNV \u2013partido con el que las relaciones est\u00e1n muy deterioradas\u2013. Igual que volvi\u00f3 a hacer ayer desde Barcelona, cuando visit\u00f3 la casa de la patronal catalana y pidi\u00f3 a los empresarios que le ayudaran a presionar a las formaciones catalanas. En realidad, era un mensaje dirigido en exclusiva a Junts.<\/p>\n<p class=\"voc-p\" style=\"\">Pero internamente algo ha cambiado. En el PP hay dirigentes que asumen que <a href=\"https:\/\/www.abc.es\/espana\/koldo-abalos-heredan-carcel-dejo-tocado-santos-20251128172217-nt.html\" target=\"_self\" data-voc-vtm-id=\"in-text-traffic\" title=\"la entrada en prisi\u00f3n de \u00c1balos\" rel=\"nofollow noopener\">la entrada en prisi\u00f3n de \u00c1balos<\/a> no puede ser un elemento m\u00e1s. Entienden que la<strong> acumulaci\u00f3n de esc\u00e1ndalos<\/strong>, llegado este punto \u2013con la familia del presidente procesada o investigada, la condena del fiscal general, la situaci\u00f3n de Santos Cerd\u00e1n y la investigaci\u00f3n en la Audiencia Nacional sobre las finanzas del Partido Socialista\u2014 tiene que tener un l\u00edmite. \u00abUna respuesta pol\u00edtica\u00bb por parte del PP, zanjan. <\/p>\n<p class=\"voc-p\" style=\"\">Consideran que es dif\u00edcil mantener el discurso de \u00abno dejarse anestesiar\u00bb y evitar \u00abla resignaci\u00f3n\u00bb \u2013como pide a diario Feij\u00f3o\u2013 si al mismo tiempo el primer partido de la oposici\u00f3n no da un golpe de tim\u00f3n. Algunos dirigentes creen que el PP <strong>corre el riesgo de formar parte del bucle<\/strong> en el que se ha instalado la pol\u00edtica espa\u00f1ola. El Gobierno suma ahora la incapacidad para aprobar la senda de estabilidad y, por tanto, los Presupuestos.<\/p>\n<p>\nAsumir el riesgo\n<\/p>\n<p class=\"voc-p\" style=\"\">Esos dirigentes populares insisten en que, en el fondo, la \u00fanica manera de agitar el tablero y retratar a los socios \u2013despu\u00e9s de que Junts haya proclamado su ruptura con S\u00e1nchez\u2013 es llevar el \u00f3rdago hasta el final. Asumiendo el riesgo, reconocen, de perder la moci\u00f3n de censura como en este momento todo parece indicar.<strong> \u00abA veces hay que dar un paso para que otros no lo den por ti,<\/strong> o no ocupen tu espacio\u00bb, reflexionan, en clara alusi\u00f3n a la crecida de Vox en todas las encuestas y con la preocupaci\u00f3n de que, aun en el momento de mayor debilidad del Ejecutivo socialista, el PP tambi\u00e9n pierda fuelle y se desgaste.<\/p>\n<p class=\"voc-p\" style=\"\">Por eso, la decisi\u00f3n de convocar <a href=\"https:\/\/www.abc.es\/espana\/manifestacion-pp-madrid-pedro-sanchez-corrupcion-tras-20251130171217-di.html\" target=\"_self\" data-voc-vtm-id=\"in-text-traffic\" title=\"una nueva manifestaci\u00f3n este domingo\" rel=\"nofollow noopener\">una nueva manifestaci\u00f3n este domingo<\/a> en Madrid se qued\u00f3 \u00abmuy corta\u00bb para algunos dirigentes. En la direcci\u00f3n nacional esperaron la decisi\u00f3n del juez sobre \u00c1balos y Koldo Garc\u00eda para hacer una valoraci\u00f3n oficial. En G\u00e9nova estudiaron distintas opciones, aunque la manifestaci\u00f3n ya estaba encima de la mesa desde hac\u00eda horas, cuando empezaron a solicitar los permisos para poder concentrar a la ciudadan\u00eda en el Templo de Debod, en pleno centro de Madrid. Solo la convocar\u00edan si finalmente \u00c1balos entraba en prisi\u00f3n.<\/p>\n<p class=\"voc-title\">Hay dirigentes que reconocen el riesgo: \u00abA veces hay que dar un paso para que otros no lo den por ti ni ocupen tu espacio\u00bb<\/p>\n<p class=\"voc-p\" style=\"\">El PP ha encabezado muchas manifestaciones en el \u00faltimo a\u00f1o. La \u00faltima fue antes del verano, el 8 de junio, y en ella inauguraron el lema de \u00abmafia o democracia\u00bb. A\u00fan tendr\u00edan que pasar tres semanas desde aquel d\u00eda para que Santos Cerd\u00e1n ingresara en Soto del Real. Y antes hubo concentraciones en contra de la amnist\u00eda y de<strong> otros pactos del Gobierno<\/strong> con el objetivo de canalizar el malestar de la ciudadan\u00eda ante unas elecciones que no llegan. Tambi\u00e9n hab\u00eda una intenci\u00f3n de que Vox no pudiera arrebatar al PP esa movilizaci\u00f3n en las calles. <\/p>\n<p class=\"voc-p\" style=\"\">En G\u00e9nova esperaban y deseaban a partes iguales la decisi\u00f3n del Tribunal Supremo el pasado jueves. La sensaci\u00f3n en las filas populares es agridulce porque el margen de maniobra es muy estrecho. <strong>S\u00e1nchez no da muestras de reaccionar<\/strong> aunque el escenario se agrave cada d\u00eda. La convicci\u00f3n generalizada en el PP es que el presidente aguantar\u00e1 todo lo que pueda. En este marco llega el \u00abahora o nunca\u00bb mirando a la moci\u00f3n.<\/p>\n<p>\n\u00abImpasibles\u00bb\n<\/p>\n<p class=\"voc-p\" style=\"\">Hubo una frase durante la comparecencia del l\u00edder del PP el jueves por la tarde que hizo saltar las alarmas entre muchos dirigentes. Feij\u00f3o hab\u00eda asegurado que \u00abla manzana podrida\u00bb era en realidad S\u00e1nchez. Y auguraba que no convocar\u00eda elecciones porque tratar\u00e1 de retener el poder. A continuaci\u00f3n afirm\u00f3: \u00abPero eso no puede traducirse en que todos los que consideramos que esta situaci\u00f3n es insostenible permanezcamos impasibles\u00bb. La palabra fue esa. Impasibles. Hubo cruces de mensajes entre algunos de estos dirigentes. Se revolvieron en la silla desde la que segu\u00edan la comparecencia. Llegaron a pensar que pod\u00eda ser el momento del anuncio. Que iba a jugar la carta final. Pero todo se qued\u00f3 en la concentraci\u00f3n de este domingo en Madrid.<\/p>\n<p class=\"voc-title\">La preocupaci\u00f3n viene en pleno auge de Vox y ante el bucle que vive la pol\u00edtica a pesar de los esc\u00e1ndalos: \u00abPodemos desgastarnos\u00bb<\/p>\n<p class=\"voc-p\" style=\"\">Y esa decepci\u00f3n sirvi\u00f3 para que la reflexi\u00f3n todav\u00eda tome m\u00e1s cuerpo. \u00abTenemos que tomar la iniciativa. Si no vamos a quedarnos impasibles, tenemos que demostrar algo m\u00e1s. Retratar a los socios implica llevarles al l\u00edmite, que tengan que decir ya si siguen sosteniendo a S\u00e1nchez con la que est\u00e1 cayendo\u00bb. <\/p>\n<p class=\"voc-p\" style=\"\">Hubo otra pista cuando Feij\u00f3o respondi\u00f3 a los periodistas: \u00abHasta ahora no he presentado la moci\u00f3n de censura. Si me hubiese precipitado sin los apoyos necesarios y sin toda la informaci\u00f3n que conocemos hoy, <strong>me hubiese equivocado.<\/strong> Cuando tenga que decir algo, se lo dir\u00e9. Esta es mi posici\u00f3n a d\u00eda de hoy\u00bb. Fue la segunda frase que sigue en la retina de mucha gente dentro del PP. \u00abHoy\u00bb, se repiten. Para los dirigentes consultados por ABC, el presidente de su partido evit\u00f3 cerrar la puerta como ha hecho en otras ocasiones. <\/p>\n<p class=\"voc-p\" style=\"\">La cuesti\u00f3n, advierten las mismas fuentes, es que \u00abel momento pol\u00edtico es uno, el que es\u00bb y \u00abo se aprovecha o se deja pasar\u00bb. En los \u00faltimos meses los esc\u00e1ndalos judiciales que acechan al Gobierno se multiplican. Y eso, como reconocen tambi\u00e9n en la propia direcci\u00f3n del PP, hace \u00abque nos olvidemos de cosas muy graves que tapan las anteriores\u00bb. Con todo, en el partido de Feij\u00f3o asumen que S\u00e1nchez ha emprendido una \u00abhuida hacia adelante\u00bb que puede tardar m\u00e1s o menos, pero que \u00abllegar\u00e1 a su final\u00bb.<\/p>\n<p class=\"voc-p\" style=\"\">En el PP se agarran al goteo de elecciones auton\u00f3micas que vienen, donde descuentan un golpe muy duro para el PSOE y un crecimiento enorme de la suma de PP y Vox. Est\u00e1n convencidos del proceso de derechizaci\u00f3n que est\u00e1 sufriendo toda la ciudadan\u00eda espa\u00f1ola, incluida Catalu\u00f1a como demostr\u00f3 el \u00faltimo CEO \u2014el CIS catal\u00e1n\u2013 de hace apenas unos d\u00edas. Eso, advierten, ser\u00e1 \u00abun jarro de agua fr\u00eda\u00bb para el Gobierno.<\/p>\n<p class=\"voc-p\" style=\"\">Aunque el PP sigue primero en todas las encuestas, tendr\u00e1 que hacer frente a una subida de su principal rival que, adem\u00e1s, tiene un valor a\u00f1adido:<strong> el liderazgo de Abascal gana puntos<\/strong> entre los electores de la derecha. Esto tambi\u00e9n preocupa a los defensores de plantearse ya la moci\u00f3n de censura: consideran que ser\u00eda un golpe de efecto para la figura de Feij\u00f3o que, en los \u00faltimos sondeos, pierde impulso. \u00abEstamos en un momento en el que todo es muy l\u00edquido. Va muy deprisa. Y hay que saber reaccionar y tomar decisiones\u00bb, zanjan.<\/p>\n","protected":false},"excerpt":{"rendered":"\u00abSi no es ahora, va a ser dif\u00edcil encontrar cu\u00e1ndo. El escenario se ha vuelto insoportable. Cada semana&hellip;\n","protected":false},"author":2,"featured_media":261825,"comment_status":"","ping_status":"","sticky":false,"template":"","format":"standard","meta":{"footnotes":""},"categories":[8],"tags":[17,18,3374,25,24,13,14,11,19,20,1351,9,10,15,16,5747,55852,956,65333,23,12,21,22],"class_list":{"0":"post-261824","1":"post","2":"type-post","3":"status-publish","4":"format-standard","5":"has-post-thumbnail","7":"category-espana","8":"tag-breaking-news","9":"tag-breakingnews","10":"tag-censura","11":"tag-es","12":"tag-espana","13":"tag-featured-news","14":"tag-featurednews","15":"tag-headlines","16":"tag-latest-news","17":"tag-latestnews","18":"tag-mocion","19":"tag-news","20":"tag-noticias","21":"tag-noticias-destacadas","22":"tag-noticiasdestacadas","23":"tag-piden","24":"tag-pierda","25":"tag-pp","26":"tag-sectores","27":"tag-spain","28":"tag-titulares","29":"tag-ultimas-noticias","30":"tag-ultimasnoticias"},"share_on_mastodon":{"url":"https:\/\/pubeurope.com\/@es\/115632345186426804","error":""},"_links":{"self":[{"href":"https:\/\/www.europesays.com\/es\/wp-json\/wp\/v2\/posts\/261824","targetHints":{"allow":["GET"]}}],"collection":[{"href":"https:\/\/www.europesays.com\/es\/wp-json\/wp\/v2\/posts"}],"about":[{"href":"https:\/\/www.europesays.com\/es\/wp-json\/wp\/v2\/types\/post"}],"author":[{"embeddable":true,"href":"https:\/\/www.europesays.com\/es\/wp-json\/wp\/v2\/users\/2"}],"replies":[{"embeddable":true,"href":"https:\/\/www.europesays.com\/es\/wp-json\/wp\/v2\/comments?post=261824"}],"version-history":[{"count":0,"href":"https:\/\/www.europesays.com\/es\/wp-json\/wp\/v2\/posts\/261824\/revisions"}],"wp:featuredmedia":[{"embeddable":true,"href":"https:\/\/www.europesays.com\/es\/wp-json\/wp\/v2\/media\/261825"}],"wp:attachment":[{"href":"https:\/\/www.europesays.com\/es\/wp-json\/wp\/v2\/media?parent=261824"}],"wp:term":[{"taxonomy":"category","embeddable":true,"href":"https:\/\/www.europesays.com\/es\/wp-json\/wp\/v2\/categories?post=261824"},{"taxonomy":"post_tag","embeddable":true,"href":"https:\/\/www.europesays.com\/es\/wp-json\/wp\/v2\/tags?post=261824"}],"curies":[{"name":"wp","href":"https:\/\/api.w.org\/{rel}","templated":true}]}}