{"id":261826,"date":"2025-11-29T09:46:18","date_gmt":"2025-11-29T09:46:18","guid":{"rendered":"https:\/\/www.europesays.com\/es\/261826\/"},"modified":"2025-11-29T09:46:18","modified_gmt":"2025-11-29T09:46:18","slug":"jerez-apuesta-por-el-ocio-seguro-tambien-en-navidad-con-un-punto-violeta-en-la-plaza-del-arenal","status":"publish","type":"post","link":"https:\/\/www.europesays.com\/es\/261826\/","title":{"rendered":"Jerez apuesta por el ocio seguro tambi\u00e9n en Navidad con un Punto Violeta en la Plaza del Arenal"},"content":{"rendered":"<p>La Delegaci\u00f3n de Igualdad y Diversidad pone en marcha por segundo a\u00f1o consecutivo<strong> un Punto Violeta en la Plaza del Arenal para seguir fomentando el ocio seguro<\/strong> durante las fiestas navide\u00f1as. Este servicio ofrece sensibilizaci\u00f3n, informaci\u00f3n y atenci\u00f3n frente a las violencias de g\u00e9nero y sexuales en lugares de ocio y eventos festivos, dentro de la campa\u00f1a \u2018Jerez, por un ocio seguro\u2019. La teniente de alcaldesa Susana S\u00e1nchez y la vicepresidenta ciudadana del Consejo Local de las Mujeres, Coral Garc\u00eda Gago, han visitado este Punto Violeta, <strong>invitando a toda la ciudadan\u00eda a acercarse a conocerlo y a disfrutar de unas fiestas seguras, de convivencia y protagonizadas por el respeto, sin acoso ni violencia machista.<\/strong><\/p>\n<p>Este punto violeta funcionar\u00e1 los d\u00edas 28 y 29 noviembre, del 4 al 8 de diciembre; y 12 y 13 de diciembre; y 31 de diciembre, en horario de 20 a 00 horas.<\/p>\n<p>El Ayuntamiento <strong>ha apostado firmemente por la campa\u00f1a \u2018Jerez por un ocio seguro\u2019 <\/strong>y por los Puntos Violeta, servicio que se ha ampliado y reforzado, dado que inicialmente se prestaba durante la Feria del Caballo, y ya desde la Navidad de 2024 se instaur\u00f3 en periodo de Zambombas. <strong>Este a\u00f1o se ha reforzado ampli\u00e1ndolo en d\u00edas y horario,<\/strong> con la finalidad de activar la respuesta ciudadana de rechazo a la violencia, y potenciar espacios seguros, en los que la actitud de respeto de hombres y mujeres permita disfrutar a las chicas y a las mujeres de tradiciones y fiestas sin violencia, y sin riesgo de agresiones sexistas, sean de la intensidad que sean.<\/p>\n<p><strong>Sus objetivos son concienciar, informar y promover espacios de diversi\u00f3n seguros,<\/strong> de respeto hacia las mujeres y libres de acosos y de agresiones. El Punto Violeta cuenta con personal especializado y formado tanto para realizar acciones de sensibilizaci\u00f3n y prevenci\u00f3n como para, en caso ser necesario, detectar situaciones de peligro en la poblaci\u00f3n y atender, acompa\u00f1ar y asesorar, en caso de una agresi\u00f3n. <strong>El Punto Violeta estar\u00e1 coordinado en todo momento con las fuerzas de seguridad y facilitar\u00e1 los recursos a la v\u00edctima en caso de que desee ponerse en contacto con ellos.<\/strong><\/p>\n<p>El a\u00f1o pasado el servicio de Punto Violeta prestado durante las Fiestas Navide\u00f1as atendi\u00f3 a 1.008 personas, 808 (80,25%) mujeres y 199 (19,75%) hombres.<\/p>\n","protected":false},"excerpt":{"rendered":"La Delegaci\u00f3n de Igualdad y Diversidad pone en marcha por segundo a\u00f1o consecutivo un Punto Violeta en la&hellip;\n","protected":false},"author":2,"featured_media":261827,"comment_status":"","ping_status":"","sticky":false,"template":"","format":"standard","meta":{"footnotes":""},"categories":[5],"tags":[17,18,25,24,13,14,11,19,20,9,10,15,16,23,12,21,22],"class_list":{"0":"post-261826","1":"post","2":"type-post","3":"status-publish","4":"format-standard","5":"has-post-thumbnail","7":"category-titulares","8":"tag-breaking-news","9":"tag-breakingnews","10":"tag-es","11":"tag-espana","12":"tag-featured-news","13":"tag-featurednews","14":"tag-headlines","15":"tag-latest-news","16":"tag-latestnews","17":"tag-news","18":"tag-noticias","19":"tag-noticias-destacadas","20":"tag-noticiasdestacadas","21":"tag-spain","22":"tag-titulares","23":"tag-ultimas-noticias","24":"tag-ultimasnoticias"},"share_on_mastodon":{"url":"https:\/\/pubeurope.com\/@es\/115632352970568828","error":""},"_links":{"self":[{"href":"https:\/\/www.europesays.com\/es\/wp-json\/wp\/v2\/posts\/261826","targetHints":{"allow":["GET"]}}],"collection":[{"href":"https:\/\/www.europesays.com\/es\/wp-json\/wp\/v2\/posts"}],"about":[{"href":"https:\/\/www.europesays.com\/es\/wp-json\/wp\/v2\/types\/post"}],"author":[{"embeddable":true,"href":"https:\/\/www.europesays.com\/es\/wp-json\/wp\/v2\/users\/2"}],"replies":[{"embeddable":true,"href":"https:\/\/www.europesays.com\/es\/wp-json\/wp\/v2\/comments?post=261826"}],"version-history":[{"count":0,"href":"https:\/\/www.europesays.com\/es\/wp-json\/wp\/v2\/posts\/261826\/revisions"}],"wp:featuredmedia":[{"embeddable":true,"href":"https:\/\/www.europesays.com\/es\/wp-json\/wp\/v2\/media\/261827"}],"wp:attachment":[{"href":"https:\/\/www.europesays.com\/es\/wp-json\/wp\/v2\/media?parent=261826"}],"wp:term":[{"taxonomy":"category","embeddable":true,"href":"https:\/\/www.europesays.com\/es\/wp-json\/wp\/v2\/categories?post=261826"},{"taxonomy":"post_tag","embeddable":true,"href":"https:\/\/www.europesays.com\/es\/wp-json\/wp\/v2\/tags?post=261826"}],"curies":[{"name":"wp","href":"https:\/\/api.w.org\/{rel}","templated":true}]}}