{"id":261832,"date":"2025-11-29T09:55:10","date_gmt":"2025-11-29T09:55:10","guid":{"rendered":"https:\/\/www.europesays.com\/es\/261832\/"},"modified":"2025-11-29T09:55:10","modified_gmt":"2025-11-29T09:55:10","slug":"el-var-evita-en-el-ultimo-minuto-otro-desastre-en-el-molinon","status":"publish","type":"post","link":"https:\/\/www.europesays.com\/es\/261832\/","title":{"rendered":"El VAR evita en el \u00faltimo minuto otro desastre en El Molin\u00f3n"},"content":{"rendered":"<p class=\"\">El tiempo ya estaba casi cumplido y el marcador reflejaba una nueva derrota del Sporting en casa que <b>hubiera sido inmerecida<\/b> por la cantidad de ocasiones que desaprovecharon los de Borja Jim\u00e9nez. Sin embargo, en esa \u00faltima acci\u00f3n, un c\u00f3rner a favor de los locales, <b>Jordy Caicedo remat\u00f3<\/b> y reclam\u00f3 de inmediato una mano del defensa que le vigilaba, Diego Alende. Despu\u00e9s de <b>cinco minutos de revisi\u00f3n en la sala VOR<\/b>, el \u00e1rbitro se\u00f1al\u00f3 penalti con la ayuda del VAR en el monitor y C\u00e9sar Gelabert asumi\u00f3 la responsabilidad de <b>salvar un punto<\/b> para disgusto del Andorra.<\/p>\n<p class=\"\">El equipo de Gerard Piqu\u00e9, que <b>sigui\u00f3 muy atento el partido aislado en una cabina<\/b>, vio c\u00f3mo se le escapaba un triunfo con el que se encontr\u00f3 en el \u00fanico remate a puerta en la segunda parte. Porque al Andorra se le estaba haciendo <b>muy larga la segunda parte <\/b>y solo la actuaci\u00f3n de su portero, unida al desacierto de los locales en el \u00e1rea visitante, pod\u00eda salvarles un punto hasta que <b>apareci\u00f3 el \u00fanico error defensivo sportinguista<\/b>.<\/p>\n<p class=\"\">Lucas Perrin hizo una <b>mala entrega del bal\u00f3n<\/b> que pretend\u00eda enviar a Justin Smith y el Andorra aprovech\u00f3 el regalo para <b>lanzar en velocidad a Lautaro<\/b>. El central franc\u00e9s estuvo m\u00e1s lento y el delantero uruguayo del equipo del Principado <b>bati\u00f3 por bajo a Y\u00e1\u00f1ez <\/b>en su desesperada salida. El mazazo en El Molin\u00f3n fue de los grandes y dej\u00f3 noqueado al Sporting que solo pudo evitar el desastre en esa acci\u00f3n final.<\/p>\n<p><a href=\"https:\/\/as.com\/resultados\/ficha\/equipo\/sporting\/76\/\" rel=\"nofollow noopener\" target=\"_blank\"><img decoding=\"async\" src=\"https:\/\/www.europesays.com\/es\/wp-content\/uploads\/2025\/11\/1764410110_499_76.png\" alt=\"El VAR evita en el \u00faltimo minuto otro desastre en El Molin\u00f3n\" height=\"80\" width=\"80\"  loading=\"lazy\" data-error-image=\"https:\/\/static.as.com\/dist\/resources\/images\/placeholder-team.png\"\/><\/a><\/p>\n<p class=\"\">El Andorra mostr\u00f3 <b>valent\u00eda y desparpajo en la primera mitad<\/b>. Con una posesi\u00f3n por encima del 60 por ciento para los visitantes qued\u00f3 claro <b>qui\u00e9n fue el due\u00f1o del bal\u00f3n<\/b>. Pero las ocasiones ya fueron para el Sporting y la mejor lleg\u00f3 en <b>un tiro al poste de Gaspar (22\u2019)<\/b> pocos minutos antes de caer lesionado.<\/p>\n<p class=\"\">El conjunto que anoche dirigi\u00f3 Carles Manso se mostr\u00f3 <b>atrevido durante buena parte de ese primer per\u00edodo<\/b> y lleg\u00f3 a asustar a Y\u00e1\u00f1ez un par de veces por medio de \u00c1lvaro Mart\u00edn y Manu Nieto. Pero el arre\u00f3n final de los locales <b>iba a poner a prueba a Aron Yaakobishvili<\/b>, que desbarat\u00f3 las ocasiones de Guille Rosas, que remat\u00f3 al portero desde muy cerca, casi a bocajarro, y de Juan Otero, al que respondi\u00f3 con <b>una gran mano al tiro raso y cruzado<\/b> del colombiano ya en el tiempo a\u00f1adido.<\/p>\n<p><a href=\"https:\/\/as.com\/resultados\/ficha\/equipo\/futbol_club_andorra\/5026\/\" rel=\"nofollow noopener\" target=\"_blank\"><img decoding=\"async\" src=\"https:\/\/www.europesays.com\/es\/wp-content\/uploads\/2025\/11\/5026.png\" alt=\"El VAR evita en el \u00faltimo minuto otro desastre en El Molin\u00f3n\" height=\"80\" width=\"80\"  loading=\"lazy\" data-error-image=\"https:\/\/static.as.com\/dist\/resources\/images\/placeholder-team.png\"\/><\/a><\/p>\n<p class=\"\">El Sporting volvi\u00f3 tras el descanso <b>dispuesto a comerse al rival<\/b> al que presion\u00f3 en su campo y al que no dej\u00f3 jugar con la soltura de ese primer tiempo. Y tuvo <b>oportunidades de gol suficientes<\/b> para desequilibrar la balanza a su favor sin necesidad de llegar al sufrimiento final. <b>Diego S\u00e1nchez, Gelabert, Otero<\/b> &#8211;que lleg\u00f3 con ventaja ante Aron, pero no esperaba la aparici\u00f3n de Bomba por detr\u00e1s&#8211;, <b>de nuevo Rosas<\/b> como en la primera parte o <b>Gelabert otra vez <\/b>tuvieron el gol en sus botas. Casi siempre se encontraron con el portero h\u00fangaro.<\/p>\n<p>Noticias relacionadas<\/p>\n<p class=\"\">El problema lleg\u00f3 en ese error de Perrin, del que se aprovech\u00f3 Lautaro. El partido caminaba hacia <b>un nuevo desastre final en El Molin\u00f3n-Quini<\/b> hasta que aprecieron la cabeza Caicedo, el VAR y Gelabert. El empate no evit\u00f3 los <b>gritos de la grada contra la gesti\u00f3n deportiva <\/b>que se viene llevando a cabo en el club con una deficiente configuraci\u00f3n de la planilla.<\/p>\n<p class=\"\"><b>\u00a1Tus opiniones importan!<\/b> Comenta en los art\u00edculos y suscr\u00edbete gratis a nuestra <a href=\"https:\/\/asfan.as.com\/newsletters\/\" target=\"_blank\" rel=\"nofollow noopener\" title=\"https:\/\/asfan.as.com\/newsletters\/\">newsletter<\/a> y a las alertas informativas en la <a href=\"https:\/\/as.com\/aplicacion-de-as-n\/\" target=\"_blank\" rel=\"nofollow noopener\" title=\"https:\/\/as.com\/aplicacion-de-as-n\/\">App<\/a> o el canal de <a href=\"https:\/\/www.whatsapp.com\/channel\/0029VaAasdA7j6g745nz9M10\" target=\"_blank\" rel=\"nofollow noopener\" title=\"https:\/\/www.whatsapp.com\/channel\/0029VaAasdA7j6g745nz9M10\">WhatsApp<\/a>. \u00bfBuscas licenciar contenido? Haz clic <a href=\"https:\/\/profesional.elpais.com\/soluciones-sindicacion?utm_medium=interno&amp;utm_source=crosslinking&amp;utm_campaign=sindicacion_as_pie_articulos\" target=\"_blank\" rel=\"nofollow noopener\" title=\"https:\/\/profesional.elpais.com\/soluciones-sindicacion?utm_medium=interno&amp;utm_source=crosslinking&amp;utm_campaign=sindicacion_as_pie_articulos\">aqu\u00ed<\/a><\/p>\n<p class=\"stat-tl ev-fw-tl\"><strong>Cambios<\/strong><\/p>\n<p class=\"ev-text-aux\">\n                            <strong>Justin Smith<\/strong> (28&#8242;, Gaspar Campos),                             <strong>Imanol Garc\u00eda de Alb\u00e9niz<\/strong> (55&#8242;, Mart\u00ed Vil\u00e0),                             <strong>Jastin Garcia<\/strong> (65&#8242;, Kim Min-Su),                             <strong>Marc Dom\u00e8nech<\/strong> (65&#8242;, \u00c1lvaro Mart\u00edn),                             <strong>Manu Rodr\u00edguez<\/strong> (75&#8242;, Dani Queipo),                             <strong>Amadou Coundoul<\/strong> (81&#8242;, Nacho Mart\u00edn),                             <strong>Jordy Caicedo<\/strong> (81&#8242;, Juan Otero),                             <strong>Diego Alende<\/strong> (85&#8242;, Bomba),                             <strong>Th\u00e9o Le Normand<\/strong> (85&#8242;, Lautaro de Le\u00f3n)                        <\/p>\n<p class=\"stat-tl ev-fw-tl\"><strong>Goles<\/strong><\/p>\n<p class=\"ev-text-aux\">\n                                                                                                        0-1, 79&#8242;: <strong>Lautaro de Le\u00f3n<\/strong>,                                                                                 1-1, 100&#8242;: <strong>C\u00e9sar Gelabert<\/strong>                        <\/p>\n<p class=\"stat-tl ev-fw-tl\"><strong>Tarjetas<\/strong><\/p>\n<p class=\"ev-text-aux\">\n                Arbitro: Alejandro Ojaos Valera<br \/>Arbitro VAR: Jose Antonio L\u00f3pez Aranda, Gorka Etayo Herrera<br \/><strong>Marti Vila<\/strong> (51&#8242;,Amarilla),                                     <strong>Justin Smith<\/strong> (71&#8242;,Amarilla),                                     <strong>Marc Dom\u00e9nech<\/strong> (75&#8242;,Amarilla),                                     <strong>Diego S\u00e1nchez<\/strong> (82&#8242;,Amarilla),                                     <strong>Manuel Nieto<\/strong> (86&#8242;,Amarilla),                                     <strong>\u00c1lex Corredera<\/strong> (89&#8242;,Amarilla)                            <\/p>\n","protected":false},"excerpt":{"rendered":"El tiempo ya estaba casi cumplido y el marcador reflejaba una nueva derrota del Sporting en casa que&hellip;\n","protected":false},"author":2,"featured_media":261833,"comment_status":"","ping_status":"","sticky":false,"template":"","format":"standard","meta":{"footnotes":""},"categories":[268],"tags":[168,25,24,280,282,281,23,167],"class_list":{"0":"post-261832","1":"post","2":"type-post","3":"status-publish","4":"format-standard","5":"has-post-thumbnail","7":"category-futbol","8":"tag-deportes","9":"tag-es","10":"tag-espana","11":"tag-football","12":"tag-futbol","13":"tag-soccer","14":"tag-spain","15":"tag-sports"},"share_on_mastodon":{"url":"https:\/\/pubeurope.com\/@es\/115632388896982114","error":""},"_links":{"self":[{"href":"https:\/\/www.europesays.com\/es\/wp-json\/wp\/v2\/posts\/261832","targetHints":{"allow":["GET"]}}],"collection":[{"href":"https:\/\/www.europesays.com\/es\/wp-json\/wp\/v2\/posts"}],"about":[{"href":"https:\/\/www.europesays.com\/es\/wp-json\/wp\/v2\/types\/post"}],"author":[{"embeddable":true,"href":"https:\/\/www.europesays.com\/es\/wp-json\/wp\/v2\/users\/2"}],"replies":[{"embeddable":true,"href":"https:\/\/www.europesays.com\/es\/wp-json\/wp\/v2\/comments?post=261832"}],"version-history":[{"count":0,"href":"https:\/\/www.europesays.com\/es\/wp-json\/wp\/v2\/posts\/261832\/revisions"}],"wp:featuredmedia":[{"embeddable":true,"href":"https:\/\/www.europesays.com\/es\/wp-json\/wp\/v2\/media\/261833"}],"wp:attachment":[{"href":"https:\/\/www.europesays.com\/es\/wp-json\/wp\/v2\/media?parent=261832"}],"wp:term":[{"taxonomy":"category","embeddable":true,"href":"https:\/\/www.europesays.com\/es\/wp-json\/wp\/v2\/categories?post=261832"},{"taxonomy":"post_tag","embeddable":true,"href":"https:\/\/www.europesays.com\/es\/wp-json\/wp\/v2\/tags?post=261832"}],"curies":[{"name":"wp","href":"https:\/\/api.w.org\/{rel}","templated":true}]}}