{"id":261834,"date":"2025-11-29T09:56:07","date_gmt":"2025-11-29T09:56:07","guid":{"rendered":"https:\/\/www.europesays.com\/es\/261834\/"},"modified":"2025-11-29T09:56:07","modified_gmt":"2025-11-29T09:56:07","slug":"la-demencia-es-dura-pero-aun-hay-alegria","status":"publish","type":"post","link":"https:\/\/www.europesays.com\/es\/261834\/","title":{"rendered":"La demencia es dura, pero a\u00fan hay alegr\u00eda"},"content":{"rendered":"<p class=\"c-paragraph\">Debido a la enfermedad degenerativa de<a href=\"https:\/\/www.20minutos.es\/tags\/personas\/bruce-willis-actor.html\" title=\"Bruce Willis\" rel=\"nofollow noopener\" target=\"_blank\"> Bruce Willis, <\/a>su vida cambi\u00f3 por completo. El int\u00e9rprete fue<b> diagnosticado con afasia y demencia frontotemporal en 2022 <\/b>y desde entonces est\u00e1 completamente alejado de la gran pantalla. Sin embargo, sus seguidores no han dejado de mostrarle su apoyo y por ello a trav\u00e9s de redes su familia comparte c\u00f3mo es su d\u00eda a d\u00eda.\u00a0<\/p>\n<p class=\"c-paragraph\">En los \u00faltimos a\u00f1os, ha sufrido un duro deterioro en su salud, pero <b>sus seres queridos siempre han estado a su lado<\/b>. As\u00ed, ahora que la <a href=\"https:\/\/www.20minutos.es\/tags\/temas\/navidad.html\" title=\"Navidad\" rel=\"nofollow noopener\" target=\"_blank\">Navidad <\/a>est\u00e1 a la vuelta de la esquina, su mujer, Emma Heming Willis, comparti\u00f3 c\u00f3mo se est\u00e1n preparando para el momento m\u00e1s m\u00e1gico del a\u00f1o.\u00a0<\/p>\n<p class=\"c-paragraph\">\u00abA Bruce le encantaba la Navidad y a nosotros nos encanta celebrarla con \u00e9l\u00bb asegur\u00f3 a trav\u00e9s de <a href=\"https:\/\/www.20minutos.es\/tags\/temas\/instagram.html\" title=\"Instagram\" rel=\"nofollow noopener\" target=\"_blank\">Instagram<\/a>. Por ello, simplemente han tenido que \u00abadaptarse\u00bb a esta nueva etapa. Y es que como as\u00ed asegur\u00f3, <b>sigue siendo una tradici\u00f3n \u00abalegre\u00bb y se la toman como \u00abalgo diferente<\/b>\u00ab. Por eso, lejos de sentir pena porque es un momento \u00abmuy dif\u00edcil\u00bb no han perdido el sentido del humor.\u00a0<\/p>\n<p class=\"c-paragraph\">\u00abHay que aprender, adaptarse y crear nuevos recuerdos, retomar las mismas tradiciones que antes\u00bb, asegur\u00f3 para la revista <a href=\"https:\/\/people.com\/emma-heming-willis-holidays-joyous-different-bruce-willis-exclusive-11856367\" rel=\"nofollow noreferrer noopener\" target=\"_blank\">People<\/a>, \u00abla vida contin\u00faa. <b>La demencia es dura, pero a\u00fan hay alegr\u00eda<\/b>\u00ab. Por eso, en lugar de mostrar una imagen negativa, siguen riendo para demostrar que lo importante es estar juntos en estas fechas tan especiales.\u00a0<\/p>\n<p class=\"c-paragraph\">De hecho, incluso aprovechan para volver a ver algunos de los trabajos de Bruce. <b>\u00abSolemos\u00a0poner <a href=\"https:\/\/www.20minutos.es\/tags\/temas\/jungla-de-cristal.html\" title=\"Jungla de cristal\" rel=\"nofollow noopener\" target=\"_blank\">Jungla de cristal<\/a>, porque es una pel\u00edcula navide\u00f1a\u00bb, <\/b>asegur\u00f3 entre risas aunque realmente no sea del todo cierto. Porque, si algo ha quedado claro es que toda la familia est\u00e1 m\u00e1s unida que nunca, a pesar de las condiciones que deben vivir.<\/p>\n","protected":false},"excerpt":{"rendered":"Debido a la enfermedad degenerativa de Bruce Willis, su vida cambi\u00f3 por completo. El int\u00e9rprete fue diagnosticado con&hellip;\n","protected":false},"author":2,"featured_media":261835,"comment_status":"","ping_status":"","sticky":false,"template":"","format":"standard","meta":{"footnotes":""},"categories":[174],"tags":[8166,255,2170,146,147,25,24,256,2461,57,23,8167],"class_list":{"0":"post-261834","1":"post","2":"type-post","3":"status-publish","4":"format-standard","5":"has-post-thumbnail","7":"category-famosos","8":"tag-bruce","9":"tag-celebrities","10":"tag-como","11":"tag-entertainment","12":"tag-entretenimiento","13":"tag-es","14":"tag-espana","15":"tag-famosos","16":"tag-mujer","17":"tag-sobre","18":"tag-spain","19":"tag-willis"},"share_on_mastodon":{"url":"https:\/\/pubeurope.com\/@es\/115632392488441274","error":""},"_links":{"self":[{"href":"https:\/\/www.europesays.com\/es\/wp-json\/wp\/v2\/posts\/261834","targetHints":{"allow":["GET"]}}],"collection":[{"href":"https:\/\/www.europesays.com\/es\/wp-json\/wp\/v2\/posts"}],"about":[{"href":"https:\/\/www.europesays.com\/es\/wp-json\/wp\/v2\/types\/post"}],"author":[{"embeddable":true,"href":"https:\/\/www.europesays.com\/es\/wp-json\/wp\/v2\/users\/2"}],"replies":[{"embeddable":true,"href":"https:\/\/www.europesays.com\/es\/wp-json\/wp\/v2\/comments?post=261834"}],"version-history":[{"count":0,"href":"https:\/\/www.europesays.com\/es\/wp-json\/wp\/v2\/posts\/261834\/revisions"}],"wp:featuredmedia":[{"embeddable":true,"href":"https:\/\/www.europesays.com\/es\/wp-json\/wp\/v2\/media\/261835"}],"wp:attachment":[{"href":"https:\/\/www.europesays.com\/es\/wp-json\/wp\/v2\/media?parent=261834"}],"wp:term":[{"taxonomy":"category","embeddable":true,"href":"https:\/\/www.europesays.com\/es\/wp-json\/wp\/v2\/categories?post=261834"},{"taxonomy":"post_tag","embeddable":true,"href":"https:\/\/www.europesays.com\/es\/wp-json\/wp\/v2\/tags?post=261834"}],"curies":[{"name":"wp","href":"https:\/\/api.w.org\/{rel}","templated":true}]}}