{"id":261836,"date":"2025-11-29T09:57:11","date_gmt":"2025-11-29T09:57:11","guid":{"rendered":"https:\/\/www.europesays.com\/es\/261836\/"},"modified":"2025-11-29T09:57:11","modified_gmt":"2025-11-29T09:57:11","slug":"mi-familia-no-esta-arruinada-esta-rota","status":"publish","type":"post","link":"https:\/\/www.europesays.com\/es\/261836\/","title":{"rendered":"\u00abMi familia no est\u00e1 arruinada, est\u00e1 rota\u00bb"},"content":{"rendered":"<p style=\"\">\u00abNo hay ruina ni nada que se le parezca. Lo que hay es <strong>una familia absolutamente rota<\/strong>\u00bb, confiesa abatido de dolor el arquitecto <a href=\"https:\/\/www.abc.es\/gente\/arquitecto-joaquin-torres-roto-muerte-padre-ferrolano-20251124140620-nt.html\" target=\"_self\" data-voc-vtm-id=\"in-text-traffic\" title=\"Joaqu\u00edn Torres\" data-mrf-link=\"www.abc.es\" rel=\"nofollow noopener\">Joaqu\u00edn Torres<\/a>, en conversaci\u00f3n telef\u00f3nica con ABC. Hace unos d\u00edas falleci\u00f3 su padre, <strong>Juan Torres Pi\u00f1\u00f3n<\/strong>, a los  &#8230; 89 a\u00f1os, delicado de salud desde hac\u00eda mucho tiempo, reconoce el arquitecto que su progenitor ten\u00eda una fortaleza mental espectacular que le ha permitido sobrellevar todos los tratamientos cr\u00f3nicos durante a\u00f1os.<\/p>\n<p class=\"voc-p\" style=\"\">Atr\u00e1s queda una vida empresarial exitosa, la de un prestigioso ingeniero de caminos que conoci\u00f3 a <strong>Florentino P\u00e9rez<\/strong> (once a\u00f1os m\u00e1s joven), con el que cofund\u00f3 la constructora ACS. Profesor em\u00e9rito del IESE, en su \u00e9poca gloriosa, cuando era considerado uno de los centros de referencia europeos a nivel empresarial, apasionado del arte, fue patrono del museo Reina Sof\u00eda y miembro de Honor del Guggenheim de Bilbao, entre otros. <\/p>\n<p class=\"voc-p\" style=\"\">En los \u00faltimos tiempos vivi\u00f3 refugiado en su fabulosa mansi\u00f3n de 3.000 metros cuadrados en la <a href=\"https:\/\/www.abc.es\/summum\/living\/casas\/mansion-jose-luis-moreno-madrid-piscina-climatizada-20240228124334-nt.html\" target=\"_self\" data-voc-vtm-id=\"in-text-traffic\" title=\"lujosa urbanizaci\u00f3n Las Encinas\" data-mrf-link=\"www.abc.es\" rel=\"nofollow noopener\">lujosa urbanizaci\u00f3n Las Encinas<\/a>, a las afueras de Madrid, que le dise\u00f1\u00f3 su hijo Joaqu\u00edn. \u00abEra el reflejo de lo que era mi padre, una continua necesidad de <strong>demostrar poder<\/strong>, aunque no viese a nadie. No le falt\u00f3 de nada, nos hemos turnado los hermanos para vivir con \u00e9l. Yo le promet\u00ed a mi madre que cuidar\u00eda de \u00e9l hasta el final y as\u00ed he hecho. Mam\u00e1 fue amorosa con todo el mundo, pero pap\u00e1 por su car\u00e1cter y su ambici\u00f3n <strong>gener\u00f3 terribles antipat\u00edas<\/strong>. Era muy complicado, muy dif\u00edcil\u00bb.<\/p>\n<p class=\"voc-p\" style=\"\">El pasado lunes, familiares y amigos se dieron cita en el Tanatorio de Pozuelo de Alarc\u00f3n, Madrid, para dar su \u00faltimo adi\u00f3s al empresario. Entre ellos el <a href=\"https:\/\/www.abc.es\/deportes\/real-madrid\/florentino-asamblea-20251123183027-nt.html\" target=\"_self\" data-voc-vtm-id=\"in-text-traffic\" title=\"presidente del Real Madrid, Florentino P\u00e9rez\" data-mrf-link=\"www.abc.es\" rel=\"nofollow noopener\">presidente del Real Madrid, Florentino P\u00e9rez<\/a>. Si bien anta\u00f1o, ambas familias eran una, desde que Torres vendi\u00f3 su paquete accionarial ya no volvi\u00f3 a tener contacto con su socio.<\/p>\n<p class=\"voc-p\" style=\"\">\u00abEn los \u00faltimos d\u00edas <strong>apenas reconoc\u00eda a la familia<\/strong>, pero sin embargo s\u00ed habl\u00f3 de Florentino, f\u00edjate que despu\u00e9s de veinticinco a\u00f1os sin hablarse, siempre tuvo una dependencia, aunque fuese mejor en muchas cosas. Me atrevo a decir que fue la persona m\u00e1s importante de su vida, con toda certeza. La verdad es que las otras grandes constructoras han pasado por varias generaciones, pero ACS se cre\u00f3 en una generaci\u00f3n y eso tiene mucho m\u00e9rito. Ambos eran listos, ambiciosos, les un\u00edan muchas cosas\u2026\u00bb, confiesa Torres. Quiere agradecer todas las muestras de condolencias recibidas, sobre todo los cari\u00f1osos mensajes de amigos como <strong>Miquel Roca<\/strong>, la familia Oriol, los <strong>March<\/strong>\u2026 Y adelanta que en unos d\u00edas la familia organizar\u00e1 un funeral para que amigos y familiares puedan despedirse de \u00e9l como le hubiese gustado.<\/p>\n<p><img decoding=\"async\" loading=\"lazy\" src=\"https:\/\/www.europesays.com\/es\/wp-content\/uploads\/2025\/11\/florentino-perez-U66275271034nVX-760x427@diario_abc.jpg\" class=\"voc-img\" width=\"760\" height=\"427\" alt=\"Florentino P\u00e9rez a su llegada al funeral\" data-voc-vtm-id=\"in-text-traffic\"\/><\/p>\n<p>Florentino P\u00e9rez a su llegada al funeral<\/p>\n<p>gtres<\/p>\n<p class=\"voc-p\" style=\"\">Desde que, en diciembre de 2023, el arquitecto sufriese un aparatoso accidente de tr\u00e1fico, su vida se ha convertido en una pel\u00edcula de terror de la que est\u00e1 intentando salir, aunque reconoce le faltan fuerzas. Ha tenido que soportar diez operaciones, la muerte de su madre Joaquina, el repentino fallecimiento de su cu\u00f1ado y la dura enfermedad de su cu\u00f1ada, a lo que se une la separaci\u00f3n de su marido, <strong>Ra\u00fal Prieto<\/strong>. \u00abCuando ya no puede pasar nada m\u00e1s, viene algo peor. Estoy agotado, pero aun as\u00ed me siento afortunado. He tenido siempre una vida muy f\u00e1cil, pero me han venido muchas cosas juntas. Necesito priorizarme, quiero rodearme de amor no de odio y ahora tengo rabia, tengo que limpiarme el alma. Me hubiese gustado que mi marido se quedase conmigo, aunque no hubi\u00e9semos podido salvar el matrimonio\u00bb, lamenta.<\/p>\n<p class=\"voc-p\" style=\"\">Sobre la herencia familiar, <strong>Juan Torres<\/strong> ya explic\u00f3 en su momento a este peri\u00f3dico el error que hab\u00eda cometido al otorgar el poder de administrador \u00fanico de todas sus sociedades a su hermano <strong>Julio<\/strong>. M\u00e1s de 40 empresas, con un valor patrimonial de m\u00e1s de 400 millones de euros. \u00abNo quiero hablar ni ver a Julio, es un fraude y conf\u00edo en la justicia, aunque sea lenta\u00bb, asegur\u00f3 tras judicializar el asunto.<\/p>\n<p class=\"voc-p\" style=\"\">Sin embargo, tras todo lo acontecido en los \u00faltimos meses hay un giro en los acontecimientos y la familia prefiere no seguir en pie de guerra y acabar con esta pesadilla. \u00abM\u00e1s all\u00e1 de lo que rob\u00f3 mi hermano Julio,<strong> no quiero estar litigando a\u00f1os<\/strong>, ni quiero que mi hermano vaya a la c\u00e1rcel ni que se vaya de Espa\u00f1a. Necesito cerrar ese cap\u00edtulo, la muerte de mi madre arrebat\u00f3 mi vida y he tenido que ocuparme de algo que nunca me interes\u00f3 que es el patrimonio familiar. La batalla con mi hermano Julio nos ha trastocado la vida no solo a mi madre sino a todos\u00bb, asegura el arquitecto, que espera lleguen a un acuerdo extrajudicial.<\/p>\n","protected":false},"excerpt":{"rendered":"\u00abNo hay ruina ni nada que se le parezca. Lo que hay es una familia absolutamente rota\u00bb, confiesa&hellip;\n","protected":false},"author":2,"featured_media":261837,"comment_status":"","ping_status":"","sticky":false,"template":"","format":"standard","meta":{"footnotes":""},"categories":[173],"tags":[65334,229,233,231,230,232,234,146,147,25,24,367,8488,2687,23,4655],"class_list":{"0":"post-261836","1":"post","2":"type-post","3":"status-publish","4":"format-standard","5":"has-post-thumbnail","7":"category-arte-y-diseno","8":"tag-arruinada","9":"tag-arte","10":"tag-arte-y-diseno","11":"tag-arts","12":"tag-arts-and-design","13":"tag-design","14":"tag-diseno","15":"tag-entertainment","16":"tag-entretenimiento","17":"tag-es","18":"tag-espana","19":"tag-familia","20":"tag-joaquin","21":"tag-rota","22":"tag-spain","23":"tag-torres"},"share_on_mastodon":{"url":"https:\/\/pubeurope.com\/@es\/115632396668151455","error":""},"_links":{"self":[{"href":"https:\/\/www.europesays.com\/es\/wp-json\/wp\/v2\/posts\/261836","targetHints":{"allow":["GET"]}}],"collection":[{"href":"https:\/\/www.europesays.com\/es\/wp-json\/wp\/v2\/posts"}],"about":[{"href":"https:\/\/www.europesays.com\/es\/wp-json\/wp\/v2\/types\/post"}],"author":[{"embeddable":true,"href":"https:\/\/www.europesays.com\/es\/wp-json\/wp\/v2\/users\/2"}],"replies":[{"embeddable":true,"href":"https:\/\/www.europesays.com\/es\/wp-json\/wp\/v2\/comments?post=261836"}],"version-history":[{"count":0,"href":"https:\/\/www.europesays.com\/es\/wp-json\/wp\/v2\/posts\/261836\/revisions"}],"wp:featuredmedia":[{"embeddable":true,"href":"https:\/\/www.europesays.com\/es\/wp-json\/wp\/v2\/media\/261837"}],"wp:attachment":[{"href":"https:\/\/www.europesays.com\/es\/wp-json\/wp\/v2\/media?parent=261836"}],"wp:term":[{"taxonomy":"category","embeddable":true,"href":"https:\/\/www.europesays.com\/es\/wp-json\/wp\/v2\/categories?post=261836"},{"taxonomy":"post_tag","embeddable":true,"href":"https:\/\/www.europesays.com\/es\/wp-json\/wp\/v2\/tags?post=261836"}],"curies":[{"name":"wp","href":"https:\/\/api.w.org\/{rel}","templated":true}]}}