{"id":261838,"date":"2025-11-29T09:59:13","date_gmt":"2025-11-29T09:59:13","guid":{"rendered":"https:\/\/www.europesays.com\/es\/261838\/"},"modified":"2025-11-29T09:59:13","modified_gmt":"2025-11-29T09:59:13","slug":"cual-es-la-mejor-temporada-de-stranger-things-millie-bobby-brown-las-ordena-de-mejor-a-peor","status":"publish","type":"post","link":"https:\/\/www.europesays.com\/es\/261838\/","title":{"rendered":"\u00bfCu\u00e1l es la mejor temporada de \u2018Stranger Things? Millie Bobby Brown las ordena de mejor a peor"},"content":{"rendered":"<p class=\"\">El final se acerca, <a href=\"https:\/\/as.com\/meristation\/series\/la-escena-mas-brutal-de-stranger-things-5-lo-deja-claro-el-final-de-la-serie-de-netflix-sera-historico-f202511-n\/\" target=\"_self\" rel=\"nofollow noopener\" title=\"https:\/\/as.com\/meristation\/series\/la-escena-mas-brutal-de-stranger-things-5-lo-deja-claro-el-final-de-la-serie-de-netflix-sera-historico-f202511-n\/\">\u2018Stranger Things 5\u2032<\/a> cerrar\u00e1 la historia de unos personajes que llevan acompa\u00f1\u00e1ndonos desde 2016. Los ni\u00f1os han crecido y ya son adultos, pero lo han hecho <b>en Hawkins, un pueblo donde las dimensiones se confunden y se solapan<\/b>. Aunque la temporada final no ha hecho m\u00e1s que empezar, han preguntado a Millie Bobby Brown sobre su ranking personal.<\/p>\n<p class=\"\">La actriz, que interpreta a Once desde el principio, ha puesto en valor la quinta temporada, aunque no la ha elegido como su preferida. <b>La que menos le gusta, sin embargo, es \u2018Stranger Things 2\u2032<\/b>. Para Brown, la primera temporada est\u00e1 llena de nostalgia: \u201cFue la \u00e9poca m\u00e1s emocionante de mi vida\u201d, ha asegurado en una entrevista con Vanity Fair.<\/p>\n<p><img decoding=\"async\" src=\"https:\/\/www.europesays.com\/es\/wp-content\/uploads\/2025\/11\/Y736KVALFJC53DDDBPL4KB323A.jpg\" alt=\"\u00bfCu\u00e1l es la mejor temporada de \u2018Stranger Things? Millie Bobby Brown las ordena de mejor a peor\" height=\"720\" width=\"1280\"   loading=\"lazy\"\/>\u2018Stranger Things\u2019 de mejor a peor seg\u00fan Millie Bobby Brown<\/p>\n<ol>\n<li>Temporada 1<\/li>\n<li>Temporada 5<\/li>\n<li>Temporada 3<\/li>\n<li>Temporada 4<\/li>\n<li>Temporada 2<\/li>\n<\/ol>\n<p class=\"\">No hay que olvidar que los actores est\u00e1n promocionando \u2018Stranger Things 5\u2032, as\u00ed que cualquier momento puede ser bueno para echarle flores: \u201cLa <a href=\"https:\/\/as.com\/meristation\/series\/el-videojuego-al-que-juega-derek-el-nuevo-personaje-de-stranger-things-5-esta-disponible-en-pc-y-consolas-actuales-f202511-n\/\" target=\"_self\" rel=\"nofollow noopener\" title=\"https:\/\/as.com\/meristation\/series\/el-videojuego-al-que-juega-derek-el-nuevo-personaje-de-stranger-things-5-esta-disponible-en-pc-y-consolas-actuales-f202511-n\/\">temporada 5<\/a>, la manera en que luce y se siente, la trama, <b>todo me encanta<\/b>\u201d. Por el contrario, ha dicho que de la segunda apenas se acuerda: \u201cTodo el mundo odia el episodio 7\u2033. <\/p>\n<p class=\"\">Los <b>primeros cuatro episodios de \u2018Stranger Things 5\u2032<\/b> ya est\u00e1n disponibles en Netflix. El segundo arco de episodios incluye los cap\u00edtulos 5, 6 y 7, pero habr\u00e1 que esperar hasta el 27 de diciembre. El episodio 8 y final se podr\u00e1 ver a partir del 1 de enero.<\/p>\n<p>Noticias relacionadas<\/p>\n<p class=\"\">Suscr\u00edbete al <a href=\"https:\/\/www.youtube.com\/@meristation\" target=\"_self\" rel=\"nofollow noopener\" title=\"https:\/\/www.youtube.com\/@meristation\">canal de MeriStation en YouTube<\/a>, tu web de videojuegos y entretenimiento para conocer todas las noticias y novedades sobre el mundo del videojuego, cine, series, manga y anime. An\u00e1lisis, entrevistas, tr\u00e1ileres, gameplays, p\u00f3dcast y mucho m\u00e1s. Tambi\u00e9n te animamos a seguir <a href=\"https:\/\/www.tiktok.com\/@meristation\" rel=\"nofollow noopener\" title=\"https:\/\/www.tiktok.com\/@meristation\" target=\"_blank\">nuestra cuenta de TikTok<\/a>. <\/p>\n<p class=\"\">\u00a1S\u00edguenos en ambas y, si est\u00e1s interesado en licenciar este contenido, pincha <a href=\"https:\/\/profesional.elpais.com\/landing-sindicacion\/?utm_medium=interno&amp;utm_source=crosslinking&amp;utm_campaign=sindicacion_as_pie_articulos\" target=\"_blank\" rel=\"nofollow noopener\" title=\"https:\/\/profesional.elpais.com\/landing-sindicacion\/?utm_medium=interno&amp;utm_source=crosslinking&amp;utm_campaign=sindicacion_as_pie_articulos\">aqu\u00ed<\/a>!<\/p>\n<p><script async src=\"\/\/www.tiktok.com\/embed.js\"><\/script><\/p>\n","protected":false},"excerpt":{"rendered":"El final se acerca, \u2018Stranger Things 5\u2032 cerrar\u00e1 la historia de unos personajes que llevan acompa\u00f1\u00e1ndonos desde 2016.&hellip;\n","protected":false},"author":2,"featured_media":261839,"comment_status":"","ping_status":"","sticky":false,"template":"","format":"standard","meta":{"footnotes":""},"categories":[171],"tags":[146,147,25,24,23,214],"class_list":{"0":"post-261838","1":"post","2":"type-post","3":"status-publish","4":"format-standard","5":"has-post-thumbnail","7":"category-tv","8":"tag-entertainment","9":"tag-entretenimiento","10":"tag-es","11":"tag-espana","12":"tag-spain","13":"tag-tv"},"share_on_mastodon":{"url":"https:\/\/pubeurope.com\/@es\/115632404699514664","error":""},"_links":{"self":[{"href":"https:\/\/www.europesays.com\/es\/wp-json\/wp\/v2\/posts\/261838","targetHints":{"allow":["GET"]}}],"collection":[{"href":"https:\/\/www.europesays.com\/es\/wp-json\/wp\/v2\/posts"}],"about":[{"href":"https:\/\/www.europesays.com\/es\/wp-json\/wp\/v2\/types\/post"}],"author":[{"embeddable":true,"href":"https:\/\/www.europesays.com\/es\/wp-json\/wp\/v2\/users\/2"}],"replies":[{"embeddable":true,"href":"https:\/\/www.europesays.com\/es\/wp-json\/wp\/v2\/comments?post=261838"}],"version-history":[{"count":0,"href":"https:\/\/www.europesays.com\/es\/wp-json\/wp\/v2\/posts\/261838\/revisions"}],"wp:featuredmedia":[{"embeddable":true,"href":"https:\/\/www.europesays.com\/es\/wp-json\/wp\/v2\/media\/261839"}],"wp:attachment":[{"href":"https:\/\/www.europesays.com\/es\/wp-json\/wp\/v2\/media?parent=261838"}],"wp:term":[{"taxonomy":"category","embeddable":true,"href":"https:\/\/www.europesays.com\/es\/wp-json\/wp\/v2\/categories?post=261838"},{"taxonomy":"post_tag","embeddable":true,"href":"https:\/\/www.europesays.com\/es\/wp-json\/wp\/v2\/tags?post=261838"}],"curies":[{"name":"wp","href":"https:\/\/api.w.org\/{rel}","templated":true}]}}