{"id":26184,"date":"2025-08-05T00:57:08","date_gmt":"2025-08-05T00:57:08","guid":{"rendered":"https:\/\/www.europesays.com\/es\/26184\/"},"modified":"2025-08-05T00:57:08","modified_gmt":"2025-08-05T00:57:08","slug":"el-coviran-busca-el-ansiado-2-pero-el-mercado-se-pone-duro","status":"publish","type":"post","link":"https:\/\/www.europesays.com\/es\/26184\/","title":{"rendered":"El Covir\u00e1n busca el ansiado &#8216;2&#8217; pero el mercado se pone duro"},"content":{"rendered":"<p>No le est\u00e1 resultando sencillo al Covir\u00e1n Granada ponerle el broche a una plantilla que, en l\u00edneas generales, ha avanzado a gran velocidad esta postemporada  &#8230; y m\u00e1s dadas las inciertas circunstancias por las que, durante semanas, pas\u00f3 el club rojinegro, incapaz de asegurar si disputar\u00eda la Liga Endesa o la Primera FEB.<\/p>\n<p class=\"v-p\">Pese a ese totalmente an\u00f3malo escenario, el arduo trabajo de Ram\u00f3n D\u00edaz y \u00d3scar Fern\u00e1ndez-Arenas de inicio, con la uni\u00f3n posterior de Eloy Almaz\u00e1n, permiti\u00f3 al Covir\u00e1n amarrar un buen n\u00famero de piezas en tiempos a\u00fan tempranos del mercado. Otras, como Zach Hankins o Beqa Burjanadze se dilataron algo m\u00e1s, ante la l\u00f3gica espera hasta conocer la categor\u00eda final del equipo, pero tambi\u00e9n se ataron r\u00e1pido una vez se resolvi\u00f3 el dilema, como pas\u00f3 con un Luka Bozic ya acordado y simplemente a la espera de salir del Valencia Basket.<\/p>\n<p class=\"v-p\">En ese sentido, se puede asegurar que, en la inmensa mayor\u00eda de fichajes, el Covir\u00e1n ha terminado cerrando nombres que aparec\u00edan muy arriba en su lista, siendo incluso en muchos casos el plan A de la directiva y el cuerpo t\u00e9cnico rojinegros. Sin embargo, en las oficinas de la avenida Salvador Allende est\u00e1n encontrando ahora mayores dificultades para poner la guinda a un plantel con el que en l\u00edneas generales tanto el club como su entorno parecen muy satisfechos. Eso s\u00ed, no se puede obviar que precisamente la pieza que falta ha de entenderse como trascendental, muy especialmente en lo que al potencial ofensivo del equipo de Ram\u00f3n D\u00edaz hace referencia.<\/p>\n<p class=\"v-p\"><strong>Referencia anotadora<\/strong><\/p>\n<p class=\"v-p\">Con el escolta que falta para cerrar el equipo, el t\u00e9cnico rojinegro espera incorporar a un jugador capaz de asumir un alto volumen de lanzamiento exterior y con buena capacidad tambi\u00e9n de jugar en el uno contra uno. En definitiva, un l\u00edder anotador, capaz tambi\u00e9n, en una situaci\u00f3n id\u00f3nea, de poder generar para el resto de sus compa\u00f1eros, aunque est\u00e1 claro que la principal caracter\u00edstica que se busca es una capacidad de meter puntos de quiz\u00e1 se pueda echar un tanto en falta con la configuraci\u00f3n actual de la plantilla rojinegra, en la que otras virtudes como el compromiso parecen garantizadas, pero se sigue necesitando ese salto de calidad en lo que al talento individual se refiere. Un factor muy capaz en ocasiones de situar a seg\u00fan qu\u00e9 equipos en un nivel competitivo superior y que por ejemplo el a\u00f1o pasado pudo echarse un tanto en falta en la estructura rojinegra, sin jugadores dominantes ni en el per\u00edmetro ni en la pintura.<\/p>\n<p class=\"v-p\">Varios son los nombres sobre la mesa de Fern\u00e1ndez-Arenas, Almaz\u00e1n y D\u00edaz. Alguno de ellos, cuentas fuentes cercanas al club, ha despertado el inter\u00e9s de clubes de Euroliga este verano, finalmente no concretado. Pero de ah\u00ed que desde la entidad granadina se lleve este \u00faltimo movimiento con sigilo y sin prisas. Saben que acertar ser\u00e1 crucial para el potencial final de la plantilla.<\/p>\n","protected":false},"excerpt":{"rendered":"No le est\u00e1 resultando sencillo al Covir\u00e1n Granada ponerle el broche a una plantilla que, en l\u00edneas generales,&hellip;\n","protected":false},"author":2,"featured_media":26185,"comment_status":"","ping_status":"","sticky":false,"template":"","format":"standard","meta":{"footnotes":""},"categories":[269],"tags":[14516,299,298,331,3446,168,2562,25,24,1239,1150,23,167],"class_list":{"0":"post-26184","1":"post","2":"type-post","3":"status-publish","4":"format-standard","5":"has-post-thumbnail","7":"category-baloncesto","8":"tag-ansiado","9":"tag-baloncesto","10":"tag-basketball","11":"tag-busca","12":"tag-coviran","13":"tag-deportes","14":"tag-duro","15":"tag-es","16":"tag-espana","17":"tag-mercado","18":"tag-pone","19":"tag-spain","20":"tag-sports"},"share_on_mastodon":{"url":"","error":""},"_links":{"self":[{"href":"https:\/\/www.europesays.com\/es\/wp-json\/wp\/v2\/posts\/26184","targetHints":{"allow":["GET"]}}],"collection":[{"href":"https:\/\/www.europesays.com\/es\/wp-json\/wp\/v2\/posts"}],"about":[{"href":"https:\/\/www.europesays.com\/es\/wp-json\/wp\/v2\/types\/post"}],"author":[{"embeddable":true,"href":"https:\/\/www.europesays.com\/es\/wp-json\/wp\/v2\/users\/2"}],"replies":[{"embeddable":true,"href":"https:\/\/www.europesays.com\/es\/wp-json\/wp\/v2\/comments?post=26184"}],"version-history":[{"count":0,"href":"https:\/\/www.europesays.com\/es\/wp-json\/wp\/v2\/posts\/26184\/revisions"}],"wp:featuredmedia":[{"embeddable":true,"href":"https:\/\/www.europesays.com\/es\/wp-json\/wp\/v2\/media\/26185"}],"wp:attachment":[{"href":"https:\/\/www.europesays.com\/es\/wp-json\/wp\/v2\/media?parent=26184"}],"wp:term":[{"taxonomy":"category","embeddable":true,"href":"https:\/\/www.europesays.com\/es\/wp-json\/wp\/v2\/categories?post=26184"},{"taxonomy":"post_tag","embeddable":true,"href":"https:\/\/www.europesays.com\/es\/wp-json\/wp\/v2\/tags?post=26184"}],"curies":[{"name":"wp","href":"https:\/\/api.w.org\/{rel}","templated":true}]}}