{"id":261840,"date":"2025-11-29T10:01:58","date_gmt":"2025-11-29T10:01:58","guid":{"rendered":"https:\/\/www.europesays.com\/es\/261840\/"},"modified":"2025-11-29T10:01:58","modified_gmt":"2025-11-29T10:01:58","slug":"las-diez-peliculas-en-cartelera-rodadas-en-alava","status":"publish","type":"post","link":"https:\/\/www.europesays.com\/es\/261840\/","title":{"rendered":"Las diez pel\u00edculas en cartelera rodadas en \u00c1lava"},"content":{"rendered":"<p>Detr\u00e1s de cada minuto en pantalla existe una larga tarea de planificaci\u00f3n, visitas y recorrido con el dedo en el mapa en busca de la  &#8230; mejor localizaci\u00f3n para una pel\u00edcula. Este a\u00f1o, <a href=\"https:\/\/www.elcorreo.com\/alava\/araba\/efervescencia-cine-alava-20250420001804-nt.html\" target=\"_blank\" data-voc-vtm-id=\"in-text-traffic\" title=\"\u00c1lava \" data-mrf-link=\"www.elcorreo.com\" rel=\"nofollow noopener\">\u00c1lava <\/a>se ha visto m\u00e1s que nunca reflejada en la gran pantalla. Son diez los t\u00edtulos con escenas alavesas que est\u00e1n ahora en cartelera o han estado recientemente. En estos momentos se mantienen en diferentes salas de Espa\u00f1a la pel\u00edcula fant\u00e1stica &#8216;Gaua&#8217;; la comedia &#8216;Cuerpos locos&#8217;, as\u00ed como &#8216;Singular&#8217; y &#8216;Aro Berria&#8217;, que se han estrenado este mismo viernes 28 de noviembre. El pantano de Legutio, V\u00edllodas, el Santuario de Oro en Zuia, el Museo de Bellas Artes de Vitoria, el Palacio de la Provincia&#8230; son tan solo algunos de los escenarios. \u200b<\/p>\n<p class=\"v-p\">Con estos t\u00edtulos bastar\u00eda para hablar de un r\u00e9cord absoluto. Pero es que, adem\u00e1s, habr\u00eda que sumar otras pel\u00edculas que se han exhibido a lo largo de este a\u00f1o como &#8216;El secreto del orfebre&#8217;, de Olga Osorio, &#8216;8&#8217;, de Julio Medem, &#8216;Historias de Halloween&#8217;, de Kiko Prada o &#8216;La coleccionista&#8217;, de Manuel Sanabria.<\/p>\n<p class=\"v-p\">EL CORREO repasa cu\u00e1les han sido algunos de esas localizaciones que impulsan el territorio como uno de los grandes destinos de cine espa\u00f1ol empujado por los incentivos fiscales -los m\u00e1s altos de Europa al sector- aprobados el a\u00f1o pasado. En 2024 se invirtieron 28 millones en el desarrolllo de 26 producciones en \u00c1lava. <\/p>\n<ol class=\"v-cmp-u-b__u\">\n<li class=\"v-cmp-u-b__l\">\n<p>\n&#8216;Gaua&#8217;<br \/>\nEn cines\n<\/p>\n<p>Rodaje en el Santuario de Oro<\/p>\n<\/li>\n<\/ol>\n<p><img decoding=\"async\" loading=\"lazy\" src=\"https:\/\/www.europesays.com\/es\/wp-content\/uploads\/2025\/11\/1-GAUA_30012025_david_herranz_18149-kaiH--650x455@El Correo.JPG\" class=\"v-a-img\" width=\"650\" height=\"455\" alt=\"El Santuario de Oro, escenario de 'Gaua'.\" data-voc-vtm-id=\"in-text-traffic\"\/><\/p>\n<p>El Santuario de Oro, escenario de &#8216;Gaua&#8217;.<\/p>\n<p>David Herranz<\/p>\n<p><img loading=\"lazy\" decoding=\"async\" src=\"https:\/\/www.europesays.com\/es\/wp-content\/uploads\/2025\/11\/1-GAUA_30012025_david_herranz_18149-kaiH--1920x1344@El Correo.JPG\" class=\"v-mdl__img-z\" width=\"1920\" height=\"1344\" alt=\"\"\/><\/p>\n<p class=\"v-p\">Lo cierto es que de entre los t\u00edtulos estrenados llama la atenci\u00f3n que tan solo uno de ellos cuenta con director alav\u00e9s. Eso s\u00ed, es una de las cintas m\u00e1s destacadas del a\u00f1o. El realizador Paul Urkijo vuelve a asombrar con un fabuloso cuento de brujas lleno de personajes mitol\u00f3gicos protagonizado por Yune Nogueiras. La grabaci\u00f3n se llev\u00f3 a cabo en diferentes localizaciones de Euskadi. Una de las escenas principales se desarrolla en el Santuario de Nuestra Se\u00f1ora de Oro (Zuia). Las c\u00e1maras registraron una misa oficiada por un cura. Como curiosidad, Urkijo contaba durante uno de los encuentros de promoci\u00f3n de la cinta que todo hab\u00edan sido facilidades. En parte porque el sacerdote Carlos Ortiz De Z\u00e1rate es un gran admirador de la mitolog\u00eda vasca y autor de varios libros sobre tradiciones y leyendas alavesas. \u00abFue m\u00e1s complicado la grabaci\u00f3n porque hubo tormenta ese d\u00eda\u00bb, nos contaba Urkijo. <\/p>\n<p><a href=\"http:\/\/www.elcorreo.com\/alava\/araba\/dibuja-paul-urkijo-gaua-gran-cuento-brujas-20251112001553-nt.html#vtm_modulosEngag=mod-rel:alava:noticia:1:cmp:2-not\" class=\"v-a-link\" title=\"As\u00ed dibuja Paul Urkijo &#039;Gaua&#039;, un gran cuento de brujas vasco\" rel=\"nofollow noopener\" target=\"_blank\"><br \/>\n<img decoding=\"async\" loading=\"lazy\" class=\"v-a-img\" src=\"https:\/\/www.europesays.com\/es\/wp-content\/uploads\/2025\/11\/2-kXAG--366x256@El Correo.jpg\" alt=\"As\u00ed dibuja Paul Urkijo 'Gaua', un gran cuento de brujas vasco\"\/><br \/>\n<\/a><\/p>\n<p><a href=\"http:\/\/www.elcorreo.com\/culturas\/cine\/yune-nogueiras-brujas-mujeres-empoderadas-20251107170339-nt.html#vtm_modulosEngag=mod-rel:alava:noticia:2:cmp:2-not\" class=\"v-a-link\" title=\"Yune Nogueiras: \u00abLas brujas son mujeres empoderadas\u00bb\" rel=\"nofollow noopener\" target=\"_blank\"><br \/>\n<img decoding=\"async\" loading=\"lazy\" class=\"v-a-img\" src=\"https:\/\/www.europesays.com\/es\/wp-content\/uploads\/2025\/11\/yune-nogueiras-kHmF--366x256@El Correo.jpg\" alt=\"Yune Nogueiras: \u00abLas brujas son mujeres empoderadas\u00bb\"\/><br \/>\n<\/a><\/p>\n<p class=\"v-p\">Entre las localizaciones tambi\u00e9n se encuentran Elorrio o el m\u00e1gico bosque de Artikutza. Lo m\u00e1s recomendable es disfrutar de esas criaturas, im\u00e1genes absorbentes y espectaculares en la gran pantalla. Otra curiosidad: uno de los extras de esa escena -imperdible la actuaci\u00f3n de Manex Fuch como cura- es el chef Edorta Lamo, al mando del restaurante Arrea! de Kanpezo, que conserva su estrella Michelin. <\/p>\n<ol class=\"v-cmp-u-b__u\">\n<li class=\"v-cmp-u-b__l\">\n<p>\n&#8216;Singular&#8217;<br \/>\nEn cines, estreno el 28 de noviembre\n<\/p>\n<p>Rodaje en Legutio<\/p>\n<\/li>\n<\/ol>\n<p><img decoding=\"async\" loading=\"lazy\" src=\"https:\/\/www.europesays.com\/es\/wp-content\/uploads\/2025\/11\/2-SINGULAR-LEGUTIO-kaiH--650x455@El Correo.jpg\" class=\"v-a-img\" width=\"650\" height=\"455\" alt=\"Fotograma de 'Singular' en el que se refleja el pantano.\" data-voc-vtm-id=\"in-text-traffic\"\/><\/p>\n<p>Fotograma de &#8216;Singular&#8217; en el que se refleja el pantano.<\/p>\n<p><img loading=\"lazy\" decoding=\"async\" src=\"https:\/\/www.europesays.com\/es\/wp-content\/uploads\/2025\/11\/2-SINGULAR-LEGUTIO-kaiH--1920x1344@El Correo.jpg\" class=\"v-mdl__img-z\" width=\"1920\" height=\"1344\" alt=\"\"\/><\/p>\n<p class=\"v-p\">El director donostiarra Alberto Gastesi grab\u00f3 el verano pasado <a href=\"https:\/\/www.elcorreo.com\/alava\/araba\/legutio-convierte-gran-plato-cine-rodaje-singular-patricia-lopez-arnaiz-javier-rey-20240612145636-nt.html\" target=\"_blank\" data-voc-vtm-id=\"in-text-traffic\" title=\"&#039;Singular&#039;\" data-mrf-link=\"www.elcorreo.com\" rel=\"nofollow noopener\">&#8216;Singular&#8217;<\/a> en el entorno del embalse alav\u00e9s de Urrunaga. Protagonizada por la vitoriana Patricia L\u00f3pez Arnaiz y el actor gallego Javier Rey, la pel\u00edcula gira en torno a los l\u00edmites de la Inteligencia Artificial y el duelo humano. En este thriller forman un matrimonio que se separa tras la tr\u00e1gica muerte de su hijo. No era la primera vez que estos reconocidos int\u00e9rpretes trabajaban en \u00c1lava. Arnaiz inici\u00f3 su carrera en la capital vasca y gan\u00f3 el Goya por <a href=\"https:\/\/www.elcorreo.com\/alava\/araba\/consagra-goya-sobrios-20210307013509-nt.html\" target=\"_blank\" data-voc-vtm-id=\"in-text-traffic\" title=\"&#039;Ane&#039;\" data-mrf-link=\"www.elcorreo.com\" rel=\"nofollow noopener\">&#8216;Ane&#8217;<\/a>, cinta de P\u00e9rez Sa\u00f1udo registrada en barrios como Arana y Errekaleor. Javier Rey se meti\u00f3 en la piel de Kraken en la adaptaci\u00f3n de &#8216;El silencio de la ciudad blanca&#8217;, que dirigi\u00f3 Daniel Calparsoro hace siete a\u00f1os.<\/p>\n<p class=\"v-p\">\u00abEs bastante ins\u00f3lito para m\u00ed rodar en \u00c1lava porque al final con este trabajo est\u00e1s fuera todo el rato y convives con mucha morri\u00f1a\u00bb, coment\u00f3 Arnaiz, que lleva a\u00f1os firmando papeles deslumbrantes y que se han ganado el aplauso de la cr\u00edtica y del p\u00fablico. &#8216;Los domingos&#8217;, una de las pel\u00edculas del a\u00f1o, tambi\u00e9n en cartelera, es uno de esos ejemplos. &#8216;20.000 especies de abejas&#8217;, &#8216;Nina&#8217;, &#8216;Galgos&#8217;, &#8216;Apag\u00f3n&#8217;, &#8216;La peste&#8217;&#8230;<\/p>\n<ol class=\"v-cmp-u-b__u\">\n<li class=\"v-cmp-u-b__l\">\n<p>\n&#8216;Cuerpos locos&#8217;<br \/>\nEn cines\n<\/p>\n<p>Rodaje en el Museo de Bellas Artes de \u00c1lava, Palacio Foral, Foronda, Euneiz&#8230;<\/p>\n<\/li>\n<\/ol>\n<p class=\"v-p\">Paz Padilla atrapada en el cuerpo de una ni\u00f1a de diez a\u00f1os. Esa es la disparatada premisa de la comedia familiar<a href=\"https:\/\/www.elcorreo.com\/alava\/araba\/cuerpos-locos-salon-plenos-palacio-foral-alava-20250321131418-nt.html\" target=\"_blank\" data-voc-vtm-id=\"in-text-traffic\" title=\"&#039;Cuerpos locos&#039;\" data-mrf-link=\"www.elcorreo.com\" rel=\"nofollow noopener\">&#8216;Cuerpos locos&#8217;<\/a>, dirigida por Ana Murugarren (&#8216;Garc\u00eda y Garc\u00eda&#8217;, &#8216;La higuera de los bastardos&#8217;), que lleva en cartelera desde el 31 de octubre. Vitoria aparece con claridad en la pantalla. Entre las curiosidades se encuentra la transformaci\u00f3n del sal\u00f3n de plenos del Palacio de la Provincia en sala judicial. Adem\u00e1s, supuso el estreno de Miguel \u00c1ngel Revilla, expresidente de Cantabria, como actor. Su participaci\u00f3n se produjo en el Museo de Bellas Artes de \u00c1lava, donde se caracteriz\u00f3 como juez para conducir una ceremonia. Fue all\u00ed donde se enter\u00f3 de que el rey em\u00e9rito lo hab\u00eda demandado por supuestas expresiones calumniosas e injuriosas. Antonio Resines, Ricardo Castella y El Langui tambi\u00e9n forman parte de un reparto, en el que destaca la peque\u00f1a Maia Zaitegi luciendo los colores del Aurrera.<\/p>\n<ol class=\"v-cmp-u-b__u\">\n<li class=\"v-cmp-u-b__l\">\n<p>\n&#8216;Aro Berria&#8217;<br \/>\nEn cines. Estreno el 28 de noviembre\n<\/p>\n<p>Rodaje en Barria<\/p>\n<\/li>\n<\/ol>\n<p><img decoding=\"async\" loading=\"lazy\" src=\"https:\/\/www.europesays.com\/es\/wp-content\/uploads\/2025\/11\/aroberria-unaimateo-rodaje-alava-kaiH--650x455@El Correo.jpg\" class=\"v-a-img\" width=\"650\" height=\"455\" alt=\"En Barria se registr\u00f3 buena parte de la grabaci\u00f3n de 'Aro berria'.\" data-voc-vtm-id=\"in-text-traffic\"\/><\/p>\n<p>En Barria se registr\u00f3 buena parte de la grabaci\u00f3n de &#8216;Aro berria&#8217;.<\/p>\n<p>Unai Mateo<\/p>\n<p><img loading=\"lazy\" decoding=\"async\" src=\"https:\/\/www.europesays.com\/es\/wp-content\/uploads\/2025\/11\/aroberria-unaimateo-rodaje-alava-kaiH--1920x1344@El Correo.jpg\" class=\"v-mdl__img-z\" width=\"1920\" height=\"1344\" alt=\"\"\/><\/p>\n<p class=\"v-p\">&#8216;Aro Berria&#8217;, de Irati Gorostidi, se suele presentar como una cinta desafiante, diferente e inc\u00f3moda que habla de la b\u00fasqueda de una utop\u00eda comunitaria del movimiento obrero a finales de los 70. Se inspira en la comunidad Arco Iris, formada por un grupo de j\u00f3venes en el valle navarro de Ultzama y que viven experiencias cat\u00e1rticas compartidas. Buena parte del rodaje se desarroll\u00f3 en <a href=\"https:\/\/www.elcorreo.com\/alava\/araba\/barria-suma-anekumen-ano-record-rodajes-alava-20241018001553-nt.html\" target=\"_blank\" data-voc-vtm-id=\"in-text-traffic\" title=\"Barria\" data-mrf-link=\"www.elcorreo.com\" rel=\"nofollow noopener\">Barria<\/a>. En el reparto se encuentran actrices alavesas cada vez m\u00e1s presentes en la escena como Edurne Azkarate y Natalia Su\u00e1rez. Este largometraje cuenta tambi\u00e9n con la colaboraci\u00f3n especial del cineasta Oliver Laxe, que representa a Espa\u00f1a en los Oscar con &#8216;Sir\u00e2t&#8217;. <\/p>\n<ol class=\"v-cmp-u-b__u\">\n<li class=\"v-cmp-u-b__l\">\n<p>\n&#8216;La tregua&#8217;\n<\/p>\n<p>Rodaje en Mina Luc\u00eda (Atauri)<\/p>\n<\/li>\n<\/ol>\n<p><img decoding=\"async\" loading=\"lazy\" src=\"https:\/\/www.europesays.com\/es\/wp-content\/uploads\/2025\/11\/rodaje-atauri-kaiH--650x455@El Correo.jpg\" class=\"v-a-img\" width=\"650\" height=\"455\" alt=\"Figurantes de 'La tregua'.\" data-voc-vtm-id=\"in-text-traffic\"\/><\/p>\n<p>Figurantes de &#8216;La tregua&#8217;.<\/p>\n<p>Blanca Castillo<\/p>\n<p><img loading=\"lazy\" decoding=\"async\" src=\"https:\/\/www.europesays.com\/es\/wp-content\/uploads\/2025\/11\/rodaje-atauri-kaiH--1920x1344@El Correo.jpg\" class=\"v-mdl__img-z\" width=\"1920\" height=\"1344\" alt=\"\"\/><\/p>\n<p class=\"v-p\">En esa variedad paisaj\u00edstica llaman la atenci\u00f3n escenarios dif\u00edciles de identificar en el mapa alav\u00e9s. De hecho, a muchos les cuesta creer que como ambientaci\u00f3n de un gulag sovi\u00e9tico se emplee una antigua mina de asfalto que cuenta con una galer\u00eda subterr\u00e1nea de 300 metros. Es el caso de Mina Luc\u00eda, escenario del duro rodaje de &#8216;La tregua&#8217;, de Miguel \u00c1ngel Vivas. La pel\u00edcula explora la convivencia entre soldados republicanos y miembros de la Divisi\u00f3n Azul en un gulag sovi\u00e9tico durante la Segunda Guerra Mundial. Miguel Herr\u00e1n (&#8216;La casa de papel&#8217;) y Ar\u00f3n Piper (&#8216;\u00c9lite&#8217;) se meten en la piel de dos militares. En diciembre del a\u00f1o pasado se registraron varias escenas en Atauri, donde se pudo ver caracterizados a varios j\u00f3venes de soldados del Ej\u00e9rcito Rojo. Una de las curiosidades del rodaje es que entre los numerosos figurantes que encajaban con ese casting de &#8216;perfiles rusos, kazajos&#8217; se encontraban algunos j\u00f3venes ucranianos. <\/p>\n<ol class=\"v-cmp-u-b__u\">\n<li class=\"v-cmp-u-b__l\">\n<p>\n&#8216;Historias de Halloween&#8217;\n<\/p>\n<p>Rodaje en el conjunto monumental de Quejana<\/p>\n<\/li>\n<\/ol>\n<p><img decoding=\"async\" loading=\"lazy\" src=\"https:\/\/www.europesays.com\/es\/wp-content\/uploads\/2025\/11\/historias-haloewn-kjQB--650x455@El Correo.png\" class=\"v-a-img\" width=\"650\" height=\"455\" alt=\"\" data-voc-vtm-id=\"in-text-traffic\"\/><\/p>\n<p><img loading=\"lazy\" decoding=\"async\" src=\"https:\/\/www.europesays.com\/es\/wp-content\/uploads\/2025\/11\/historias-haloewn-kjQB--1920x1344@El Correo.png\" class=\"v-mdl__img-z\" width=\"1920\" height=\"1344\" alt=\"\"\/><\/p>\n<p class=\"v-p\">No es habitual que se abran las puertas del complejo palaciego de Quejana, considerado un Bien Cultural Calificado. Pero el a\u00f1o pasado lo hizo para acoger un rodaje de terror. &#8216;Historias de Halloween&#8217;, la puesta de largo de Kiko Prada (Oviedo, 1984) cont\u00f3 con actores como Javier Botet, Macarena G\u00f3mez, David Pareja o Mar\u00eda Barranco. Tras su paso por el prestigioso festival de Sitges se pudo ver en algunos cines el 14 de noviembre de este a\u00f1o. Aunque la tradici\u00f3n de Halloween se ha reflejado ampliamente en el cine estadounidense a lo largo de las \u00faltimas d\u00e9cadas (&#8216;Donnie Darko&#8217;, &#8216;E. T., el extraterrestre&#8217;&#8230;) y ha habido taquillazos recientes como &#8216;Halloween Ends&#8217;, en Espa\u00f1a apenas se conocen t\u00edtulos de este tipo y uno de ellos tiene sello alav\u00e9s. La pel\u00edcula incorpora gui\u00f1os a la mitolog\u00eda vasca, como los &#8216;mamurrak&#8217;, personajes de baja estatura a los que atribuyen poderes divinos. \u00abMi pretensi\u00f3n es entretener y que los espectadores se diviertan. Que la hora y media que dure la pel\u00edcula se olviden de sus problemas\u00bb, cont\u00f3 el director en una visita al set. <a href=\"https:\/\/www.elcorreo.com\/alava\/araba\/quejana-queda-serie-20251106123415-nt.html\" target=\"_blank\" data-voc-vtm-id=\"in-text-traffic\" title=\"Quejana \" data-mrf-link=\"www.elcorreo.com\" rel=\"nofollow noopener\">Quejana <\/a>era tambi\u00e9n el escenario que eligieron los creadores de &#8216;La que se avecina&#8217; para una nueva serie acerca de unas monjas que pasan apuros econ\u00f3micos en un convento. Sin embargo, ese proyecto se cay\u00f3. <\/p>\n<ol class=\"v-cmp-u-b__u\">\n<li class=\"v-cmp-u-b__l\">\n<p>\n&#8216;La coleccionista&#8217;<br \/>\nEn Amazon Prime\n<\/p>\n<p>Rodaje en Apell\u00e1niz<\/p>\n<\/li>\n<\/ol>\n<p><img decoding=\"async\" loading=\"lazy\" src=\"https:\/\/www.europesays.com\/es\/wp-content\/uploads\/2025\/11\/lacoleccionista-kjQB--650x455@El Correo.jpg\" class=\"v-a-img\" width=\"650\" height=\"455\" alt=\"F\u00e1tima (Bel\u00e9n L\u00f3pez), la protagonista de 'La coleccionista'.\" data-voc-vtm-id=\"in-text-traffic\"\/><\/p>\n<p>F\u00e1tima (Bel\u00e9n L\u00f3pez), la protagonista de &#8216;La coleccionista&#8217;.<\/p>\n<p><img loading=\"lazy\" decoding=\"async\" src=\"https:\/\/www.europesays.com\/es\/wp-content\/uploads\/2025\/11\/lacoleccionista-kjQB--1920x1344@El Correo.jpg\" class=\"v-mdl__img-z\" width=\"1920\" height=\"1344\" alt=\"\"\/><\/p>\n<p class=\"v-p\">\u00bfMonta\u00f1a Alavesa como escenario de otra cinta de terror? Con <a href=\"https:\/\/www.elcorreo.com\/alava\/araba\/terror-desata-montana-alavesa-20250307004652-nt.html\" target=\"_blank\" data-voc-vtm-id=\"in-text-traffic\" title=\"&#039;La coleccionista&#039;\" data-mrf-link=\"www.elcorreo.com\" rel=\"nofollow noopener\">&#8216;La coleccionista&#8217;<\/a>, pel\u00edcula de Manuel Sanabria esa idea tomaba cuerpo en una particular producci\u00f3n que ten\u00eda como principal escenario el pueblo de Apell\u00e1niz. A su paso por los cines esta pel\u00edcula la vieron 14.357 espectadores. Sin embargo, m\u00e1s tarde se transform\u00f3 en serie y lleg\u00f3 a la plataforma Amazon Prime siendo una de las m\u00e1s vistas. La actriz Bel\u00e9n L\u00f3pez (&#8216;Mar de Pl\u00e1stico, &#8216;Arde Madrid&#8217;) es la protagonista. Se mete en la piel de una misteriosa mujer, una especie de santera, que regenta una tienda de antig\u00fcedades. Inquietante, en su reparto cuenta con figuras conocidas como Maggie Civantos, Daniel Grao, Canco Rodr\u00edguez o Paco Tous. <\/p>\n<ol class=\"v-cmp-u-b__u\">\n<li class=\"v-cmp-u-b__l\">\n<p>\n&#8216;El secreto del orfebre&#8217;<br \/>\nEn Movistar +\n<\/p>\n<p>Rodaje en Elciego y Laguardia<\/p>\n<\/li>\n<\/ol>\n<p><img decoding=\"async\" loading=\"lazy\" src=\"https:\/\/www.europesays.com\/es\/wp-content\/uploads\/2025\/11\/mariocasas-elciego-kO6B--1200x840@El Correo.jpg\" class=\"v-a-img\" width=\"1200\" height=\"840\" alt=\"Imagen de Galeria \"\/><\/p>\n<p>Mario Casas, en el rodaje que tuvo lugar en Elciego.                          Igor Mart\u00edn                        <\/p>\n<p><img decoding=\"async\" loading=\"lazy\" src=\"https:\/\/www.europesays.com\/es\/wp-content\/uploads\/2025\/11\/mariocasas-elciego-rodaje-kO6B--1200x840@El Correo.jpg\" class=\"v-a-img\" width=\"1200\" height=\"840\" alt=\"Imagen de Galeria \"\/><\/p>\n<p>Igor Mart\u00edn                        <\/p>\n<p><img decoding=\"async\" loading=\"lazy\" src=\"https:\/\/www.europesays.com\/es\/wp-content\/uploads\/2025\/11\/mariocasas-elciego-grabacion-kO6B--1200x840@El Correo.jpg\" class=\"v-a-img\" width=\"1200\" height=\"840\" alt=\"Imagen de Galeria \"\/><\/p>\n<p>La directora Olga Osorio junto a Mario Casas.                          Igor Mart\u00edn                        <\/p>\n<p><img decoding=\"async\" loading=\"lazy\" src=\"https:\/\/www.europesays.com\/es\/wp-content\/uploads\/2025\/11\/elsecretodelorfebre-kO6B--1200x840@El Correo.jpg\" class=\"v-a-img\" width=\"1200\" height=\"840\" alt=\"Imagen de Galeria \"\/><\/p>\n<p>Igor Mart\u00edn                        <\/p>\n<p class=\"v-sld__p-c\">\n1 \/\n<\/p>\n<p class=\"v-p\">Rioja Alavesa luce en todo su esplendor en &#8216;El secreto del orfebre&#8217;, especialmente en Elciego y Laguardia. Protagonizada por Mario Casas y Michelle Jenner, se estren\u00f3 el 28 de febrero de la mano de Warner y atrajo a 169.651 espectadores en salas. Actualmente puede verse en Movistar+. El filme, un relato de amor marcado por la nostalgia, transform\u00f3 durante semanas el d\u00eda a d\u00eda de la comarca. Muchos vecinos participaron como figurantes. <a href=\"https:\/\/www.elcorreo.com\/alava\/araba\/mario-casas-protagonista-romance-rioja-alavesa-cine-20240625145433-nt.html\" target=\"_blank\" data-voc-vtm-id=\"in-text-traffic\" title=\"Casas\" data-mrf-link=\"www.elcorreo.com\" rel=\"nofollow noopener\">Casas<\/a> confes\u00f3 a EL CORREO que la zona le pareci\u00f3 \u00abtodo un descubrimiento\u00bb. Uno de los momentos destacados de la cinta es un baile que se produce en la plaza del pueblo. El sabor amargo lleg\u00f3 cuando los vecinos de Elciego comprobaron que su localidad no aparec\u00eda mencionada en los cr\u00e9ditos. <\/p>\n<ol class=\"v-cmp-u-b__u\">\n<li class=\"v-cmp-u-b__l\">\n<p>\n&#8216;8&#8217;<br \/>\nEn Movistar +\n<\/p>\n<p>Rodaje en Artziniega<\/p>\n<\/li>\n<\/ol>\n<p><img decoding=\"async\" loading=\"lazy\" src=\"https:\/\/www.europesays.com\/es\/wp-content\/uploads\/2025\/11\/8medem-kjfD--650x455@El Correo.jpg\" class=\"v-a-img\" width=\"650\" height=\"455\" alt=\"Ana Rujas y Javier Rey, protagonistas de '9', rodada en Artziniega.\" data-voc-vtm-id=\"in-text-traffic\"\/><\/p>\n<p>Ana Rujas y Javier Rey, protagonistas de &#8216;9&#8217;, rodada en Artziniega.<\/p>\n<p>Morena Films<\/p>\n<p><img loading=\"lazy\" decoding=\"async\" src=\"https:\/\/www.europesays.com\/es\/wp-content\/uploads\/2025\/11\/8medem-kjfD--1920x1344@El Correo.jpg\" class=\"v-mdl__img-z\" width=\"1920\" height=\"1344\" alt=\"\"\/><\/p>\n<p class=\"v-p\">Artziniega ha sido escenario de diferentes t\u00edtulos en la \u00faltima d\u00e9cada. Ese empedrado medieval encaja a los localizadores. Algo que se suma a la tranquilidad de la zona para llevar a cabo una grabaci\u00f3n. &#8216;Patria&#8217; (2012), Gernika (2015), &#8216;Las noches que mir\u00e1bamos al cielo&#8217; (2020),<a href=\"https:\/\/www.elcorreo.com\/culturas\/cine\/telleria-quieren-vascos-20190313141316-nt.html\" target=\"_blank\" data-voc-vtm-id=\"in-text-traffic\" title=\" &#039;La peque\u00f1a Suiza&#039;\" data-mrf-link=\"www.elcorreo.com\" rel=\"nofollow noopener\"> &#8216;La peque\u00f1a Suiza&#8217;<\/a> (2018)&#8230; son algunas de esas cintas ambientadas all\u00ed. Un tir\u00f3n que hizo que la villa incluso apareciera en una serie de cupones de la ONCE llamada &#8216;Pueblos de pel\u00edcula&#8217;. El \u00faltimo largometraje que ha llegado a la gran pantalla registrado all\u00ed es &#8216;8&#8217;, de <a href=\"https:\/\/www.elcorreo.com\/alava\/araba\/artziniega-golpea-nuevo-claqueta-pelicula-medem-rodaje-pelicula-20240302210326-nt.html\" target=\"_blank\" data-voc-vtm-id=\"in-text-traffic\" title=\"Julio Medem\" data-mrf-link=\"www.elcorreo.com\" rel=\"nofollow noopener\">Julio Medem<\/a>. Esta pel\u00edcula sigue a lo largo de 90 a\u00f1os a dos amantes que nacieron el mismo d\u00eda: el 14 de abril de 1931, fecha de proclamaci\u00f3n de la II Rep\u00fablica. Ana Rujas (&#8216;La Mes\u00edas&#8217;) y Javier Rey (&#8216;El silencio de la ciudad blanca&#8217;, &#8216;Fari\u00f1a&#8217;) dan vida a Adela y Octavio. <\/p>\n<p class=\"v-p\">\u00abEl Ayuntamiento viejo, donde solemos ir a las tardes, lo han ocupado para que se cambien all\u00ed los actores\u00bb, explicaba una vecina un d\u00eda de rodaje acerca del Hogar de los Mayores, acondicionado para la ocasi\u00f3n. Los detalles de decoraci\u00f3n daban una pista clara. En la zona de la iglesia de la Asunci\u00f3n de Nuestra Se\u00f1ora se ve\u00eda una bandera con los colores rojo, amarillo y morado. En esa misma calle: un cartel anunciando las elecciones del domingo 12 de abril de 1931, que determinaron la llegada de la Segunda Rep\u00fablica. <\/p>\n<ol class=\"v-cmp-u-b__u\">\n<li class=\"v-cmp-u-b__l\">\n<p>\n&#8216;Sin cobertura&#8217;\n<\/p>\n<p>Rodaje en V\u00edllodas<\/p>\n<\/li>\n<\/ol>\n<p><img decoding=\"async\" loading=\"lazy\" src=\"https:\/\/www.europesays.com\/es\/wp-content\/uploads\/2025\/11\/sincobertura-villodas-kjfD--650x455@El Correo.jpg\" class=\"v-a-img\" width=\"650\" height=\"455\" alt=\"Ernesto Sevilla junto a Alexandra Jim\u00e9nez y las ni\u00f1as Luna Fulgencio y Amaia Miranda en 'Sin cobertura', de Mar Olid.\" data-voc-vtm-id=\"in-text-traffic\"\/><\/p>\n<p>Ernesto Sevilla junto a Alexandra Jim\u00e9nez y las ni\u00f1as Luna Fulgencio y Amaia Miranda en &#8216;Sin cobertura&#8217;, de Mar Olid.<\/p>\n<p><img loading=\"lazy\" decoding=\"async\" src=\"https:\/\/www.europesays.com\/es\/wp-content\/uploads\/2025\/11\/sincobertura-villodas-kjfD--1920x1344@El Correo.jpg\" class=\"v-mdl__img-z\" width=\"1920\" height=\"1344\" alt=\"\"\/><\/p>\n<p class=\"v-p\">La comedia familiar <a href=\"https:\/\/www.elcorreo.com\/culturas\/cine\/cobertura-medievo-unir-familia-estresada-20250821192828-nt.html\" target=\"_blank\" data-voc-vtm-id=\"in-text-traffic\" title=\"&#039;Sin Cobertura&#039; \" data-mrf-link=\"www.elcorreo.com\" rel=\"nofollow noopener\">&#8216;Sin Cobertura&#8217; <\/a>se encuentra en el top 10 de pel\u00edculas espa\u00f1olas m\u00e1s vista en cines este a\u00f1o. Cerca de 500.000 espectadores han acudido a las salas para ver la cinta de Mar Olid, que tuvo como escenario V\u00edllodas, adem\u00e1s de otras localizaciones vascas. El concejo a orillas del Zadorra era ideal para escenas de r\u00edo en esta producci\u00f3n que parte del viaje que emprende una estresada familia de nuestros d\u00edas, adicta a las pantallas, hasta la Edad Media, donde buscar\u00e1 reforzar sus lazos y aprender que la vida puede ser mejor sin m\u00f3viles. <\/p>\n","protected":false},"excerpt":{"rendered":"Detr\u00e1s de cada minuto en pantalla existe una larga tarea de planificaci\u00f3n, visitas y recorrido con el dedo&hellip;\n","protected":false},"author":2,"featured_media":261841,"comment_status":"","ping_status":"","sticky":false,"template":"","format":"standard","meta":{"footnotes":""},"categories":[169],"tags":[3935,1611,177,38981,1630,146,147,25,24,176,175,753,23],"class_list":{"0":"post-261840","1":"post","2":"type-post","3":"status-publish","4":"format-standard","5":"has-post-thumbnail","7":"category-cine","8":"tag-alava","9":"tag-ano","10":"tag-cine","11":"tag-decorado","12":"tag-diez","13":"tag-entertainment","14":"tag-entretenimiento","15":"tag-es","16":"tag-espana","17":"tag-film","18":"tag-movies","19":"tag-peliculas","20":"tag-spain"},"share_on_mastodon":{"url":"https:\/\/pubeurope.com\/@es\/115632416882809136","error":""},"_links":{"self":[{"href":"https:\/\/www.europesays.com\/es\/wp-json\/wp\/v2\/posts\/261840","targetHints":{"allow":["GET"]}}],"collection":[{"href":"https:\/\/www.europesays.com\/es\/wp-json\/wp\/v2\/posts"}],"about":[{"href":"https:\/\/www.europesays.com\/es\/wp-json\/wp\/v2\/types\/post"}],"author":[{"embeddable":true,"href":"https:\/\/www.europesays.com\/es\/wp-json\/wp\/v2\/users\/2"}],"replies":[{"embeddable":true,"href":"https:\/\/www.europesays.com\/es\/wp-json\/wp\/v2\/comments?post=261840"}],"version-history":[{"count":0,"href":"https:\/\/www.europesays.com\/es\/wp-json\/wp\/v2\/posts\/261840\/revisions"}],"wp:featuredmedia":[{"embeddable":true,"href":"https:\/\/www.europesays.com\/es\/wp-json\/wp\/v2\/media\/261841"}],"wp:attachment":[{"href":"https:\/\/www.europesays.com\/es\/wp-json\/wp\/v2\/media?parent=261840"}],"wp:term":[{"taxonomy":"category","embeddable":true,"href":"https:\/\/www.europesays.com\/es\/wp-json\/wp\/v2\/categories?post=261840"},{"taxonomy":"post_tag","embeddable":true,"href":"https:\/\/www.europesays.com\/es\/wp-json\/wp\/v2\/tags?post=261840"}],"curies":[{"name":"wp","href":"https:\/\/api.w.org\/{rel}","templated":true}]}}