{"id":261842,"date":"2025-11-29T10:03:15","date_gmt":"2025-11-29T10:03:15","guid":{"rendered":"https:\/\/www.europesays.com\/es\/261842\/"},"modified":"2025-11-29T10:03:15","modified_gmt":"2025-11-29T10:03:15","slug":"fc-barcelona-deportivo-alaves-enfocados-en-la-liga","status":"publish","type":"post","link":"https:\/\/www.europesays.com\/es\/261842\/","title":{"rendered":"FC Barcelona &#8211; Deportivo Alav\u00e9s: Enfocados en la Liga"},"content":{"rendered":"<p>No hay nada como estar en casa para superar malos partidos. Y, tras la dolorosa derrota en Stamford Bridge, la mejor medicina debe ser reencontrarse con la victoria en el Spotify Camp Nou y celebrar junto a los culers que el <strong>Bar\u00e7a <\/strong>ha vuelto a casa. As\u00ed fue en el<a href=\"https:\/\/www.fcbarcelona.es\/es\/futbol\/primer-equipo\/noticias\/4407322\/fc-barcelona-athletic-club-el-regreso-sonado-4-0\" rel=\"nofollow noopener\" target=\"_blank\"> estreno del nuevo Estadio contra el Athletic Club,<\/a> y as\u00ed quieren que vuelva a ser los culers en otro d\u00eda de celebraci\u00f3n. Porque la visita del <strong>Alav\u00e9s <\/strong>a Barcelona coincide con el 126 aniversario de la fundaci\u00f3n del Club y qu\u00e9 mejor manera de conmemorarlo que con tres puntos.<\/p>\n<p>Seguir en racha en la Liga&#8230; con Pedri<\/p>\n<p>\u00c9ste es el \u00fanico objetivo que tienen los de Hansi Flick para al duelo contra los vitorianos, correspondiente a la jornada 14 de una Liga que en las \u00faltimas dos jornadas se ha ajustado al m\u00e1ximo, con solo un punto menos que el Madrid. As\u00ed, una vez acabe<a href=\"https:\/\/www.fcbarcelona.es\/es\/noticias\/4410697\/el-spotify-camp-nou-sigue-de-celebracion\" rel=\"nofollow noopener\" target=\"_blank\"> el <strong>mosaico <\/strong>de celebraci\u00f3n por el aniversario<\/a> que ha preparado y ruede la pelota, el Bar\u00e7a tendr\u00e1 90 minutos para olvidar por completo la derrota en Champions y seguir en la buena racha en la competici\u00f3n dom\u00e9stica, donde acumulan tres victorias seguidas.<\/p>\n<p>                <img decoding=\"async\" src=\"https:\/\/www.europesays.com\/es\/wp-content\/uploads\/2025\/11\/2511_126-_Aniversari_Web_Hero_3200x2000_01_A-1-.jpg\" alt=\"2511_126\u00e8_Aniversari_Web_Hero_3200x2000_01_A (1)\" class=\"embeddable-photo__image\"\/><\/p>\n<p>Para el partido contra los babazorros, Hansi Flick anunci\u00f3 una gran noticia en la rueda de prensa previa. Porque el alem\u00e1n asegur\u00f3 que <strong>Pedri, recuperado de su lesi\u00f3n,<\/strong> tendr\u00eda minutos, en contraposici\u00f3n con las lesiones de Ferm\u00edn y la baja de Araujo, \u00e9ste \u00faltimo por un virus intestinal. Enfrente habr\u00e1 un equipo que no pasa por su mejor momento.<\/p>\n<p>El Alav\u00e9s, en horas bajas<\/p>\n<p>Tras un buen inicio de curso que les hab\u00eda instalado en la zona media de la tabla, <strong>el Alav\u00e9s s\u00f3lo ha sumado cuatro puntos de los \u00faltimos 15<\/strong>. Con estos registros, los del &#8216;Chacho&#8217; Coudet son decimocuartos con 15 puntos, s\u00f3lo cuatro por encima del descenso. Con excul\u00e9s como Denis Su\u00e1rez o Carles Ale\u00f1\u00e0, la gran fortaleza del Alav\u00e9s recae en el bloque y la capacidad de trabajar y desgastarse sin bal\u00f3n.<\/p>\n<p>El Bar\u00e7a deber\u00e1 tener paciencia para poder desmenuzar un muro que <strong>s\u00f3lo ha encajado 12 goles<\/strong>, uno m\u00e1s que Villarreal y Atl\u00e9tico de Madrid, los que menos. Por el contrario, s\u00f3lo acumulan once goles a favor, siendo el tercer equipo menos realizador de toda la liga. Sea como fuere, este Bar\u00e7a ha demostrado que si es capaz de encontrar su juego, tiene muchos n\u00fameros de sacar los partidos adelante. Toca demostrarlo, e intentar asaltar el liderato.<\/p>\n","protected":false},"excerpt":{"rendered":"No hay nada como estar en casa para superar malos partidos. Y, tras la dolorosa derrota en Stamford&hellip;\n","protected":false},"author":2,"featured_media":261843,"comment_status":"","ping_status":"","sticky":false,"template":"","format":"standard","meta":{"footnotes":""},"categories":[93],"tags":[168,25,24,23,167,2288],"class_list":{"0":"post-261842","1":"post","2":"type-post","3":"status-publish","4":"format-standard","5":"has-post-thumbnail","7":"category-deportes","8":"tag-deportes","9":"tag-es","10":"tag-espana","11":"tag-spain","12":"tag-sports","13":"tag-text"},"share_on_mastodon":{"url":"https:\/\/pubeurope.com\/@es\/115632419793409504","error":""},"_links":{"self":[{"href":"https:\/\/www.europesays.com\/es\/wp-json\/wp\/v2\/posts\/261842","targetHints":{"allow":["GET"]}}],"collection":[{"href":"https:\/\/www.europesays.com\/es\/wp-json\/wp\/v2\/posts"}],"about":[{"href":"https:\/\/www.europesays.com\/es\/wp-json\/wp\/v2\/types\/post"}],"author":[{"embeddable":true,"href":"https:\/\/www.europesays.com\/es\/wp-json\/wp\/v2\/users\/2"}],"replies":[{"embeddable":true,"href":"https:\/\/www.europesays.com\/es\/wp-json\/wp\/v2\/comments?post=261842"}],"version-history":[{"count":0,"href":"https:\/\/www.europesays.com\/es\/wp-json\/wp\/v2\/posts\/261842\/revisions"}],"wp:featuredmedia":[{"embeddable":true,"href":"https:\/\/www.europesays.com\/es\/wp-json\/wp\/v2\/media\/261843"}],"wp:attachment":[{"href":"https:\/\/www.europesays.com\/es\/wp-json\/wp\/v2\/media?parent=261842"}],"wp:term":[{"taxonomy":"category","embeddable":true,"href":"https:\/\/www.europesays.com\/es\/wp-json\/wp\/v2\/categories?post=261842"},{"taxonomy":"post_tag","embeddable":true,"href":"https:\/\/www.europesays.com\/es\/wp-json\/wp\/v2\/tags?post=261842"}],"curies":[{"name":"wp","href":"https:\/\/api.w.org\/{rel}","templated":true}]}}