{"id":261844,"date":"2025-11-29T10:07:11","date_gmt":"2025-11-29T10:07:11","guid":{"rendered":"https:\/\/www.europesays.com\/es\/261844\/"},"modified":"2025-11-29T10:07:11","modified_gmt":"2025-11-29T10:07:11","slug":"vacunarse-es-la-principal-medida-preventiva","status":"publish","type":"post","link":"https:\/\/www.europesays.com\/es\/261844\/","title":{"rendered":"vacunarse es la principal medida preventiva"},"content":{"rendered":"<p><img id=\"fotoPrincipalNoticia\" src=\"https:\/\/www.europesays.com\/es\/wp-content\/uploads\/2025\/11\/fotonoticia_20251129083455_690.jpg\" loading=\"eager\" decoding=\"async\" style=\"view-transition-name: fechor_20251129083455;\" border=\"0\" alt=\"Un usuario acude a vacunarse en epidemia de gripe.\" fetchpriority=\"high\" title=\"La gripe se adelanta en Espa\u00f1a y &quot;acelera&quot; su transmisi\u00f3n por la zona norte: vacunarse es la principal medida preventiva\" width=\"690\" height=\"388\" itemprop=\"image\"\/><\/p>\n<p>Un usuario acude a vacunarse en epidemia de gripe. &#8211; EUROPA PRESS<\/p>\n<p>   ZARAGOZA 29 Nov. (EUROPA PRESS) &#8211; <\/p>\n<p>   La gripe ha adelantado su llegada a Espa\u00f1a y \u00abacelera\u00bb su transmisi\u00f3n por el norte del pa\u00eds, superando el umbral epid\u00e9mico en muchas de las comunidades aut\u00f3nomas de esta zona entre cuatro y siete semanas antes de lo esperado seg\u00fan sus series hist\u00f3ricas. En este sentido, la principal medida preventiva es la vacunaci\u00f3n, aunque ha de acompa\u00f1arse de otras acciones como el lavado de manos, correcta ventilaci\u00f3n y uso de mascarillas en determinados espacios.<\/p>\n<p>   En concreto, Asturias, Pa\u00eds Vasco, Cantabria, Castilla y Le\u00f3n, Catalu\u00f1a, Galicia, Navarra y La Rioja han registrado un n\u00famero de casos de gripe por encima del umbral epid\u00e9mico entre las semanas 42 y 45, fijado en 59,64 casos cada 100.000 habitantes. En el caso de Arag\u00f3n, esta situaci\u00f3n de epidemia se ha alcanzado en la semana 47, es decir, del 17 al 23 de noviembre.<\/p>\n<p>   La alta transmisi\u00f3n se observa principalmente en ni\u00f1os y adolescentes, aunque comienzan a darse incrementos en otros grupos de edad, por ello \u00abla principal medida preventiva, sin duda, es vacunarse\u00bb, ha apuntado la directora general de Salud P\u00fablica del Gobierno de Arag\u00f3n, Nuria Gay\u00e1n, en declaraciones a Europa Press.<\/p>\n<p>   Adem\u00e1s, ha aconsejado ventilar los espacios interiores adecuadamente, hacer uso de la mascarilla en lugares cerrados donde se produzcan aglomeraciones, especialmente en centros sanitarios o sociosanitarios y entre quienes se dediquen al cuidado de personas vulnerables, y extremar la higiene de manos, dado que \u00abmuchos contagios\u00bb se producen por esta v\u00eda y \u00abno siempre es por respirar las gotas\u00bb.<\/p>\n<p>   Acerca de la gripe, Gay\u00e1n ha incidido en la importancia de la vacunaci\u00f3n para advertir que \u00abno le tenemos demasiado respeto a las posibles consecuencias de sufrir una gripe\u00bb y, m\u00e1s all\u00e1 de la sintomatolog\u00eda del propio virus, \u00abque puede llevarnos a ingresar en el hospital, hay estudios cient\u00edficos que avalan que despu\u00e9s de pasar una gripe crece bastante el n\u00famero de infartos de miocardio y otros accidentes cardiovasculares y cerebrovasculares\u00bb.<\/p>\n<p>   \u00abTodo est\u00e1 interconectado y pasar una gripe nos puede dejar en unas condiciones duras de cara a las siguientes semanas\u00bb, ha alertado la directora general de Salud P\u00fablica del Gobierno de Arag\u00f3n.<\/p>\n<p>LA GRIPE VIAJA DE OESTE A ESTE <\/p>\n<p>   Seg\u00fan ha explicado Nuria Gay\u00e1n, \u00abla gripe, generalmente en muchas temporadas, ha viajado de oeste a este. Ha empezado por Galicia y ha terminado la curva epid\u00e9mica m\u00e1s tard\u00eda de Baleares\u00bb. Sin embargo, \u00abeste a\u00f1o ha tenido un comportamiento muy acelerado y adem\u00e1s en la zona norte\u00bb, ha comentado.<\/p>\n<p>   Entre las causas que han propiciado esta elevada incidencia de la gripe en noviembre, aunque todav\u00eda est\u00e1n en estudio, ha aclarado la directora general de Salud P\u00fablica del Gobierno de Arag\u00f3n, se encuentran algunas \u00abcomunes en Espa\u00f1a y Europa\u00bb.<\/p>\n<p>    La baja circulaci\u00f3n del virus respiratorio sincitial (VRS), \u00abque suele hacer una curva epid\u00e9mica previa a la gripe y este a\u00f1o no la ha habido\u00bb, y el mismo comportamiento ha experimentado la covid; todo ello sumado a las bajas coberturas de vacunaci\u00f3n y factores ambientales se sit\u00faan como potenciales causas. En definitiva, \u00abcuando unos virus circulan menos, ese espacio lo ocupan otros\u00bb, ha resumido Gay\u00e1n.<\/p>\n<p>AVANCE DE LA GRIPE EN ARAG\u00d3N<\/p>\n<p>   Arag\u00f3n es una de las comunidades aut\u00f3nomas que ha declarado la epidemia de gripe, con 63,4 casos cada 100.000 habitantes. Este dato est\u00e1 alentado por el ascenso de afectados en la provincia de Zaragoza, sobre todo en la capital, hasta llegar a los 76,1 casos cada 100.000 habitantes en la semana 47 del a\u00f1o, lo que ha llevado al Departamento de Sanidad a declarar el nivel de riesgo 2 en aplicaci\u00f3n de protocolo de escenarios de riesgo y recomendaciones en dicha provincia.<\/p>\n<p>   Por su parte, las provincias de Huesca y Teruel se mantienen lejos de rebasar el umbral epid\u00e9mico, con 28,9 y 30,7 casos cada 100.000 habitantes, respectivamente, de manera que se mantiene el nivel de riesgo 1.<\/p>\n<p>   Para frenar el avance de este virus, Arag\u00f3n abre este fin de semana, 29 y 30 de noviembre, la vacunaci\u00f3n sin cita previa para todos los ciudadanos &#8211;incluidos en los grupos de riesgo&#8211; que residan en la comunidad aut\u00f3noma. Deber\u00e1n acudir al Hospital Provincial Nuestra Se\u00f1ora de Gracia, en horario de 9.00 a 19.00 horas.<\/p>\n<p>   \u00abEs importante que acudan a vacunarse\u00bb, ha animado Gay\u00e1n, agregando que la vacunaci\u00f3n sin cita previa es una \u00abuna medida que intentamos que ayude a la conciliaci\u00f3n familiar y a las personas que por motivos laborales no pueden ir a su centro de salud\u00bb.<\/p>\n<p>    Este a\u00f1o, el Gobierno de Arag\u00f3n ha adquirido cinco tipos distintos de vacunas de gripe, en total 419.000 dosis, cuyo coste ha estado en torno a los 3,8 millones de euros.<\/p>\n<p>NIVEL DE RIESGO 2 <\/p>\n<p>   El nivel de riesgo 2, en el que se encuentra la provincia de Zaragoza establece la m\u00e1xima recomendaci\u00f3n de uso de mascarilla por parte de los profesionales que prestan servicios en los centros sanitarios, sociosanitarios y centros de servicios sociales especializados, durante cualquier actividad que suponga atenci\u00f3n directa a la ciudadan\u00eda, como medida de autoprotecci\u00f3n y para evitar contagios.<\/p>\n<p>   Adem\u00e1s, se autoriza a la direcci\u00f3n de estos centros a establecer como obligatorio el uso de la mascarilla para los profesionales citados, cuando se considere necesario en funci\u00f3n de su evaluaci\u00f3n de riesgo, plan espec\u00edfico de actuaci\u00f3n o plan de contingencia, en su caso. De hecho, los hospitales Cl\u00ednico Lozano Blesa y Miguel Servet, en Zaragoza, ya han establecido esta medida como obligatoria.<\/p>\n<p>   Pasa a ser \u00abaltamente recomendable\u00bb el uso de la mascarilla al resto de profesionales de estos centros en el ejercicio de cualquier otra actividad que no suponga atenci\u00f3n directa a la ciudadan\u00eda y se desarrolle en esos centros, as\u00ed como a pacientes y usuarios.<\/p>\n<p>   El uso de mascarilla para la ciudadan\u00eda como medida de protecci\u00f3n en el acceso a los centros sanitarios, sociosanitarios y centros de servicios sociales especializados se considera \u00abaltamente recomendable\u00bb, as\u00ed como en espacios interiores con aglomeraciones de personas. Se recuerda que no est\u00e1 recomendado el uso de mascarilla en menores de 6 a\u00f1os de edad.<\/p>\n<p>   Todo ello aparece recogido en una Orden publicada en el Bolet\u00edn Oficial de Arag\u00f3n (BOA) del pasado mi\u00e9rcoles, 26 de noviembre, dictada por el consejero de Sanidad, Jos\u00e9 Luis Bancalero, relativa al uso de mascarillas como medida de protecci\u00f3n frente a las infecciones respiratorias agudas en Arag\u00f3n.<\/p>\n<p>   Para favorecer su uso como medida de protecci\u00f3n en un contexto de epidemia, el Gobierno de Arag\u00f3n y el Ayuntamiento de Zaragoza han puesto en marcha un operativo para distribuir mascarillas de forma gratuita en centros sociosanitarios, en la red de transporte p\u00fablico y en los accesos a los principales hospitales, llegando tambi\u00e9n a los usuarios del Albergue Municipal, la Casa de Amparo, las Casas de Acogida y los Centros de Convivencia para Mayores. En paralelo, el servicio de teleasistencia ofrecer\u00e1 recomendaciones a los usuarios.<\/p>\n<p>CAMPA\u00d1A DE VACUNACI\u00d3N <\/p>\n<p>   La directora del \u00e1rea de Enfermer\u00eda del Servicio Aragon\u00e9s de Salud, Mar\u00eda Teresa Clares, ha expresado que, hasta la fecha, se han administrado en torno a 160.000 dosis de vacuna de la gripe y, en el caso de los mayores de 80 a\u00f1os \u00abhemos alcanzado las coberturas esperadas &#8211;61,67%&#8211; y similares al a\u00f1o anterior &#8211;62%&#8211;\u00ab.<\/p>\n<p>   En lo que respecta a los ni\u00f1os, la cobertura del entorno del 35% tambi\u00e9n es \u00abmuy adecuada\u00bb y est\u00e1 impulsada por la ampliaci\u00f3n del rango de edad para vacunarse hasta los siete a\u00f1os y 364 d\u00edas y el desplazamiento a los centros escolares.<\/p>\n<p>   \u00abLa gripe no es un catarrillo, puede agravarse y conllevar hospitalizaci\u00f3n, adem\u00e1s de que &#8211;los ni\u00f1os&#8211; act\u00faan como transmisores\u00bb, ha destacado Clares.<\/p>\n<p>   El grupo de edad de entre 60 y 80 a\u00f1os es el m\u00e1s rezagado, con una cobertura del 25,38%: \u00abNo hemos alcanzado los niveles \u00f3ptimos para garantizar la protecci\u00f3n individual y comunitaria\u00bb. El a\u00f1o pasado se logr\u00f3 una cifra superior al 29%.<\/p>\n","protected":false},"excerpt":{"rendered":"Un usuario acude a vacunarse en epidemia de gripe. &#8211; EUROPA PRESS ZARAGOZA 29 Nov. (EUROPA PRESS) &#8211;&hellip;\n","protected":false},"author":2,"featured_media":261845,"comment_status":"","ping_status":"","sticky":false,"template":"","format":"standard","meta":{"footnotes":""},"categories":[92],"tags":[25,24,165,166,23],"class_list":{"0":"post-261844","1":"post","2":"type-post","3":"status-publish","4":"format-standard","5":"has-post-thumbnail","7":"category-salud","8":"tag-es","9":"tag-espana","10":"tag-health","11":"tag-salud","12":"tag-spain"},"share_on_mastodon":{"url":"https:\/\/pubeurope.com\/@es\/115632436061453762","error":""},"_links":{"self":[{"href":"https:\/\/www.europesays.com\/es\/wp-json\/wp\/v2\/posts\/261844","targetHints":{"allow":["GET"]}}],"collection":[{"href":"https:\/\/www.europesays.com\/es\/wp-json\/wp\/v2\/posts"}],"about":[{"href":"https:\/\/www.europesays.com\/es\/wp-json\/wp\/v2\/types\/post"}],"author":[{"embeddable":true,"href":"https:\/\/www.europesays.com\/es\/wp-json\/wp\/v2\/users\/2"}],"replies":[{"embeddable":true,"href":"https:\/\/www.europesays.com\/es\/wp-json\/wp\/v2\/comments?post=261844"}],"version-history":[{"count":0,"href":"https:\/\/www.europesays.com\/es\/wp-json\/wp\/v2\/posts\/261844\/revisions"}],"wp:featuredmedia":[{"embeddable":true,"href":"https:\/\/www.europesays.com\/es\/wp-json\/wp\/v2\/media\/261845"}],"wp:attachment":[{"href":"https:\/\/www.europesays.com\/es\/wp-json\/wp\/v2\/media?parent=261844"}],"wp:term":[{"taxonomy":"category","embeddable":true,"href":"https:\/\/www.europesays.com\/es\/wp-json\/wp\/v2\/categories?post=261844"},{"taxonomy":"post_tag","embeddable":true,"href":"https:\/\/www.europesays.com\/es\/wp-json\/wp\/v2\/tags?post=261844"}],"curies":[{"name":"wp","href":"https:\/\/api.w.org\/{rel}","templated":true}]}}