{"id":261848,"date":"2025-11-29T10:10:15","date_gmt":"2025-11-29T10:10:15","guid":{"rendered":"https:\/\/www.europesays.com\/es\/261848\/"},"modified":"2025-11-29T10:10:15","modified_gmt":"2025-11-29T10:10:15","slug":"la-presidenta-del-banco-central-europeo-christine-lagarde-reitera-que-los-tipos-estan-bien-posicionados-pero-avisa-de-los-riesgos-para-la-inflacion","status":"publish","type":"post","link":"https:\/\/www.europesays.com\/es\/261848\/","title":{"rendered":"La presidenta del Banco Central Europeo, Christine Lagarde, reitera que los tipos est\u00e1n bien posicionados, pero avisa de los riesgos para la inflaci\u00f3n"},"content":{"rendered":"<p class=\"c-paragraph\">La presidenta del <a href=\"https:\/\/www.20minutos.es\/lainformacion\/economia-y-finanzas\/carlos-cuerpo-renuncia-presentar-su-candidatura-para-presidir-eurogrupo_6904124_0.html\" title=\"Carlos Cuerpo renuncia a presentar su candidatura para presidir el Eurogrupo\" rel=\"nofollow noopener\" target=\"_blank\">Banco Central Europeo (BCE), <\/a>Christine Lagarde, ha reiterado que los <b>tipos de inter\u00e9s <\/b>est\u00e1n bien posicionados, aunque ha avisado de los riesgos para la <b>inflaci\u00f3n <\/b>de incrementar Estados Unidos los <b>aranceles<\/b> o de verse alteradas las cadenas de suministros.<\/p>\n<p class=\"c-paragraph\">\u00abLos tipos de inter\u00e9s que acordamos en las<b> \u00faltimas reuniones<\/b> son, en mi opini\u00f3n, correctos. Sigo diciendo que estamos en una buena posici\u00f3n dentro del ciclo de inflaci\u00f3n, que hemos logrado <b>controlar\u00bb, <\/b>ha afirmado Lagarde en declaraciones al canal de televisi\u00f3n eslovaco &#8216;JOJ24&#8217;.<\/p>\n<p class=\"c-paragraph\">No obstante, la &#8216;guardiana del euro&#8217; ha indicado que un recrudecimiento de las <b>tensiones comerciales<\/b> o las perturbaciones en las cadenas de suministro podr\u00eda ejercer presiones al alza sobre los <b>precios <\/b>y alejarlos del objetivo de<b> estabilidad del 2%.<\/b><\/p>\n<p class=\"c-paragraph\">Asimismo, Lagarde ha constatado que el comportamiento del PIB en la <a href=\"https:\/\/www.20minutos.es\/lainformacion\/economia-y-finanzas\/los-aranceles-trump-disparan-deficit-comercial-espana-con-eeuu-caer-las-exportaciones-un-7-4-hasta-septiembre_6900420_0.html\" title=\"Los aranceles de Trump disparan el d\u00e9ficit comercial de Espa\u00f1a con EEUU al caer las exportaciones un 7,4% hasta septiembre\" rel=\"nofollow noopener\" target=\"_blank\">eurozona<\/a> ha sido resiliente y mejor de lo esperado, por lo que no ha descartado que pueda cerrar este a\u00f1o por encima del<b> 1,2%<\/b> previsto por el BCE en septiembre.<\/p>\n","protected":false},"excerpt":{"rendered":"La presidenta del Banco Central Europeo (BCE), Christine Lagarde, ha reiterado que los tipos de inter\u00e9s est\u00e1n bien&hellip;\n","protected":false},"author":2,"featured_media":261849,"comment_status":"","ping_status":"","sticky":false,"template":"","format":"standard","meta":{"footnotes":""},"categories":[80],"tags":[15604,82,1844,95,94,25,24,11519,1847,23],"class_list":{"0":"post-261848","1":"post","2":"type-post","3":"status-publish","4":"format-standard","5":"has-post-thumbnail","7":"category-economia","8":"tag-banco-central-europeo-bce","9":"tag-business","10":"tag-christine-lagarde","11":"tag-economia","12":"tag-economy","13":"tag-es","14":"tag-espana","15":"tag-eurozona","16":"tag-inflacion","17":"tag-spain"},"share_on_mastodon":{"url":"https:\/\/pubeurope.com\/@es\/115632447577530755","error":""},"_links":{"self":[{"href":"https:\/\/www.europesays.com\/es\/wp-json\/wp\/v2\/posts\/261848","targetHints":{"allow":["GET"]}}],"collection":[{"href":"https:\/\/www.europesays.com\/es\/wp-json\/wp\/v2\/posts"}],"about":[{"href":"https:\/\/www.europesays.com\/es\/wp-json\/wp\/v2\/types\/post"}],"author":[{"embeddable":true,"href":"https:\/\/www.europesays.com\/es\/wp-json\/wp\/v2\/users\/2"}],"replies":[{"embeddable":true,"href":"https:\/\/www.europesays.com\/es\/wp-json\/wp\/v2\/comments?post=261848"}],"version-history":[{"count":0,"href":"https:\/\/www.europesays.com\/es\/wp-json\/wp\/v2\/posts\/261848\/revisions"}],"wp:featuredmedia":[{"embeddable":true,"href":"https:\/\/www.europesays.com\/es\/wp-json\/wp\/v2\/media\/261849"}],"wp:attachment":[{"href":"https:\/\/www.europesays.com\/es\/wp-json\/wp\/v2\/media?parent=261848"}],"wp:term":[{"taxonomy":"category","embeddable":true,"href":"https:\/\/www.europesays.com\/es\/wp-json\/wp\/v2\/categories?post=261848"},{"taxonomy":"post_tag","embeddable":true,"href":"https:\/\/www.europesays.com\/es\/wp-json\/wp\/v2\/tags?post=261848"}],"curies":[{"name":"wp","href":"https:\/\/api.w.org\/{rel}","templated":true}]}}