{"id":261850,"date":"2025-11-29T10:11:11","date_gmt":"2025-11-29T10:11:11","guid":{"rendered":"https:\/\/www.europesays.com\/es\/261850\/"},"modified":"2025-11-29T10:11:11","modified_gmt":"2025-11-29T10:11:11","slug":"maduro-y-trump-mantuvieron-una-conversacion-en-plena-escalada-de-tension-para-abrir-una-puerta-al-dialogo-el-pais-expres","status":"publish","type":"post","link":"https:\/\/www.europesays.com\/es\/261850\/","title":{"rendered":"Maduro y Trump mantuvieron una conversaci\u00f3n en plena escalada de tensi\u00f3n para abrir una puerta al di\u00e1logo | El PA\u00cdS Expr\u00e9s"},"content":{"rendered":"<p><img fetchpriority=\"high\" decoding=\"auto\" class=\"_re  a_m-h\" height=\"414\"  width=\"414\"  src=\"https:\/\/www.europesays.com\/es\/wp-content\/uploads\/2025\/11\/ANQMGZF7XZHXRO5A7IMSZXS3SQ.png\" loading=\"eager\"\/>Donald Trump y Nicol\u00e1s Maduro<\/p>\n<p class=\"\">El presidente estadounidense Donald Trump y su hom\u00f3logo venezolano, Nicol\u00e1s Maduro, mantuvieron una conversaci\u00f3n telef\u00f3nica la semana pasada, seg\u00fan ha revelado The New York Times.<\/p>\n<p class=\"\"><b>\u00bfQu\u00e9 se sabe? <\/b>Fuentes conocedoras de la conversaci\u00f3n han trasladado a EL PA\u00cdS que la llamada transcurri\u00f3 en t\u00e9rminos \u201ccorrectos\u201d y que puede ser un primer paso para continuar con el di\u00e1logo en un contexto de \u201calta tensi\u00f3n\u201d.<\/p>\n<ul>\n<li>No obstante, los detalles de la conversaci\u00f3n no han trascendido. <\/li>\n<\/ul>\n<p class=\"\"><b>\u00bfQu\u00e9 est\u00e1 pasando? <\/b>El contacto se produce en pleno auge de las tensiones entre Washington y Caracas.<\/p>\n<ul>\n<li>En las \u00faltimas semanas, Estados Unidos ha acusado a Maduro y su c\u00fapula militar de narcotr\u00e1fico, y ha filtreado con una posible actuaci\u00f3n militar en territorio venezolano.<\/li>\n<li>Pero la llamada abre la puerta a una v\u00eda diplom\u00e1tica que contrasta con esta escalada.<\/li>\n<\/ul>\n<p class=\"\"><b>El futuro es incierto. <\/b>La estrategia del inquilino de la Casa Blanca es, por un lado, escalar la presi\u00f3n y elevar el tono de las amenazas y, por el otro, entreabrir una puerta al di\u00e1logo con Nicol\u00e1s Maduro.<\/p>\n<p class=\"\"><a href=\"https:\/\/elpais.com\/internacional\/2025-11-28\/maduro-y-trump-hablaron-la-semana-pasada-segun-the-new-york-times.html\" target=\"_self\" rel=\"nofollow noopener\" title=\"https:\/\/elpais.com\/internacional\/2025-11-28\/maduro-y-trump-hablaron-la-semana-pasada-segun-the-new-york-times.html\">Si quieres saber m\u00e1s, puedes leer aqu\u00ed.<\/a><\/p>\n","protected":false},"excerpt":{"rendered":"Donald Trump y Nicol\u00e1s Maduro El presidente estadounidense Donald Trump y su hom\u00f3logo venezolano, Nicol\u00e1s Maduro, mantuvieron una&hellip;\n","protected":false},"author":2,"featured_media":261851,"comment_status":"","ping_status":"","sticky":false,"template":"","format":"standard","meta":{"footnotes":""},"categories":[42],"tags":[17,18,30234,352,629,13,14,11,61,62,63,64,19,20,9,1194,10,15,16,12,21,22,1192,65,66,67],"class_list":{"0":"post-261850","1":"post","2":"type-post","3":"status-publish","4":"format-standard","5":"has-post-thumbnail","7":"category-internacional","8":"tag-breaking-news","9":"tag-breakingnews","10":"tag-caribe","11":"tag-donald-trump","12":"tag-estados-unidos","13":"tag-featured-news","14":"tag-featurednews","15":"tag-headlines","16":"tag-internacional","17":"tag-international","18":"tag-international-news","19":"tag-internationalnews","20":"tag-latest-news","21":"tag-latestnews","22":"tag-news","23":"tag-nicolas-maduro","24":"tag-noticias","25":"tag-noticias-destacadas","26":"tag-noticiasdestacadas","27":"tag-titulares","28":"tag-ultimas-noticias","29":"tag-ultimasnoticias","30":"tag-venezuela","31":"tag-world","32":"tag-world-news","33":"tag-worldnews"},"share_on_mastodon":{"url":"https:\/\/pubeurope.com\/@es\/115632452095755707","error":""},"_links":{"self":[{"href":"https:\/\/www.europesays.com\/es\/wp-json\/wp\/v2\/posts\/261850","targetHints":{"allow":["GET"]}}],"collection":[{"href":"https:\/\/www.europesays.com\/es\/wp-json\/wp\/v2\/posts"}],"about":[{"href":"https:\/\/www.europesays.com\/es\/wp-json\/wp\/v2\/types\/post"}],"author":[{"embeddable":true,"href":"https:\/\/www.europesays.com\/es\/wp-json\/wp\/v2\/users\/2"}],"replies":[{"embeddable":true,"href":"https:\/\/www.europesays.com\/es\/wp-json\/wp\/v2\/comments?post=261850"}],"version-history":[{"count":0,"href":"https:\/\/www.europesays.com\/es\/wp-json\/wp\/v2\/posts\/261850\/revisions"}],"wp:featuredmedia":[{"embeddable":true,"href":"https:\/\/www.europesays.com\/es\/wp-json\/wp\/v2\/media\/261851"}],"wp:attachment":[{"href":"https:\/\/www.europesays.com\/es\/wp-json\/wp\/v2\/media?parent=261850"}],"wp:term":[{"taxonomy":"category","embeddable":true,"href":"https:\/\/www.europesays.com\/es\/wp-json\/wp\/v2\/categories?post=261850"},{"taxonomy":"post_tag","embeddable":true,"href":"https:\/\/www.europesays.com\/es\/wp-json\/wp\/v2\/tags?post=261850"}],"curies":[{"name":"wp","href":"https:\/\/api.w.org\/{rel}","templated":true}]}}