{"id":261852,"date":"2025-11-29T10:12:23","date_gmt":"2025-11-29T10:12:23","guid":{"rendered":"https:\/\/www.europesays.com\/es\/261852\/"},"modified":"2025-11-29T10:12:23","modified_gmt":"2025-11-29T10:12:23","slug":"el-consejo-de-europa-avisa-a-sanchez-de-que-respetar-las-decisiones-judiciales-es-un-principio-fundamental-de-la-democracia","status":"publish","type":"post","link":"https:\/\/www.europesays.com\/es\/261852\/","title":{"rendered":"El Consejo de Europa avisa a S\u00e1nchez de que respetar las decisiones judiciales \u00abes un principio fundamental\u00bb de la democracia"},"content":{"rendered":"<p style=\"\"><a href=\"https:\/\/www.abc.es\/espana\/gobierno-ningunea-mision-consejo-europa-evalua-salud-20251114230336-nt.html\" target=\"_self\" data-voc-vtm-id=\"in-text-traffic\" title=\"El Consejo de Europa\" data-mrf-link=\"www.abc.es\" rel=\"nofollow noopener\">El Consejo de Europa<\/a> alza la voz ante el deterioro del estado de Derecho que se est\u00e1 produciendo en Espa\u00f1a. Las dos ponentes que eval\u00faan la salud de la democracia espa\u00f1ola emitieron ayer un comunicado en el que advierten que \u00abel respeto a las  &#8230; decisiones judiciales es un principio fundamental\u00bb del estado de Derecho, despu\u00e9s de que varios miembros del Gobierno y de sus aliados parlamentarios hayan acusado al Tribunal Supremo de condenar al fiscal general del Estado, \u00c1lvaro Garc\u00eda Ortiz, por motivos pol\u00edticos pese a \u00abser inocente\u00bb. <\/p>\n<p class=\"voc-p\" style=\"\">\u00abNinguna democracia puede permitirse que el debate p\u00fablico quede secuestrado por narrativas que socavan la confianza en el Tribunal Supremo o en el Consejo General del Poder Judicial\u00bb, advierten Valentina Grippo y Elvira Kov\u00e1cs, pidiendo tambi\u00e9n una reforma del Ministerio Fiscal y de la figura del fiscal general para garantizar su independencia. \u00abLa polarizaci\u00f3n pol\u00edtica no debe interponerse en el respeto del Estado de derecho ni puede servir de coartada para erosionar la confianza en las instituciones democr\u00e1ticas\u00bb, a\u00f1aden. <\/p>\n<p class=\"voc-p\" style=\"\">Los \u00abataques contra la judicatura\u00bb son uno de los puntos que m\u00e1s preocupan a Grippo y Kov\u00e1cs porque pueden resentir la \u00abresiliencia democr\u00e1tica\u00bb, por lo que, como a\u00fan quedan meses para concluir su informe, apremian al Gobierno a aplicar todas las recomendaciones realizadas por la Comisi\u00f3n de Venecia. Esto implica tambi\u00e9n iniciar \u00abcon determinaci\u00f3n\u00bb la reforma del sistema de elecci\u00f3n de vocales del Consejo General del Poder Judicial para que sean los propios jueces los responsables de elegirlos, y no el poder pol\u00edtico. <\/p>\n<p>\nNi Bola\u00f1os ni Marlaska\n<\/p>\n<p class=\"voc-p\" style=\"\">El comunicado de las ponente es un duro balance del viaje que realizaron este mes a Madrid y Barcelona para entrevistarse con el presidente del Tribunal Constitucional, C\u00e1ndido Conde-Pumpido; la presidenta del Tribunal Supremo y del Consejo General del Poder Judicial, Isabel Perell\u00f3, o el l\u00edder del PP, Alberto N\u00fa\u00f1ez Feij\u00f3o, entre otros representantes institucionales y sociales, como avanz\u00f3 ABC. Las ponentes hab\u00edan solicitado reunirse con dos ministros del Gobierno, F\u00e9lix Bola\u00f1os y Fernando Grande-Marlaska, pero ninguno de ellos les atendi\u00f3 alegando razones de agenda. <\/p>\n<p class=\"voc-p\" style=\"\">Por parte del Ejecutivo, las parlamentarias europeas tuvieron que conformarse con reunirse con niveles t\u00e9cnicos de los Ministerios de Presidencia, Justicia y Relaciones con las Cortes, y de Interior. Quiz\u00e1s por eso la nota publicada ayer anuncia que habr\u00e1 un segundo viaje a nuestro pa\u00eds antes de concluir su informe. La fecha de este nuevo viaje no est\u00e1 cerrada y el comunicado solo anticipa que se producir\u00e1 en \u00ablos pr\u00f3ximos meses\u00bb. La agenda de las ponentes volver\u00e1 a incluir a representantes institucionales, de partidos pol\u00edticos y de la sociedad civil. Bola\u00f1os y Marlaska tendr\u00e1n una segunda y \u00faltima oportunidad de recibirlas. <\/p>\n<p class=\"voc-p\" style=\"\">El documento se presentar\u00e1 en el primer semestre de 2026 y lo transmitido este viernes anticipa un dur\u00edsimo varapalo para el Gobierno de Pedro S\u00e1nchez. Y es que las ponentes tambi\u00e9n denuncian en su comunicado el deterioro del clima institucional en Espa\u00f1a, subrayando que durante su viaje a nuestro pa\u00eds detectaron un inquietante \u00abclima de tensi\u00f3n\u00bb y \u00abcrispaci\u00f3n pol\u00edtica\u00bb que puede suponer una amenaza para el respeto al estado de Derecho. Su comunicado no pasa la corrupci\u00f3n por alto e insta al Gobierno a aplicar sin tardanza las recomendaciones para prevenir esta lacra. <\/p>\n<p class=\"voc-p\" style=\"\">El Grupo de Estados Contra la Corrupci\u00f3n (GRECO) lleva realizando 19 recomendaciones a Espa\u00f1a desde 2019 y la \u00faltima evaluaci\u00f3n publicada en agosto constat\u00f3 que nuestro pa\u00eds segu\u00eda sin cumplir \u00edntegramente ninguna de ellas. En este paquete hay medidas que, de haberse aplicado, podr\u00edan haber permitido detectar la corrupci\u00f3n del n\u00facleo duro pol\u00edtico de S\u00e1nchez, como el control de los asesores como Koldo Garc\u00eda. El Ejecutivo no solo hizo o\u00eddos sordos a aplicar a los asesores controles e incompatibilidades equivalentes a las de los pol\u00edticos sino que, a d\u00eda de hoy, sigue sin hacerlo. <\/p>\n","protected":false},"excerpt":{"rendered":"El Consejo de Europa alza la voz ante el deterioro del estado de Derecho que se est\u00e1 produciendo&hellip;\n","protected":false},"author":2,"featured_media":261853,"comment_status":"","ping_status":"","sticky":false,"template":"","format":"standard","meta":{"footnotes":""},"categories":[8],"tags":[7994,17,18,1576,32635,4875,25,24,700,13,14,848,11,47772,19,20,9,10,15,16,876,57240,199,23,12,21,22],"class_list":{"0":"post-261852","1":"post","2":"type-post","3":"status-publish","4":"format-standard","5":"has-post-thumbnail","7":"category-espana","8":"tag-avisa","9":"tag-breaking-news","10":"tag-breakingnews","11":"tag-consejo","12":"tag-decisiones","13":"tag-democracia","14":"tag-es","15":"tag-espana","16":"tag-europa","17":"tag-featured-news","18":"tag-featurednews","19":"tag-fundamental","20":"tag-headlines","21":"tag-judiciales","22":"tag-latest-news","23":"tag-latestnews","24":"tag-news","25":"tag-noticias","26":"tag-noticias-destacadas","27":"tag-noticiasdestacadas","28":"tag-principio","29":"tag-respetar","30":"tag-sanchez","31":"tag-spain","32":"tag-titulares","33":"tag-ultimas-noticias","34":"tag-ultimasnoticias"},"share_on_mastodon":{"url":"https:\/\/pubeurope.com\/@es\/115632455306622230","error":""},"_links":{"self":[{"href":"https:\/\/www.europesays.com\/es\/wp-json\/wp\/v2\/posts\/261852","targetHints":{"allow":["GET"]}}],"collection":[{"href":"https:\/\/www.europesays.com\/es\/wp-json\/wp\/v2\/posts"}],"about":[{"href":"https:\/\/www.europesays.com\/es\/wp-json\/wp\/v2\/types\/post"}],"author":[{"embeddable":true,"href":"https:\/\/www.europesays.com\/es\/wp-json\/wp\/v2\/users\/2"}],"replies":[{"embeddable":true,"href":"https:\/\/www.europesays.com\/es\/wp-json\/wp\/v2\/comments?post=261852"}],"version-history":[{"count":0,"href":"https:\/\/www.europesays.com\/es\/wp-json\/wp\/v2\/posts\/261852\/revisions"}],"wp:featuredmedia":[{"embeddable":true,"href":"https:\/\/www.europesays.com\/es\/wp-json\/wp\/v2\/media\/261853"}],"wp:attachment":[{"href":"https:\/\/www.europesays.com\/es\/wp-json\/wp\/v2\/media?parent=261852"}],"wp:term":[{"taxonomy":"category","embeddable":true,"href":"https:\/\/www.europesays.com\/es\/wp-json\/wp\/v2\/categories?post=261852"},{"taxonomy":"post_tag","embeddable":true,"href":"https:\/\/www.europesays.com\/es\/wp-json\/wp\/v2\/tags?post=261852"}],"curies":[{"name":"wp","href":"https:\/\/api.w.org\/{rel}","templated":true}]}}