{"id":261854,"date":"2025-11-29T10:13:15","date_gmt":"2025-11-29T10:13:15","guid":{"rendered":"https:\/\/www.europesays.com\/es\/261854\/"},"modified":"2025-11-29T10:13:15","modified_gmt":"2025-11-29T10:13:15","slug":"la-comunidad-de-madrid-incluye-en-la-exposicion-circuitos-de-artes-plasticas-2025-el-trabajo-de-diez-creadores-emergentes","status":"publish","type":"post","link":"https:\/\/www.europesays.com\/es\/261854\/","title":{"rendered":"La Comunidad de Madrid incluye en la exposici\u00f3n Circuitos de Artes Pl\u00e1sticas 2025 el trabajo de diez creadores emergentes"},"content":{"rendered":"<p>A trav\u00e9s de diferentes disciplinas, los seleccionados reflexionan sobre sus inquietudes, intereses y preocupaciones. Bajo el subt\u00edtulo de Una flor es una flecha es un flexo un flan es una flor y el comisariado de Manuela Pedr\u00f3n Nicolau, la exhibici\u00f3n presenta la obra de Clara Silvina, Natalia Cardoso, Elisa Cuesta Fern\u00e1ndez, Alba Lorente Hern\u00e1ndez, Lucas Marcos Barquilla, Rub\u00e9n Ojeda Guzm\u00e1n, Sara Santana L\u00f3pez, Ra\u00fal Silva C., Jorge S\u00faarez Qui\u00f1ones Rivas y Julieta Hsiung.<\/p>\n<p>Se trata de obras que se han realizado espec\u00edficamente para la muestra o, incluso, que se est\u00e1n volviendo a hacer y a repensar, para evidenciar que la creaci\u00f3n art\u00edstica supone siempre una relaci\u00f3n inestable de dependencia con otros materiales, voces, documentos o influencias.<\/p>\n<p>Esta muestra se completa con un programa de actividades como lecturas, performances, visitas y talleres. En estas propuestas, los artistas abren sus investigaciones y comparten sus formas de hacer con otros, para que el p\u00fablico sea consciente de que la exposici\u00f3n no suele ser el final del proceso. \u00a0<\/p>\n<p>M\u00e1s informaci\u00f3n en <a href=\"https:\/\/www.comunidad.madrid\/actividades\/2025\/exposicion-circuitos-2025\" rel=\"nofollow noopener\" target=\"_blank\">https:\/\/www.comunidad.madrid\/actividades\/2025\/exposicion-circuitos-2025<\/a>.<\/p>\n","protected":false},"excerpt":{"rendered":"A trav\u00e9s de diferentes disciplinas, los seleccionados reflexionan sobre sus inquietudes, intereses y preocupaciones. Bajo el subt\u00edtulo de&hellip;\n","protected":false},"author":2,"featured_media":261855,"comment_status":"","ping_status":"","sticky":false,"template":"","format":"standard","meta":{"footnotes":""},"categories":[5],"tags":[17,18,25,24,13,14,11,19,20,9,10,15,16,23,12,21,22],"class_list":{"0":"post-261854","1":"post","2":"type-post","3":"status-publish","4":"format-standard","5":"has-post-thumbnail","7":"category-titulares","8":"tag-breaking-news","9":"tag-breakingnews","10":"tag-es","11":"tag-espana","12":"tag-featured-news","13":"tag-featurednews","14":"tag-headlines","15":"tag-latest-news","16":"tag-latestnews","17":"tag-news","18":"tag-noticias","19":"tag-noticias-destacadas","20":"tag-noticiasdestacadas","21":"tag-spain","22":"tag-titulares","23":"tag-ultimas-noticias","24":"tag-ultimasnoticias"},"share_on_mastodon":{"url":"https:\/\/pubeurope.com\/@es\/115632459125686395","error":""},"_links":{"self":[{"href":"https:\/\/www.europesays.com\/es\/wp-json\/wp\/v2\/posts\/261854","targetHints":{"allow":["GET"]}}],"collection":[{"href":"https:\/\/www.europesays.com\/es\/wp-json\/wp\/v2\/posts"}],"about":[{"href":"https:\/\/www.europesays.com\/es\/wp-json\/wp\/v2\/types\/post"}],"author":[{"embeddable":true,"href":"https:\/\/www.europesays.com\/es\/wp-json\/wp\/v2\/users\/2"}],"replies":[{"embeddable":true,"href":"https:\/\/www.europesays.com\/es\/wp-json\/wp\/v2\/comments?post=261854"}],"version-history":[{"count":0,"href":"https:\/\/www.europesays.com\/es\/wp-json\/wp\/v2\/posts\/261854\/revisions"}],"wp:featuredmedia":[{"embeddable":true,"href":"https:\/\/www.europesays.com\/es\/wp-json\/wp\/v2\/media\/261855"}],"wp:attachment":[{"href":"https:\/\/www.europesays.com\/es\/wp-json\/wp\/v2\/media?parent=261854"}],"wp:term":[{"taxonomy":"category","embeddable":true,"href":"https:\/\/www.europesays.com\/es\/wp-json\/wp\/v2\/categories?post=261854"},{"taxonomy":"post_tag","embeddable":true,"href":"https:\/\/www.europesays.com\/es\/wp-json\/wp\/v2\/tags?post=261854"}],"curies":[{"name":"wp","href":"https:\/\/api.w.org\/{rel}","templated":true}]}}