{"id":261858,"date":"2025-11-29T10:19:10","date_gmt":"2025-11-29T10:19:10","guid":{"rendered":"https:\/\/www.europesays.com\/es\/261858\/"},"modified":"2025-11-29T10:19:10","modified_gmt":"2025-11-29T10:19:10","slug":"ineos-prepara-los-dos-primeros-fichajazos-de-la-era-geraint-thomas","status":"publish","type":"post","link":"https:\/\/www.europesays.com\/es\/261858\/","title":{"rendered":"INEOS prepara los dos primeros fichajazos de la \u00abera Geraint Thomas\u00bb"},"content":{"rendered":"<p>En INEOS Grenaiders se ha abierto una nueva era. Geraint Thomas se ha retirado y ha colgado la bicicleta, pero seguir\u00e1 ligado al equipo de su vida. El brit\u00e1nico es el nuevo director de rendimiento deportivo de la escuadra World Tour, e inaugurar\u00e1 su cargo con dos fichajazos en el <a href=\"https:\/\/ciclismoaldia.es\/mercado-ciclista\" title=\"Mercado Ciclista\" rel=\"nofollow noopener\" target=\"_blank\">mercado ciclista<\/a>.El esperado reinicio de INEOS para 2026 empieza a tomar forma, con nuevos informes que apuntan a que las estrellas australianas Jack Haig y <a href=\"https:\/\/ciclismoaldia.es\/sam-welsford\" title=\"Sam Welsford\" rel=\"nofollow noopener\" target=\"_blank\">Sam Welsford<\/a> est\u00e1n cerca de fichar por el conjunto brit\u00e1nico.El momento es significativo: ser\u00edan los primeros movimientos importantes de plantilla desde que Geraint Thomas pas\u00f3 a Director of Racing y <a href=\"https:\/\/ciclismoaldia.es\/ciclismo\/geraint-thomas-vuelve-os-contamos-el-nuevo-puestazo-de-g-en-ineos\" target=\"_self\" rel=\"nofollow noopener\">declar\u00f3 p\u00fablicamente el fin del periodo de \u201ctransici\u00f3n\u201d del equipo<\/a>. De confirmarse, ser\u00edan las primeras incorporaciones de calado en la era Thomas.<a href=\"https:\/\/x.com\/cirogazzetta\/status\/1993601836306116935\" target=\"_blank\" rel=\"nofollow\">Ciro Scognamiglio, de La Gazzetta dello Sport, informa espec\u00edficamente de que Welsford ahora se espera en INEOS<\/a> tras fracasar un intento de acuerdo con Jayco-AlUla, lo que sit\u00faa al equipo brit\u00e1nico en la pole para el velocista australiano. Mientras tanto, los v\u00ednculos con Jack Haig han aparecido en otros medios ciclistas, tras no ser renovado por Bahrain Victorious.Un doble movimiento australiano<\/p>\n<p>La situaci\u00f3n de Haig llevaba semanas en ebullici\u00f3n despu\u00e9s de que Bahrain Victorious decidiera no renovarle. Diversos medios sit\u00faan a INEOS como el candidato m\u00e1s fuerte para el escalador de 32 a\u00f1os, cuya experiencia y regularidad reforzar\u00edan de inmediato la profundidad del equipo en vueltas por etapas.<\/p>\n<p>Para una escuadra que est\u00e1 redefiniendo su identidad de cara a generales y alej\u00e1ndose de la deriva de los \u00faltimos a\u00f1os, el perfil de Haig encaja con el deseo de Thomas de mayor claridad, profesionalidad y responsabilidad del corredor.<\/p>\n<p><img decoding=\"async\" width=\"500\" height=\"280\" loading=\"lazy\" src=\"https:\/\/www.europesays.com\/es\/wp-content\/uploads\/2025\/11\/jackhaig.jpg@webp.webp\" class=\"w-auto h-auto\" alt=\"Jack Haig se unir\u00e1 a INEOS Grenadiers\"\/><\/p>\n<p>Jack Haig fichar\u00e1 por INEOS Grenadiers en el mercado ciclista para 2026<\/p>\n<p>Welsford, por su parte, es el caso en el que la informaci\u00f3n es clara y confirmada: Scognamiglio se\u00f1ala que Jayco-AlUla avanz\u00f3 en las negociaciones pero no cerr\u00f3 el acuerdo, lo que permiti\u00f3 a INEOS volver a la puja y empujar por el fichaje.<\/p>\n<p>El australiano se ha consolidado como uno de los esprinters m\u00e1s potentes del pelot\u00f3n, y su llegada dar\u00eda a INEOS su primer rematador de primer nivel desde el fugaz coqueteo con otro australiano \u2014Caleb Ewan\u2014 a principios de 2025 antes de su sorprendente retirada.<\/p>\n<p>Ambas posibles incorporaciones encajan con el tono cultural que Thomas ya ha marcado. <a href=\"https:\/\/www.youtube.com\/watch?v=X0mQC2FPVPA&amp;pp=ygUPd2F0dHMgb2NjdXJyaW5n\" target=\"_blank\" rel=\"nofollow noopener\">En el podcast Watts Occurring<\/a>, dej\u00f3 claro que el relato de un INEOS atascado en transici\u00f3n debe terminar. \u201cLa transici\u00f3n se acab\u00f3 ya, colega. Aqu\u00ed es adonde vamos. Esto es lo que hacemos\u201d, dijo, acusando a esa etiqueta de haberse convertido en \u201cuna excusa para no rendir\u201d.<\/p>\n<p>Thomas tambi\u00e9n subray\u00f3 la simplicidad, la responsabilidad y los h\u00e1bitos de \u00e9lite. \u201cUna vida sencilla es una vida de \u00e9lite\u201d, afirm\u00f3, instando a los ciclistas a eliminar el caos que merma el rendimiento. Su frase directa \u2014\u201cNo quieres un equipo de princesitas, desde luego\u201d\u2014 reflej\u00f3 su impaciencia con corredores sobreprotegidos o pasivos.<\/p>\n<p>Haig y Welsford, ambos reconocidos por su profesionalidad sin complicaciones, encajan plenamente en ese ethos.<\/p>\n<p>Si ambos fichajes se concretan, INEOS cubrir\u00eda dos necesidades de una tacada: apoyo experimentado en monta\u00f1a y un rematador de clase mundial. La llegada de Welsford, en particular, ser\u00eda un giro estrat\u00e9gico tras varias temporadas sin un sprinter puro dedicado.<\/p>\n<p>Combinado con la llegada de Thomas como Director de Rendimiento Deportivo \u2014y su insistencia reiterada en que las excusas ya no valen\u2014, estos movimientos ser\u00edan la primera se\u00f1al tangible de que el reinicio de los Grenadiers pasa de la ret\u00f3rica a la realidad.<\/p>\n<p>Con varias inc\u00f3gnitas de plantilla a\u00fan abiertas, incluido el caso de Derek Gee, el puzle de INEOS para 2026 est\u00e1 lejos de completarse. Pero la dupla australiana ser\u00eda un inicio decisivo.<\/p>\n","protected":false},"excerpt":{"rendered":"En INEOS Grenaiders se ha abierto una nueva era. Geraint Thomas se ha retirado y ha colgado la&hellip;\n","protected":false},"author":2,"featured_media":261859,"comment_status":"","ping_status":"","sticky":false,"template":"","format":"standard","meta":{"footnotes":""},"categories":[273],"tags":[313,312,168,25,24,62647,61328,65335,23,167],"class_list":{"0":"post-261858","1":"post","2":"type-post","3":"status-publish","4":"format-standard","5":"has-post-thumbnail","7":"category-ciclismo","8":"tag-ciclismo","9":"tag-cycling","10":"tag-deportes","11":"tag-es","12":"tag-espana","13":"tag-ineos-grenadiers","14":"tag-mercado-ciclista","15":"tag-sam-welsford","16":"tag-spain","17":"tag-sports"},"share_on_mastodon":{"url":"https:\/\/pubeurope.com\/@es\/115632483011769721","error":""},"_links":{"self":[{"href":"https:\/\/www.europesays.com\/es\/wp-json\/wp\/v2\/posts\/261858","targetHints":{"allow":["GET"]}}],"collection":[{"href":"https:\/\/www.europesays.com\/es\/wp-json\/wp\/v2\/posts"}],"about":[{"href":"https:\/\/www.europesays.com\/es\/wp-json\/wp\/v2\/types\/post"}],"author":[{"embeddable":true,"href":"https:\/\/www.europesays.com\/es\/wp-json\/wp\/v2\/users\/2"}],"replies":[{"embeddable":true,"href":"https:\/\/www.europesays.com\/es\/wp-json\/wp\/v2\/comments?post=261858"}],"version-history":[{"count":0,"href":"https:\/\/www.europesays.com\/es\/wp-json\/wp\/v2\/posts\/261858\/revisions"}],"wp:featuredmedia":[{"embeddable":true,"href":"https:\/\/www.europesays.com\/es\/wp-json\/wp\/v2\/media\/261859"}],"wp:attachment":[{"href":"https:\/\/www.europesays.com\/es\/wp-json\/wp\/v2\/media?parent=261858"}],"wp:term":[{"taxonomy":"category","embeddable":true,"href":"https:\/\/www.europesays.com\/es\/wp-json\/wp\/v2\/categories?post=261858"},{"taxonomy":"post_tag","embeddable":true,"href":"https:\/\/www.europesays.com\/es\/wp-json\/wp\/v2\/tags?post=261858"}],"curies":[{"name":"wp","href":"https:\/\/api.w.org\/{rel}","templated":true}]}}