{"id":261862,"date":"2025-11-29T10:22:09","date_gmt":"2025-11-29T10:22:09","guid":{"rendered":"https:\/\/www.europesays.com\/es\/261862\/"},"modified":"2025-11-29T10:22:09","modified_gmt":"2025-11-29T10:22:09","slug":"espectaculo-garantizado-en-el-partidazo-del-palau","status":"publish","type":"post","link":"https:\/\/www.europesays.com\/es\/261862\/","title":{"rendered":"espect\u00e1culo garantizado en el partidazo del Palau"},"content":{"rendered":"<p data-gtm-element-container=\"modulo-texto-link\" class=\"paragraph\">El <strong>Bar\u00e7a <\/strong>recibe a <strong>Palma <\/strong>(13 horas, Esport3, Teledeporte) en un <strong>Palau Blaugrana<\/strong> que registrar\u00e1 una entrada a la altura de uno de los mejores partidos que se puede ver en el mundo del f\u00fatbol sala. El equipo azulgrana es 2\u00ba con 23 puntos tras once jornadas de Liga disputadas, a cinco de <strong>El Pozo<\/strong> (l\u00edder con 28), y con cinco m\u00e1s que el conjunto balear, 6\u00ba con 18, pero dominador en Europa, con tres t\u00edtulos seguidos (2023, 2024 y 2025) y reciente campe\u00f3n de la Copa Intercontinental tras derrotar 4-2 al Pe\u00f1arol. Espect\u00e1culo garantizado.<\/p>\n<p data-gtm-element-container=\"modulo-texto-link\" class=\"paragraph\"><strong>Javi Rodr\u00edguez<\/strong>, que con los l\u00f3gicos altibajos de un proyecto nuevo est\u00e1 logrando que el Bar\u00e7a transmita pasi\u00f3n y energ\u00eda, manifest\u00f3 en la previa que \u201cquiero un equipo fuerte mentalmente. Nos visita el campe\u00f3n de Europa y debemos estar siempre concentrados. Habr\u00e1 una buena entrada en el Palau y queremos hacer un buen espect\u00e1culo y que los tres puntos se queden en casa\u201d. Aunque no podr\u00e1 contar con los lesionados <strong>Catela <\/strong>y<strong> Sergio Gonz\u00e1lez<\/strong>, conf\u00eda en la confianza adquirida  tras el importante triunfo en Pe\u00f1\u00edscola (1-5).<\/p>\n<p data-gtm-element-container=\"modulo-texto-link\" class=\"paragraph\">Palma Futsal, por su parte, est\u00e1 recuperando la regularidad tras un inicio liguero marcado por el desgaste de los partidos internacionales. El t\u00e9cnico, <strong>Antonio Vadillo,<\/strong> avis\u00f3 que \u201cel Palau es una de las canchas m\u00e1s dif\u00edciles que hay en nuestro deporte\u201d. Y el exazulgrana <strong>Mario Rivillos<\/strong>, en gran forma, afirm\u00f3 que \u201chabr\u00e1 que hacer un partido perfecto para ganar\u201d.<\/p>\n<p data-gtm-element-container=\"modulo-texto-link\" class=\"paragraph\"><strong>El 10-D, ante Industrias en Copa<\/strong><\/p>\n<p data-gtm-element-container=\"modulo-texto-link\" class=\"paragraph\">El Bar\u00e7a, por otra parte, conoci\u00f3 el jueves a su rival en octavos de final de la Copa del Rey. Ser\u00e1<strong> Industrias Santa Coloma<\/strong>, en un vibrante derbi que se disputar\u00e1 el mi\u00e9rcoles 10 de diciembre (19.00 horas, Esport3 y Teledeporte), a partido \u00fanico, en el Pavell\u00f3 Nou de Santa Coloma de Gramanet. Se da la coincidencia de que el domingo 14 los dos equipos volver\u00e1n a verse las caras, pero en el derbi de Liga en el Palau Blaugrana. El doble duelo ser\u00e1 especial para<strong> Javi Rodr\u00edguez<\/strong>, que se enfrentar\u00e1 al club donde se form\u00f3 como jugador (1992-1997) y al que tambi\u00e9n dirigi\u00f3 entre 2019 y 2022<\/p>\n","protected":false},"excerpt":{"rendered":"El Bar\u00e7a recibe a Palma (13 horas, Esport3, Teledeporte) en un Palau Blaugrana que registrar\u00e1 una entrada a&hellip;\n","protected":false},"author":2,"featured_media":261863,"comment_status":"","ping_status":"","sticky":false,"template":"","format":"standard","meta":{"footnotes":""},"categories":[268],"tags":[168,25,24,280,282,281,23,167],"class_list":{"0":"post-261862","1":"post","2":"type-post","3":"status-publish","4":"format-standard","5":"has-post-thumbnail","7":"category-futbol","8":"tag-deportes","9":"tag-es","10":"tag-espana","11":"tag-football","12":"tag-futbol","13":"tag-soccer","14":"tag-spain","15":"tag-sports"},"share_on_mastodon":{"url":"https:\/\/pubeurope.com\/@es\/115632494723181129","error":""},"_links":{"self":[{"href":"https:\/\/www.europesays.com\/es\/wp-json\/wp\/v2\/posts\/261862","targetHints":{"allow":["GET"]}}],"collection":[{"href":"https:\/\/www.europesays.com\/es\/wp-json\/wp\/v2\/posts"}],"about":[{"href":"https:\/\/www.europesays.com\/es\/wp-json\/wp\/v2\/types\/post"}],"author":[{"embeddable":true,"href":"https:\/\/www.europesays.com\/es\/wp-json\/wp\/v2\/users\/2"}],"replies":[{"embeddable":true,"href":"https:\/\/www.europesays.com\/es\/wp-json\/wp\/v2\/comments?post=261862"}],"version-history":[{"count":0,"href":"https:\/\/www.europesays.com\/es\/wp-json\/wp\/v2\/posts\/261862\/revisions"}],"wp:featuredmedia":[{"embeddable":true,"href":"https:\/\/www.europesays.com\/es\/wp-json\/wp\/v2\/media\/261863"}],"wp:attachment":[{"href":"https:\/\/www.europesays.com\/es\/wp-json\/wp\/v2\/media?parent=261862"}],"wp:term":[{"taxonomy":"category","embeddable":true,"href":"https:\/\/www.europesays.com\/es\/wp-json\/wp\/v2\/categories?post=261862"},{"taxonomy":"post_tag","embeddable":true,"href":"https:\/\/www.europesays.com\/es\/wp-json\/wp\/v2\/tags?post=261862"}],"curies":[{"name":"wp","href":"https:\/\/api.w.org\/{rel}","templated":true}]}}