{"id":261866,"date":"2025-11-29T10:24:20","date_gmt":"2025-11-29T10:24:20","guid":{"rendered":"https:\/\/www.europesays.com\/es\/261866\/"},"modified":"2025-11-29T10:24:20","modified_gmt":"2025-11-29T10:24:20","slug":"la-aurora-el-pequeno-rincon-de-los-mas-grandes-del-arte","status":"publish","type":"post","link":"https:\/\/www.europesays.com\/es\/261866\/","title":{"rendered":"La Aurora, el peque\u00f1o rinc\u00f3n de los m\u00e1s grandes del arte"},"content":{"rendered":"<p><a class=\"v-mdl-ath__fig-a\" href=\"https:\/\/www.laverdad.es\/autor\/gema-escobar-6155.html\" title=\"Gema Escobar\" rel=\"nofollow noopener\" target=\"_blank\"><br \/>\n<img decoding=\"async\" class=\"v-mdl-ath__img\" src=\"https:\/\/www.europesays.com\/es\/wp-content\/uploads\/2025\/11\/autor-6155-foto-1.jpeg\" alt=\"Gema Escobar\"\/><br \/>\n<\/a><\/p>\n<p class=\"v-mdl-ath__p v-mdl-ath__p--6\">\nS\u00e1bado, 29 de noviembre 2025, 07:59<\/p>\n<p class=\"v-p\">Quiz\u00e1 la experiencia no deba medirse solo en a\u00f1os, pero, si la cifra de la veteran\u00eda se acerca al medio siglo, puede que lo sensato sea sentarse y escuchar. Cuando a ese medio siglo se le a\u00f1aden apellidos como Picasso, Mir\u00f3, Goya, T\u00e0pies, Canogar, Matisse, Warhol, Chillida, Dal\u00ed, Chirino, Barcel\u00f3 o Mariscal, el cruce de coordenadas lleva a una X inequ\u00edvoca en el mapa: la Galer\u00eda La Aurora, en Murcia. Superviviente a lo largo de d\u00e9cadas en las que espacios emblem\u00e1ticos como Clave y Chys desaparecieron de la escena murciana, el proyecto de Jos\u00e9 Ferm\u00edn Serrano (Melilla, 1957) no se ha movido de su sitio, como tampoco lo ha hecho la visi\u00f3n de su impulsor: un galerista que se define a secas, aunque con orgullo, como \u00abmercader de cuadros\u00bb, en una aclaraci\u00f3n de la que obvia lo que otros admiran en \u00e9l: ese ojo cl\u00ednico entrenado de tanto ver y buscar, de quien compra calidad con la br\u00fajula interna de elegir aquello que le remueve por dentro y que \u00abcolgar\u00eda\u00bb en su casa. Y en esa b\u00fasqueda, cinco coches y casi dos millones de kil\u00f3metros han conducido sus piernas desde que lleg\u00f3 a Murcia en 1994, esfuerzo que desde la irrupci\u00f3n de internet ha ido menguando, aunque \u00e9l mantenga la cercan\u00eda y el trato personal con galeristas de toda Europa a los que lleva visitando, igual que a sus predecesores, desde antes de recalar en la Regi\u00f3n.<\/p>\n<p class=\"v-p\">Devoto de Rembrandt y desinteresado en Banksy, Serrano ya hab\u00eda coqueteado con el arte antes de la mayor\u00eda de edad que le llev\u00f3 a salir de casa para estudiar Periodismo en Madrid, con ese af\u00e1n adolescente de adquirir cat\u00e1logos y libros en museos y alg\u00fan que otro grabado al que ech\u00f3 el ojo, un poco sin m\u00e1s, en sus primeros &#8216;interra\u00edles&#8217;. Nada que le hiciera pensar que ese era su camino. No le gusta, o eso desprende, romantizar su pasado.<\/p>\n<p class=\"v-p\">Tampoco sinti\u00f3 vocaci\u00f3n cuando, con 20 a\u00f1os y para aliviar la siempre escasa econom\u00eda de los universitarios afincados fuera de casa, comenz\u00f3 a limpiar e inventariar el almac\u00e9n de la desaparecida Estiarte de Madrid, una de las pocas galer\u00edas espa\u00f1olas especializadas entonces en grabado. Con poco m\u00e1s de 24 a\u00f1os viaj\u00f3 a comprar junto a su jefe sus primeros Picassos y Mir\u00f3s en aquel coche cama del Puerta del Sol, ese tren que sal\u00eda de Madrid a la ca\u00edda de la tarde y llegaba a Par\u00eds a primera hora de la ma\u00f1ana, donde esperaba, entre otras paradas en el itinerario, la emblem\u00e1tica galer\u00eda Maeght de la capital francesa. Cuando termin\u00f3 la carrera, su trabajo de tarde ya era de jornada completa, y de alg\u00fan modo sigui\u00f3 el consejo de uno de sus profesores, diputado socialista por Soria: \u00abFerm\u00edn, para qu\u00e9 te vas a dedicar a juntar letras, si ya sabes lo que es juntar dinero\u00bb.<\/p>\n<p>\nLas firmas de los maestros de lo contempor\u00e1neo y las r\u00fabricas de los mejores artistas pl\u00e1sticos regionales se abrazan desde noviembre de 1994 en la galer\u00eda murciana\n<\/p>\n<p class=\"v-p\">Pasaron los a\u00f1os y acab\u00f3 codirigiendo la galer\u00eda, siempre bajo la orientaci\u00f3n de su jefe, el arquitecto Gonzalo Cabo. Fallecido este, y trasladados desde Hell\u00edn a Murcia los padres de su entonces mujer y madre de sus dos hijos, recal\u00f3 en la capital del Segura con la idea de abrir una galer\u00eda, aunque sin prospecci\u00f3n de mercado alguna que le guiara en su empe\u00f1o. Tres meses despu\u00e9s, el 25 de noviembre de 1994, iniciaba su actividad en el n\u00famero 7 de la plaza de La Aurora, en un simb\u00f3lico amanecer empresarial que poco tendr\u00eda que ver con sus 17 a\u00f1os de trayectoria en Madrid, en los que hab\u00eda decorado, por dimensionar el calado, todas las plantas de la Torre Picasso.<\/p>\n<p class=\"v-p\">\u00abLlegu\u00e9 a Murcia con un fondo muy fuerte de obra gr\u00e1fica\u00bb entre grabados, aguafuertes, aguatintas, serigraf\u00edas, dibujos\u2026 propios y cedidos. \u00abEnseguida supe que ese no era el \u00fanico camino y que ten\u00eda que buscar artistas locales -relata Serrano-; tener tambi\u00e9n pintura, escultura, obra \u00fanica\u2026 Siempre hemos sido una galer\u00eda muy ecl\u00e9ctica, aunque he conservado mi &#8216;rollo&#8217; de la obra sobre papel de grandes artistas, que es lo que me gusta, porque la gente quiere todav\u00eda tener un Picasso, un Chillida, un Mir\u00f3, un T\u00e0pies\u2026 \u00bfQu\u00e9 m\u00e1s da que haya cien ejemplares de la obra, cuando el autor eligi\u00f3 ese soporte para que pudiera multiplicarse? \u00bfCu\u00e1ntas unidades hay del coche que te has comprado por 70.000 euros?\u00bb, se pregunta a ceja alzada.<\/p>\n<p class=\"v-p\">Por ello, y aunque orient\u00f3 su local a hacer exposiciones de artistas nacionales e internacionales, no renunci\u00f3 a nada. Ahora mismo, 31 a\u00f1os y cuatro d\u00edas despu\u00e9s, en la plaza de la Aurora cobija unas 3.500 obras de algo menos de 200 autores, en una horquilla de precios desde los 50 euros hasta las decenas de miles. Adem\u00e1s, contin\u00faa haciendo ediciones propias en colaboraci\u00f3n con el ser\u00edgrafo Pepe Jim\u00e9nez, como la reciente serie &#8216;Urbana&#8217;, de Rafael Canogar, con una tirada de 75 copias realizada este mismo a\u00f1o.<\/p>\n<p>Arriba: &#8216;Les Deux Amis&#8217;, de Joan Mir\u00f3 (1969). Aguafuerte y aguatinta con carborundo. Edici\u00f3n, 75 ejemplares. Medidas: 95&#8217;5 x 140 cm. Abajo: &#8216;Portrait of Picasso&#8217;, de Juan Gris (1947). Aguafuerte y punta seca. Edici\u00f3n, 455 ejemplares. Medidas: 17 x 13 cm; y &#8216;Jos\u00e9 Ferm\u00edn Serrano de Melilla, m\u00e1ster en posturas&#8217;, de Dora Catarineu. Barro refractario. Medidas: 86 x 89 x 180 cm.<\/p>\n<p><img decoding=\"async\" loading=\"lazy\" src=\"https:\/\/www.europesays.com\/es\/wp-content\/uploads\/2025\/11\/MiroDosAmigos-kOgF--1200x841@La Verdad.jpg\" class=\"v-mdl__img-z\" width=\"1200\" height=\"841\" alt=\"Imagen principal - Arriba: 'Les Deux Amis', de Joan Mir\u00f3 (1969). Aguafuerte y aguatinta con carborundo. Edici\u00f3n, 75 ejemplares. Medidas: 95'5 x 140 cm. Abajo: 'Portrait of Picasso', de Juan Gris (1947). Aguafuerte y punta seca. Edici\u00f3n, 455 ejemplares. Medidas: 17 x 13 cm; y 'Jos\u00e9 Ferm\u00edn Serrano de Melilla, m\u00e1ster en posturas', de Dora Catarineu. Barro refractario. Medidas: 86 x 89 x 180 cm.\"\/><\/p>\n<p><img decoding=\"async\" loading=\"lazy\" src=\"https:\/\/www.europesays.com\/es\/wp-content\/uploads\/2025\/11\/1503435040-kOgF--1200x851@La Verdad.jpg\" class=\"v-mdl__img-z\" width=\"1200\" height=\"851\" alt=\"Imagen secundaria 1 - Arriba: 'Les Deux Amis', de Joan Mir\u00f3 (1969). Aguafuerte y aguatinta con carborundo. Edici\u00f3n, 75 ejemplares. Medidas: 95'5 x 140 cm. Abajo: 'Portrait of Picasso', de Juan Gris (1947). Aguafuerte y punta seca. Edici\u00f3n, 455 ejemplares. Medidas: 17 x 13 cm; y 'Jos\u00e9 Ferm\u00edn Serrano de Melilla, m\u00e1ster en posturas', de Dora Catarineu. Barro refractario. Medidas: 86 x 89 x 180 cm.\"\/><\/p>\n<p><img decoding=\"async\" loading=\"lazy\" src=\"https:\/\/www.europesays.com\/es\/wp-content\/uploads\/2025\/11\/DoraJF-kOgF--711x841@La Verdad.jpg\" class=\"v-mdl__img-z\" width=\"711\" height=\"841\" alt=\"Imagen secundaria 2 - Arriba: 'Les Deux Amis', de Joan Mir\u00f3 (1969). Aguafuerte y aguatinta con carborundo. Edici\u00f3n, 75 ejemplares. Medidas: 95'5 x 140 cm. Abajo: 'Portrait of Picasso', de Juan Gris (1947). Aguafuerte y punta seca. Edici\u00f3n, 455 ejemplares. Medidas: 17 x 13 cm; y 'Jos\u00e9 Ferm\u00edn Serrano de Melilla, m\u00e1ster en posturas', de Dora Catarineu. Barro refractario. Medidas: 86 x 89 x 180 cm.\"\/><\/p>\n<p>El mix del \u00e9xito<\/p>\n<p class=\"v-p\">De los inicios de la galer\u00eda guarda Jos\u00e9 Ferm\u00edn Serrano algunos de los momentos m\u00e1s divertidos de su biograf\u00eda, esas inauguraciones que acababan a las tantas, ya a puerta cerrada y entre copas. La Aurora combin\u00f3 en los a\u00f1os 90 las esculturas de Luc\u00eda Montero, las acuarelas de \u00c1ngel Haro, los grabados de \u00c1gatha Ruiz de la Prada, el erotismo de Luis Eduardo Aute, la &#8216;Obra \u00faltima&#8217; de Pepe Lucas y la &#8216;\u00daltima obra&#8217; de Vicente Ruiz, los objetos arquitect\u00f3nicos de Torres Nadal, los \u00f3leos de Carmen Jim\u00e9nez o las mitolog\u00edas de Pepe Yag\u00fces con el T\u00e0pies de los 60, con Manolo Vald\u00e9s, el siempre referente Picasso y los grandes nombres de la londinense galer\u00eda Marlborough, entre otros aciertos cl\u00e1sicos y empe\u00f1os personales. En los a\u00f1os 2000, junto a Paco Conesa, Ouka Leele, Carmen Baena, FOD, Manolo Belzunce, Carmen Jim\u00e9nez, \u00c1ngel Fern\u00e1ndez Saura, Alfonso Albacete, Antonio Ballester, Gonzalo Sicre, Dora Catarineu y Nicol\u00e1s de Maya, Serrano acogi\u00f3 en su espacio los grabados de Richard Serra, los &#8216;Aromas&#8217; de Eduardo Chillida, las &#8216;Dos pistolas gemelas&#8217; del Equipo L\u00edmite, el indigenismo africano de los Bronces de Ife, &#8216;La Dama de Murcia&#8217; de Vald\u00e9s, las pinturas de Eduardo Arroyo, las estructuras de Le Corbusier, el apocalipsis de Keith Haring, la serie &#8216;Passage de l&#8217;Egyptienne&#8217; de Joan Mir\u00f3, las fotograf\u00edas de Lucien Clergue, las de Chema Madoz\u2026 y de nuevo Picasso. Siempre Picasso. En 2005, lleg\u00f3 a La Aurora &#8216;El repas frugal&#8217; del pintor malague\u00f1o, la obra m\u00e1s especial que ha tenido el galerista en sus manos -confiesa con cierta nostalgia- en sus ya m\u00e1s de 31 a\u00f1os en Murcia.<\/p>\n<p>\nCuenta Serrano que \u00abpara comprar arte hace falta, m\u00e1s que dinero, un estado de \u00e1nimo, una alegr\u00eda\u00bb\n<\/p>\n<p class=\"v-p\">Luces y sombras tuvieron esos a\u00f1os 2000. Crisis econ\u00f3micas derivadas del desplome bancario, el inicio del fraude de las preferentes y el &#8216;crack&#8217; econ\u00f3mico de 2008, adem\u00e1s de las r\u00e9plicas que sacudieron el planeta durante la guerra de Irak, afectaron al mundo, de lo global a lo m\u00e1s local. \u00abEn las grandes Sotheby&#8217;s y Christie&#8217;s no se notan las crisis; eso no es el arte, es un mercado de grandes piezas en el que hay unos pocos compradores\u00bb, medita Serrano, quien explica que, para \u00e9l, \u00abel arte es el mont\u00f3n de galer\u00edas en el que las crisis s\u00ed impactan\u00bb. Sus 48 a\u00f1os de trayectoria, y el traductor de emociones que le viene incorporado con la profesi\u00f3n de vendedor, le han ense\u00f1ado que \u00abpara comprar arte hace falta un estado de \u00e1nimo. Si no hay alegr\u00eda ni motivaci\u00f3n, no apetece, y la gente se retrae. Tienes que ser muy independiente, mentalmente, para estar al margen de eso, o ser muy canalla. Aunque seas un empresario con dinero que compra arte, si acabas de despedir a tres t\u00edos de tu empresa, o no paras de o\u00edr malas noticias, no tienes ganas de salir a buscar arte\u00bb. <\/p>\n<p class=\"v-p\">Sin embargo, la mayor operaci\u00f3n que ha hecho la Galer\u00eda La Aurora, estratosf\u00e9rica para las aguas en las que se mueve, fue precisamente en esos mismos a\u00f1os 2000: un original de Antoni T\u00e0pies que vendi\u00f3 por unos 400.000 euros. \u00abMi cliente base, el grueso de mis compradores, es un profesional medio; solo un 20% son personas econ\u00f3micamente muy fuertes\u00bb, asegura el galerista, quien desgrana que entre sus fondos cuenta con \u00abbuenos grabados\u00bb de Georg Baselitz por 4.000 o 5.000 mil euros, de Mir\u00f3 desde 9.000 euros, de T\u00e0pies por 3.000, Chillida por 5.000, Juan Gris o Degas por 2.000 y 3.000 euros.<\/p>\n<p><img decoding=\"async\" loading=\"lazy\" src=\"https:\/\/www.europesays.com\/es\/wp-content\/uploads\/2025\/11\/1-1503435115-kOgF--650x455@La Verdad.jpg\" class=\"v-a-img\" width=\"650\" height=\"455\" alt=\"El galerista Jos\u00e9 Ferm\u00edn Serrano, en La Aurora.\" data-voc-vtm-id=\"in-text-traffic\"\/><\/p>\n<p>El galerista Jos\u00e9 Ferm\u00edn Serrano, en La Aurora.<\/p>\n<p>Nacho Garc\u00eda<\/p>\n<p><img loading=\"lazy\" decoding=\"async\" src=\"https:\/\/www.europesays.com\/es\/wp-content\/uploads\/2025\/11\/1-1503435115.jpg\" class=\"v-mdl__img-z\" width=\"1920\" height=\"1344\" alt=\"\"\/><\/p>\n<p>Un mito y una &#8216;m\u00e1quina&#8217;<\/p>\n<p class=\"v-p\">Y resume, desmitificando un prejuicio extendido y que mantiene a muchos ciudadanos alejados de las puertas de las galer\u00edas: \u00abPara comprar arte no hace falta tener mucho dinero\u00bb.<\/p>\n<p class=\"v-p\">La explosi\u00f3n de internet, m\u00e1s a\u00fan tras la pandemia del covid, ha sido \u00abla maravilla de las maravillas para las galer\u00edas -sonr\u00ede Serrano-, porque la &#8216;m\u00e1quina&#8217; te coloca en el mundo\u00bb. Internet ha democratizado la venta; \u00abLa Aurora no compite con otras galer\u00edas de Murcia, sino con las de todo el mundo: el que quiere comprar mira, mira, mira\u2026 y compra al que tiene lo que busca y se lo vende al mejor precio\u00bb.<\/p>\n<p>\nLa galer\u00eda ubicada en la plaza con la que comparte nombre cobija 3.500 obras de unos 200 autores\n<\/p>\n<p class=\"v-p\">Serrano lo tiene claro, y lo dice sin tapujos, como tantas otras cosas. \u00abMe dedico a vender cuadros. Soy un mercader. No tengo ese apego por quedarme con las obras y llev\u00e1rmelas a casa, porque s\u00e9 que va a venir otra m\u00e1s que me va a gustar. Yo estoy aqu\u00ed para vender. \u00bfC\u00f3mo dices que esto no lo vender\u00edas nunca? Si hace falta vendo el aparador de mi casa\u00bb, bufa divertido, pero sincero. Y cuenta la sinton\u00eda que sinti\u00f3 al leer que, tras la muerte de Yves Saint Laurent, su pareja, Pierre Berg\u00e9, subast\u00f3 todo el arte que hab\u00edan comprado en com\u00fan. \u00abAquello lo ten\u00eda con \u00e9l y \u00e9l ya no estaba. Lo disfrut\u00f3, pero se hab\u00eda acabado\u00bb, concluye. <\/p>\n<p>Arriba: Jos\u00e9 Ferm\u00edn Serrano, en 2005, con &#8216;Le repas frugal&#8217;, de Pablo Picasso. Grabado al aguafuerte (1904). Edici\u00f3n sobre papel jap\u00f3n (1913). Abajo: &#8216;Minos II&#8217;, de Pablo Palazuelo (1997). \u00d3leo sobre tela. Pieza \u00fanica. Medidas: 172 x 172 cm; y &#8216;L&#8217; \u0301Espagnol \u00e0 la mantille&#8217;, de Henri Matisse (1925). Aguafuerte y aguatinta. Edici\u00f3n, 200 ejemplares. Medidas: 38 x 57 cm.<\/p>\n<p><img decoding=\"async\" loading=\"lazy\" src=\"https:\/\/www.europesays.com\/es\/wp-content\/uploads\/2025\/11\/PicassoRepas-kOgF--1200x841@La Verdad.jpg\" class=\"v-mdl__img-z\" width=\"1200\" height=\"841\" alt=\"Imagen principal - Arriba: Jos\u00e9 Ferm\u00edn Serrano, en 2005, con 'Le repas frugal', de Pablo Picasso. Grabado al aguafuerte (1904). Edici\u00f3n sobre papel jap\u00f3n (1913). Abajo: 'Minos II', de Pablo Palazuelo (1997). \u00d3leo sobre tela. Pieza \u00fanica. Medidas: 172 x 172 cm; y 'L' \u0301Espagnol \u00e0 la mantille', de Henri Matisse (1925). Aguafuerte y aguatinta. Edici\u00f3n, 200 ejemplares. Medidas: 38 x 57 cm. \"\/><\/p>\n<p><img decoding=\"async\" loading=\"lazy\" src=\"https:\/\/www.europesays.com\/es\/wp-content\/uploads\/2025\/11\/PalazueloMinos-kOgF--1200x851@La Verdad.jpg\" class=\"v-mdl__img-z\" width=\"1200\" height=\"851\" alt=\"Imagen secundaria 1 - Arriba: Jos\u00e9 Ferm\u00edn Serrano, en 2005, con 'Le repas frugal', de Pablo Picasso. Grabado al aguafuerte (1904). Edici\u00f3n sobre papel jap\u00f3n (1913). Abajo: 'Minos II', de Pablo Palazuelo (1997). \u00d3leo sobre tela. Pieza \u00fanica. Medidas: 172 x 172 cm; y 'L' \u0301Espagnol \u00e0 la mantille', de Henri Matisse (1925). Aguafuerte y aguatinta. Edici\u00f3n, 200 ejemplares. Medidas: 38 x 57 cm. \"\/><\/p>\n<p><img decoding=\"async\" loading=\"lazy\" src=\"https:\/\/www.europesays.com\/es\/wp-content\/uploads\/2025\/11\/MatisseLaEspanola-kOgF--711x841@La Verdad.jpg\" class=\"v-mdl__img-z\" width=\"711\" height=\"841\" alt=\"Imagen secundaria 2 - Arriba: Jos\u00e9 Ferm\u00edn Serrano, en 2005, con 'Le repas frugal', de Pablo Picasso. Grabado al aguafuerte (1904). Edici\u00f3n sobre papel jap\u00f3n (1913). Abajo: 'Minos II', de Pablo Palazuelo (1997). \u00d3leo sobre tela. Pieza \u00fanica. Medidas: 172 x 172 cm; y 'L' \u0301Espagnol \u00e0 la mantille', de Henri Matisse (1925). Aguafuerte y aguatinta. Edici\u00f3n, 200 ejemplares. Medidas: 38 x 57 cm. \"\/><\/p>\n<p class=\"v-p\">Entre 2010 y 2025, se han seguido sucediendo los grandes hitos en La Aurora con las exhibiciones de la obra gr\u00e1fica original de Henry Moore, &#8216;Los Disparates&#8217; de Goya, &#8216;The Factory&#8217;, de Andy Warhol -que convirti\u00f3 la propia silla el\u00e9ctrica del artista estadounidense en un alocado &#8216;photocall&#8217; para la sociedad murciana-, una compilaci\u00f3n del Grupo El Paso, las tauromaquias de Picasso y Miquel Barcel\u00f3, el &#8216;C\u00e1ntico del Sol&#8217; de Mir\u00f3, las aguatintas de Mary Cassatt, el &#8216;Au soleil du plafond&#8217;, de Juan Gris, o los grabados de Piranesi.<\/p>\n<p class=\"v-p\">Tampoco ha descuidado en m\u00e1s de tres d\u00e9cadas su compromiso con iniciativas impulsadas por ONGs como Cirug\u00eda Solidaria, la Fundaci\u00f3n Chinguetti o Unicef, y algunas de sus exposiciones, como &#8216;Los d\u00edas de la j\u00e1mila&#8217;, de Manolo Belzunce y \u00c1ngel Haro, tuvieron un destino ben\u00e9fico y hasta sirvieron para comprar una ambulancia.<\/p>\n<p class=\"v-p\">Con la mirada en el futuro, la pr\u00f3xima muestra que se expondr\u00e1 este mes de diciembre en La Aurora reunir\u00e1, bajo el t\u00edtulo &#8216;Diamantes en la basura&#8217;, cientos de piezas del ceramista Pepe Ingl\u00e9s, arropadas por las obras que el taller al aire libre del artista, ubicado en La Palma, ha inspirado en el artista cartagenero \u00c1ngel Mateo Charris. Y por so\u00f1ar, y eso que Serrano es de los realistas forjados en listas de pros y contras, no descarta organizar una muestra que acerque a Murcia a dos de las grandes figuras del arte del grabado: Durero y Rembrandt.<\/p>\n<p>Reporta un error<\/p>\n<p class=\"v-crt__t\"> L\u00edmite de sesiones alcanzadas<\/p>\n<p class=\"v-crt__p\">El acceso al contenido Premium est\u00e1 abierto por cortes\u00eda del establecimiento donde te encuentras, pero ahora mismo hay demasiados usuarios conectados a las vez.<\/p>\n<p class=\"v-crt__p\">Por favor, int\u00e9ntalo pasados unos minutos.<\/p>\n<p>\nVolver a intentar\n<\/p>\n<p class=\"v-crt__t\">Sesi\u00f3n cerrada<\/p>\n<p class=\"v-crt__p\">Al iniciar sesi\u00f3n desde un dispositivo distinto, por seguridad, se cerr\u00f3 la \u00faltima sesi\u00f3n en este.<\/p>\n<p class=\"v-crt__p\">Para continuar disfrutando de su suscripci\u00f3n digital, inicie sesi\u00f3n en este dispositivo.<\/p>\n<p>\nEste contenido es exclusivo para suscriptores\n<\/p>\n<p class=\"text\">\u00bfTienes una suscripci\u00f3n? <a href=\"https:\/\/secure.laverdad.es\/identidad\/inicio#vca=suscribete&amp;vso=laverdad&amp;vmc=on&amp;vli=cdn-ce-link-login\" class=\"login\" data-voc-vtm-id=\"comienzoSuscripcionON\" data-voc-vtm-info=\"cdn-ce-link-login\" rel=\"nofollow noopener\" target=\"_blank\">Inicia sesi\u00f3n<\/a><\/p>\n","protected":false},"excerpt":{"rendered":"S\u00e1bado, 29 de noviembre 2025, 07:59 Quiz\u00e1 la experiencia no deba medirse solo en a\u00f1os, pero, si la&hellip;\n","protected":false},"author":2,"featured_media":261867,"comment_status":"","ping_status":"","sticky":false,"template":"","format":"standard","meta":{"footnotes":""},"categories":[173],"tags":[229,233,231,230,5281,232,234,146,147,25,24,4645,2050,9027,23],"class_list":{"0":"post-261866","1":"post","2":"type-post","3":"status-publish","4":"format-standard","5":"has-post-thumbnail","7":"category-arte-y-diseno","8":"tag-arte","9":"tag-arte-y-diseno","10":"tag-arts","11":"tag-arts-and-design","12":"tag-aurora","13":"tag-design","14":"tag-diseno","15":"tag-entertainment","16":"tag-entretenimiento","17":"tag-es","18":"tag-espana","19":"tag-grandes","20":"tag-pequeno","21":"tag-rincon","22":"tag-spain"},"share_on_mastodon":{"url":"https:\/\/pubeurope.com\/@es\/115632503348943321","error":""},"_links":{"self":[{"href":"https:\/\/www.europesays.com\/es\/wp-json\/wp\/v2\/posts\/261866","targetHints":{"allow":["GET"]}}],"collection":[{"href":"https:\/\/www.europesays.com\/es\/wp-json\/wp\/v2\/posts"}],"about":[{"href":"https:\/\/www.europesays.com\/es\/wp-json\/wp\/v2\/types\/post"}],"author":[{"embeddable":true,"href":"https:\/\/www.europesays.com\/es\/wp-json\/wp\/v2\/users\/2"}],"replies":[{"embeddable":true,"href":"https:\/\/www.europesays.com\/es\/wp-json\/wp\/v2\/comments?post=261866"}],"version-history":[{"count":0,"href":"https:\/\/www.europesays.com\/es\/wp-json\/wp\/v2\/posts\/261866\/revisions"}],"wp:featuredmedia":[{"embeddable":true,"href":"https:\/\/www.europesays.com\/es\/wp-json\/wp\/v2\/media\/261867"}],"wp:attachment":[{"href":"https:\/\/www.europesays.com\/es\/wp-json\/wp\/v2\/media?parent=261866"}],"wp:term":[{"taxonomy":"category","embeddable":true,"href":"https:\/\/www.europesays.com\/es\/wp-json\/wp\/v2\/categories?post=261866"},{"taxonomy":"post_tag","embeddable":true,"href":"https:\/\/www.europesays.com\/es\/wp-json\/wp\/v2\/tags?post=261866"}],"curies":[{"name":"wp","href":"https:\/\/api.w.org\/{rel}","templated":true}]}}