{"id":261868,"date":"2025-11-29T10:26:10","date_gmt":"2025-11-29T10:26:10","guid":{"rendered":"https:\/\/www.europesays.com\/es\/261868\/"},"modified":"2025-11-29T10:26:10","modified_gmt":"2025-11-29T10:26:10","slug":"la-cantante-viguesa-antia-pinal-deslumbra-en-la-voz-y-avanza-a-la-semifinal-tras-una-actuacion-emotiva","status":"publish","type":"post","link":"https:\/\/www.europesays.com\/es\/261868\/","title":{"rendered":"La cantante viguesa Ant\u00eda Pinal deslumbra en &#8216;La Voz&#8217; y avanza a la semifinal tras una actuaci\u00f3n emotiva"},"content":{"rendered":"<p class=\"ft-text\">Una nueva pica de la cantante viguesa Ant\u00eda Pinal en el escenario de <a href=\"https:\/\/www.farodevigo.es\/tags\/la-voz\/\" class=\"ft-link ft-link--decoration\" rel=\"nofollow noopener\" target=\"_blank\"> &#8216;La Voz&#8217;<\/a>. La joven artista pisaba tras varias semanas las tablas del talente, despu\u00e9s de ser Robada por<a href=\"https:\/\/www.farodevigo.es\/tags\/pablo-lopez\/\" class=\"ft-link ft-link--decoration\" rel=\"nofollow noopener\" target=\"_blank\"><strong> Pablo L\u00f3pez<\/strong><\/a><strong>, y el resultado no le pudo ser m\u00e1s propicio. <\/strong>El cambio de equipo por decisi\u00f3n del coach malague\u00f1o le report\u00f3 <strong>el privilegio de pasar directamente a los directos del programa<\/strong>, y evitar as\u00ed el Asalto Final, fase previa que daba una segunda oportunidad para llegar a esta recta final, ya en vivo, a otros participantes descartados.<\/p>\n<p class=\"ft-text\">Anoche, los 16 participantes que superaron todas las cribas, incluida la joven gallega, se disputaron en la fase de los directores el pase a la semifinal. Y s\u00ed, Ant\u00eda est\u00e1 entre los 8 artistas que contin\u00faan en el programa.<\/p>\n<p class=\"ft-text\">La concursante escogi\u00f3 \u2018Muero\u2019, de Kany Garc\u00eda y Alejandro Sanz, una pieza intensa y profundamente emotiva que se adapt\u00f3 a la perfecci\u00f3n a su manera de cantar.<\/p>\n<p class=\"ft-text\">Desde los primeros compases, Ant\u00eda aport\u00f3 al escenario una mezcla de ternura y sinceridad. Con una voz n\u00edtida, gran dominio t\u00e9cnico y una interpretaci\u00f3n muy sentida, logr\u00f3 crear una atm\u00f3sfera \u00edntima y cargada de emoci\u00f3n, firmando as\u00ed uno de los momentos m\u00e1s destacados de la velada.<\/p>\n<p class=\"ft-text\">La votaci\u00f3n del p\u00fablico fue una de las m\u00e1s ajustadas de la noche, pero finalmente Ant\u00eda se convirti\u00f3 en la artista m\u00e1s votada, asegurando su paso a la segunda semifinal.<\/p>\n<p class=\"ft-text\"><strong>Natural de Vigo y estudiante de Arquitectura<\/strong> en A Coru\u00f1a, <strong>Ant\u00eda se ha hecho conocida en Galicia<\/strong> por su voz en las calles: <a href=\"https:\/\/www.farodevigo.es\/gran-vigo\/2025\/10\/15\/actuar-calle-principe-vigo-audiciones-ciegas-la-voz-122625325.html\" class=\"ft-link ft-link--decoration\" rel=\"nofollow noopener\" target=\"_blank\">era habitual verla actuar en la zona comercial de Pr\u00edncipe, en Vigo, y en otras ciudades gallegas<\/a>, acompa\u00f1ada de un peque\u00f1o equipo de sonido y un caracter\u00edstico carrito de la compra violeta. Su actividad como cantante callejera la convirti\u00f3 en un rostro familiar para vecinos y turistas antes de dar el salto a la televisi\u00f3n nacional.<\/p>\n","protected":false},"excerpt":{"rendered":"Una nueva pica de la cantante viguesa Ant\u00eda Pinal en el escenario de &#8216;La Voz&#8217;. La joven artista&hellip;\n","protected":false},"author":2,"featured_media":261869,"comment_status":"","ping_status":"","sticky":false,"template":"","format":"standard","meta":{"footnotes":""},"categories":[171],"tags":[10842,47139,801,4328,10252,146,147,25,24,34810,65338,1421,23,214,44893],"class_list":{"0":"post-261868","1":"post","2":"type-post","3":"status-publish","4":"format-standard","5":"has-post-thumbnail","7":"category-tv","8":"tag-alejandro-sanz","9":"tag-antia","10":"tag-arquitectura","11":"tag-cantante","12":"tag-deslumbra","13":"tag-entertainment","14":"tag-entretenimiento","15":"tag-es","16":"tag-espana","17":"tag-pablo-lopez","18":"tag-pinal","19":"tag-publico","20":"tag-spain","21":"tag-tv","22":"tag-viguesa"},"share_on_mastodon":{"url":"","error":""},"_links":{"self":[{"href":"https:\/\/www.europesays.com\/es\/wp-json\/wp\/v2\/posts\/261868","targetHints":{"allow":["GET"]}}],"collection":[{"href":"https:\/\/www.europesays.com\/es\/wp-json\/wp\/v2\/posts"}],"about":[{"href":"https:\/\/www.europesays.com\/es\/wp-json\/wp\/v2\/types\/post"}],"author":[{"embeddable":true,"href":"https:\/\/www.europesays.com\/es\/wp-json\/wp\/v2\/users\/2"}],"replies":[{"embeddable":true,"href":"https:\/\/www.europesays.com\/es\/wp-json\/wp\/v2\/comments?post=261868"}],"version-history":[{"count":0,"href":"https:\/\/www.europesays.com\/es\/wp-json\/wp\/v2\/posts\/261868\/revisions"}],"wp:featuredmedia":[{"embeddable":true,"href":"https:\/\/www.europesays.com\/es\/wp-json\/wp\/v2\/media\/261869"}],"wp:attachment":[{"href":"https:\/\/www.europesays.com\/es\/wp-json\/wp\/v2\/media?parent=261868"}],"wp:term":[{"taxonomy":"category","embeddable":true,"href":"https:\/\/www.europesays.com\/es\/wp-json\/wp\/v2\/categories?post=261868"},{"taxonomy":"post_tag","embeddable":true,"href":"https:\/\/www.europesays.com\/es\/wp-json\/wp\/v2\/tags?post=261868"}],"curies":[{"name":"wp","href":"https:\/\/api.w.org\/{rel}","templated":true}]}}