{"id":261870,"date":"2025-11-29T10:28:11","date_gmt":"2025-11-29T10:28:11","guid":{"rendered":"https:\/\/www.europesays.com\/es\/261870\/"},"modified":"2025-11-29T10:28:11","modified_gmt":"2025-11-29T10:28:11","slug":"morgan-freeman-revela-el-secreto-de-su-salud-a-sus-88-anos-sigue-levantandote-por-la-manana","status":"publish","type":"post","link":"https:\/\/www.europesays.com\/es\/261870\/","title":{"rendered":"Morgan Freeman revela el secreto de su salud a sus 88 a\u00f1os: \u201cSigue levant\u00e1ndote por la ma\u00f1ana\u201d"},"content":{"rendered":"<p class=\"\"><b>Morgan Freeman<\/b>, a sus <b>88 a\u00f1os<\/b>, sigue al pie del ca\u00f1\u00f3n en una industria tan complicada como <b>Hollywood<\/b>, protagonizando nuevas pel\u00edculas y aportando su voz para el doblaje de otras, y a\u00fan no piensa en la retirada.<\/p>\n<p class=\"\">Un tema que abord\u00f3 en una reciente entrevista concedida a la organizaci\u00f3n AARP, se\u00f1alando que <b>su plan es \u201cseguir adelante\u201d<\/b> a pesar de que los a\u00f1os vayan pesando, y cuidar su salud, la cual le est\u00e1 permitiendo llevar una buena vida.<\/p>\n<p class=\"\">Y es que para el actor estadounidense el secreto est\u00e1 en \u201cseguir\u201d: \u201cLa forma de hacerlo es <b>seguir levant\u00e1ndote por la ma\u00f1ana, seguir haciendo ejercicio en el gimnasio, seguir tomando tus vitaminas, seguir tomando tus medicamentos recetados y seguir en movimiento<\/b>. Seguir en movimiento.<b> Ese es el secreto de todo<\/b>\u201d.<\/p>\n<p class=\"\">Freeman, por su parte, prefiere no parar, coincidiendo con las reglas del <b>ikigai<\/b>, <b>un principio japon\u00e9s relacionado con el bienestar y la longevidad<\/b>, y buena muestra de ello es que este mismo 2025 ha protagonizado la tercera de las entregas de la saga cinematogr\u00e1fica de \u2018Ahora me ves\u2019, donde volvi\u00f3 a ponerse en la piel de Thaddeus Bradley.<\/p>\n<p class=\"\">Cabe destacar adem\u00e1s el amor de Morgan Freeman por el mundo del deporte, sobre todo por el golf, pues se ha convertido en algo vital para \u00e9l: \u201c<b>A mi edad, el golf es el deporte que m\u00e1s movimiento te exige<\/b>\u201c.<\/p>\n<p>Noticias relacionadas<a href=\"https:\/\/as.com\/tikitakas\/famosos\/alejandra-silva-clara-sobre-su-futuro-con-richard-gere-nunca-me-voy-a-ir-de-madrid-porque-espana-es-mi-hogar-f202511-n\/\" class=\"s_m_w\" title=\"La mujer del actor ha se\u00f1alado que sus planes de futuro pasan por seguir en nuestro pa\u00eds, donde han estado viviendo el \u00faltimo a\u00f1o.\" data-tb-link=\"\" rel=\"nofollow noopener\" target=\"_blank\"><img decoding=\"async\" src=\"https:\/\/www.europesays.com\/es\/wp-content\/uploads\/2025\/11\/WHLBUZQELRPN3FYCDLBQSI3BJQ.jpg\" alt=\"Alejandra Silva, clara sobre su futuro con Richard Gere: \u201cNunca me voy a ir de Madrid porque Espa\u00f1a es mi hogar\u201d\" class=\"\" height=\"9\" width=\"16\"   loading=\"lazy\" data-tb-thumbnail=\"\"\/><\/a><a href=\"https:\/\/as.com\/tikitakas\/famosos\/el-ultimo-cambio-fisico-de-dave-bautista-a-los-56-anos-ha-sido-muy-duro-f202511-n\/\" class=\"s_m_w\" title=\"El actor ha tenido que volver a ganar una gran cantidad de m\u00fasculo, y ha compartido sus sensaciones en \u2018Collider\u2019.\" data-tb-link=\"\" rel=\"nofollow noopener\" target=\"_blank\"><img decoding=\"async\" src=\"https:\/\/www.europesays.com\/es\/wp-content\/uploads\/2025\/11\/1764412091_890_I2AMUUHAEVAGPDBNYGWPYK27H4.jpg\" alt=\"El \u00faltimo cambio f\u00edsico de Dave Bautista a los 56 a\u00f1os: \u201cHa sido muy duro\u201d\" class=\"\" height=\"9\" width=\"16\"   loading=\"lazy\" data-tb-thumbnail=\"\"\/><\/a><\/p>\n<p class=\"\">\u201c<b>Hay que caminar, agacharse, inclinarse, balancearse, maldecir&#8230;<\/b> <b>Es un deporte estupendo para las personas mayores<\/b>\u201d, ha a\u00f1adido el int\u00e9rprete, quien tambi\u00e9n ve c\u00f3mo se acercan los 90 a\u00f1os, y se plantea si podr\u00e1 seguir practicando este deporte: \u201c\u00bfSeguir\u00e9 jugando al golf? Esa es la pregunta\u00bb.<\/p>\n<p class=\"\"><b>\u00a1Tus opiniones importan!<\/b> Comenta en los art\u00edculos y suscr\u00edbete gratis a nuestra <a href=\"https:\/\/asfan.as.com\/newsletters\/\" target=\"_blank\" rel=\"nofollow noopener\" title=\"https:\/\/asfan.as.com\/newsletters\/\">newsletter<\/a> y a las alertas informativas en la <a href=\"https:\/\/as.com\/aplicacion-de-as-n\/\" target=\"_blank\" rel=\"nofollow noopener\" title=\"https:\/\/as.com\/aplicacion-de-as-n\/\">App<\/a> o el canal de <a href=\"https:\/\/www.whatsapp.com\/channel\/0029VaAasdA7j6g745nz9M10\" target=\"_blank\" rel=\"nofollow noopener\" title=\"https:\/\/www.whatsapp.com\/channel\/0029VaAasdA7j6g745nz9M10\">WhatsApp<\/a>. \u00bfBuscas licenciar contenido? Haz clic <a href=\"https:\/\/profesional.elpais.com\/soluciones-sindicacion?utm_medium=interno&amp;utm_source=crosslinking&amp;utm_campaign=sindicacion_as_pie_articulos\" target=\"_blank\" rel=\"nofollow noopener\" title=\"https:\/\/profesional.elpais.com\/soluciones-sindicacion?utm_medium=interno&amp;utm_source=crosslinking&amp;utm_campaign=sindicacion_as_pie_articulos\">aqu\u00ed<\/a><\/p>\n","protected":false},"excerpt":{"rendered":"Morgan Freeman, a sus 88 a\u00f1os, sigue al pie del ca\u00f1\u00f3n en una industria tan complicada como Hollywood,&hellip;\n","protected":false},"author":2,"featured_media":261871,"comment_status":"","ping_status":"","sticky":false,"template":"","format":"standard","meta":{"footnotes":""},"categories":[169],"tags":[177,146,147,25,24,176,175,23],"class_list":{"0":"post-261870","1":"post","2":"type-post","3":"status-publish","4":"format-standard","5":"has-post-thumbnail","7":"category-cine","8":"tag-cine","9":"tag-entertainment","10":"tag-entretenimiento","11":"tag-es","12":"tag-espana","13":"tag-film","14":"tag-movies","15":"tag-spain"},"share_on_mastodon":{"url":"https:\/\/pubeurope.com\/@es\/115632519016105268","error":""},"_links":{"self":[{"href":"https:\/\/www.europesays.com\/es\/wp-json\/wp\/v2\/posts\/261870","targetHints":{"allow":["GET"]}}],"collection":[{"href":"https:\/\/www.europesays.com\/es\/wp-json\/wp\/v2\/posts"}],"about":[{"href":"https:\/\/www.europesays.com\/es\/wp-json\/wp\/v2\/types\/post"}],"author":[{"embeddable":true,"href":"https:\/\/www.europesays.com\/es\/wp-json\/wp\/v2\/users\/2"}],"replies":[{"embeddable":true,"href":"https:\/\/www.europesays.com\/es\/wp-json\/wp\/v2\/comments?post=261870"}],"version-history":[{"count":0,"href":"https:\/\/www.europesays.com\/es\/wp-json\/wp\/v2\/posts\/261870\/revisions"}],"wp:featuredmedia":[{"embeddable":true,"href":"https:\/\/www.europesays.com\/es\/wp-json\/wp\/v2\/media\/261871"}],"wp:attachment":[{"href":"https:\/\/www.europesays.com\/es\/wp-json\/wp\/v2\/media?parent=261870"}],"wp:term":[{"taxonomy":"category","embeddable":true,"href":"https:\/\/www.europesays.com\/es\/wp-json\/wp\/v2\/categories?post=261870"},{"taxonomy":"post_tag","embeddable":true,"href":"https:\/\/www.europesays.com\/es\/wp-json\/wp\/v2\/tags?post=261870"}],"curies":[{"name":"wp","href":"https:\/\/api.w.org\/{rel}","templated":true}]}}