{"id":261872,"date":"2025-11-29T10:29:19","date_gmt":"2025-11-29T10:29:19","guid":{"rendered":"https:\/\/www.europesays.com\/es\/261872\/"},"modified":"2025-11-29T10:29:19","modified_gmt":"2025-11-29T10:29:19","slug":"osasuna-magna-roza-la-epica-y-cae-con-honores-ante-movistar-inter-4-5","status":"publish","type":"post","link":"https:\/\/www.europesays.com\/es\/261872\/","title":{"rendered":"Osasuna Magna roza la \u00e9pica y cae con honores ante Movistar Inter (4-5) &#8211;"},"content":{"rendered":"<p><img loading=\"lazy\" decoding=\"async\" width=\"1024\" height=\"704\" src=\"https:\/\/www.europesays.com\/es\/wp-content\/uploads\/2025\/11\/440A5070-1-scaled-e1764369824936-1024x704.jpg\" alt=\"\" class=\"wp-image-20492\"  \/><\/p>\n<p class=\"has-small-font-size\">\u2013 \u00c1ngela Mart\u00ednez \u2013 <\/p>\n<p>Osasuna Magna recib\u00eda en Anaitasuna a Movistar Inter en la duod\u00e9cima jornada liguera. Los primeros compases del encuentro fueron de ida y vuelta. El combinado madrile\u00f1o dispuso de una ocasi\u00f3n clara, pero Cuello fue al suelo para evitar el primero de los visitantes. Por parte de los locales, Dani Saldise y Ion Cervi\u00f1o probaron suerte con dos disparos lejanos que se marcharon lamiendo el palo. <\/p>\n<p>Los primeros 10 minutos fueron de alto voltaje y un claro reflejo de ello fueron la cantidad de faltas se\u00f1aladas: 4 para los verdes y 3 para el equipo rival. En el minuto 11, Javier M\u00ednguez busc\u00f3 puerta con un golpeo lejano que, desafortunadamente, toc\u00f3 en el 9 verde y se col\u00f3 en la porter\u00eda de Asier. <\/p>\n<p>Poco despu\u00e9s, Cecilio estuvo cerca de ampliar la ventaja tras llegar al segundo palo y no conseguir empujar el esf\u00e9rico. Sin embargo, el cordob\u00e9s se \u2018sac\u00f3 la espinita\u2019 en la siguiente jugada y, con un buen contraataque interista, el \u20182\u2019 visitante envi\u00f3 el bal\u00f3n al fondo de la red. <\/p>\n<p>Con el objetivo de buscar revertir el encuentro, Miguel Hern\u00e1ndez solicit\u00f3 tiempo muerto y, en el camino de los jugadores a sus respectivos banquillos, Ion Cervi\u00f1o fue expulsado por doble amarilla. Los siguientes 2 minutos los iba a jugar el cuadro interista en superioridad, pero Harrison, con un toque sutil ante Asier, logr\u00f3 hacer el 3\u00ba y terminar con su ventaja num\u00e9rica. <\/p>\n<p>El conjunto de Alberto Riquer quer\u00eda m\u00e1s y fue Jos\u00e9 Raya el encargado de anotar el 4\u00ba con un buen remate de cabeza en el 2\u00ba palo que a punto estuvo de desviar Pachu. Escasos minutos despu\u00e9s, Pirata sell\u00f3 el 5\u00ba tras una gran combinaci\u00f3n del cuadro madrile\u00f1o. <\/p>\n<p>Los de Irurtzun no se daban por rendidos y segu\u00edan intent\u00e1ndolo por todas las v\u00edas posibles. Mendive tir\u00f3 de orgullo y de confianza e hizo el primero para recortar distancias. A falta de menos de un minuto, Inter Movistar provoc\u00f3 su 6\u00aa falta y, por tanto, el equipo navarro tuvo la oportunidad de hacer el 2\u00ba desde los 10 metros. Linhares cogi\u00f3 el bal\u00f3n y, con el objetivo del gol entre ceja y ceja, golpe\u00f3 el esf\u00e9rico y lo envi\u00f3 al fondo de la meta defendida por Jes\u00fas Herrero. Con el 2-5 en el luminoso, se cumplieron los 20 minutos de la primera mitad. <\/p>\n<p>Tras el paso por vestuarios, los verdes salieron con ganas de m\u00e1s. Albert Ortas lo intent\u00f3 con una cabalgada por la banda y Linhares busc\u00f3 el 2\u00ba en su cuenta personal tras una jugada de estrategia, pero termin\u00f3 march\u00e1ndose el bal\u00f3n por el lateral de la red. Cuello tambi\u00e9n prob\u00f3 fortuna y el rechace termin\u00f3 cay\u00e9ndole a Korsun, que poco pudo hacer desde el suelo. <\/p>\n<p>El combinado madrile\u00f1o tambi\u00e9n oblig\u00f3 a Asier Llamas a emplearse al m\u00e1ximo para no ampliar su ventaja. Sin embargo, un estelar Jhonatan Linhares brill\u00f3 en el 40\u00d720 para anotar un doblete en poco m\u00e1s de un minuto: el primero con un asombroso cambio de ritmo y un espl\u00e9ndido remate cruzado y, el segundo (el 3\u00ba en su casillero personal) con una jugada muy similar a la que el brasile\u00f1o a\u00f1adi\u00f3 una ruleta para plantarse mano a mano con el guardameta interista. <\/p>\n<p>La tensi\u00f3n iba in crescendo en Anaitasuna y la alta intensidad del juego hizo que Cecilio provocase una falta y terminase siendo expulsado. Ahora los verdes iban a disputar 2 minutos en superioridad num\u00e9rica, una ocasi\u00f3n inmejorable para poner el empate -e incluso la ventaja- en el electr\u00f3nico. <\/p>\n<p>Los de Miguel Hern\u00e1ndez les tomaron la medida a sus rivales y tuvieron varias llegadas peligrosas consecutivas que no consiguieron transformar. A falta de 4 minutos para el final, el conjunto navarro fue a por el partido y sac\u00f3 a Korsun como portero jugador. <\/p>\n<p>El juego de 5 no dio sus frutos y, con el 4-5 en el marcador, la bocina indic\u00f3 el final del encuentro; lo que hizo que Osasuna Magna sumara su tercera derrota de la temporada en casa. La pr\u00f3xima jornada liguera ser\u00e1 el s\u00e1bado 6 de diciembre frente a C\u00f3rdoba Patrimonio de la Humanidad.<\/p>\n","protected":false},"excerpt":{"rendered":"\u2013 \u00c1ngela Mart\u00ednez \u2013 Osasuna Magna recib\u00eda en Anaitasuna a Movistar Inter en la duod\u00e9cima jornada liguera. Los&hellip;\n","protected":false},"author":2,"featured_media":261873,"comment_status":"","ping_status":"","sticky":false,"template":"","format":"standard","meta":{"footnotes":""},"categories":[93],"tags":[168,25,24,23,167],"class_list":{"0":"post-261872","1":"post","2":"type-post","3":"status-publish","4":"format-standard","5":"has-post-thumbnail","7":"category-deportes","8":"tag-deportes","9":"tag-es","10":"tag-espana","11":"tag-spain","12":"tag-sports"},"share_on_mastodon":{"url":"https:\/\/pubeurope.com\/@es\/115632522367487624","error":""},"_links":{"self":[{"href":"https:\/\/www.europesays.com\/es\/wp-json\/wp\/v2\/posts\/261872","targetHints":{"allow":["GET"]}}],"collection":[{"href":"https:\/\/www.europesays.com\/es\/wp-json\/wp\/v2\/posts"}],"about":[{"href":"https:\/\/www.europesays.com\/es\/wp-json\/wp\/v2\/types\/post"}],"author":[{"embeddable":true,"href":"https:\/\/www.europesays.com\/es\/wp-json\/wp\/v2\/users\/2"}],"replies":[{"embeddable":true,"href":"https:\/\/www.europesays.com\/es\/wp-json\/wp\/v2\/comments?post=261872"}],"version-history":[{"count":0,"href":"https:\/\/www.europesays.com\/es\/wp-json\/wp\/v2\/posts\/261872\/revisions"}],"wp:featuredmedia":[{"embeddable":true,"href":"https:\/\/www.europesays.com\/es\/wp-json\/wp\/v2\/media\/261873"}],"wp:attachment":[{"href":"https:\/\/www.europesays.com\/es\/wp-json\/wp\/v2\/media?parent=261872"}],"wp:term":[{"taxonomy":"category","embeddable":true,"href":"https:\/\/www.europesays.com\/es\/wp-json\/wp\/v2\/categories?post=261872"},{"taxonomy":"post_tag","embeddable":true,"href":"https:\/\/www.europesays.com\/es\/wp-json\/wp\/v2\/tags?post=261872"}],"curies":[{"name":"wp","href":"https:\/\/api.w.org\/{rel}","templated":true}]}}