{"id":261878,"date":"2025-11-29T10:33:08","date_gmt":"2025-11-29T10:33:08","guid":{"rendered":"https:\/\/www.europesays.com\/es\/261878\/"},"modified":"2025-11-29T10:33:08","modified_gmt":"2025-11-29T10:33:08","slug":"el-gobierno-excluye-a-telefonica-del-contrato-de-ciberseguridad-del-estado-economia","status":"publish","type":"post","link":"https:\/\/www.europesays.com\/es\/261878\/","title":{"rendered":"El Gobierno excluye a Telef\u00f3nica del contrato de ciberseguridad del Estado | Econom\u00eda"},"content":{"rendered":"<p class=\"\">El Ministerio para la Transformaci\u00f3n Digital ha resuelto declarar desierta la adjudicaci\u00f3n del conocido Lote 3 del contrato de ciberseguridad de telecomunicaciones de la Administraci\u00f3n Central, conocido como CORA III, que agrupaba los servicios de interconexi\u00f3n de centros de datos, seguridad e Internet, excluyendo a Telef\u00f3nica como potencial adjudicataria. Esta decisi\u00f3n sigue un patr\u00f3n ya visto, pues <a href=\"https:\/\/elpais.com\/economia\/2025-10-06\/masorange-recurrira-la-anulacion-del-contrato-de-ciberseguridad-del-estado.html\" rel=\"nofollow noopener\" target=\"_blank\">la misma causa que supuso la descalificaci\u00f3n inicial del primer ganador, MasOrange,<\/a> ha afectado ahora a la propuesta de Telef\u00f3nica: la falta de inscripci\u00f3n de un plan de igualdad por parte de una de las empresas que compon\u00edan la oferta, seg\u00fan consta en el acta de la Mesa de Contrataci\u00f3n con fecha 12 de noviembre a la que ha tenido acceso EL PA\u00cdS. <\/p>\n<p class=\"\">En concreto, la Mesa de Contrataci\u00f3n argument\u00f3 que la propuesta de Telef\u00f3nica de Espa\u00f1a y Telef\u00f3nica Soluciones incurr\u00eda en \u201cprohibici\u00f3n de contratar\u201d debido a que Govertis, una de las firmas cuya solvencia se aportaba al consorcio, no contaba con el preceptivo plan de igualdad inscrito. El Ministerio acept\u00f3 esta recomendaci\u00f3n, lo que lleva a la anulaci\u00f3n del concurso para el Lote 3, que cubre la interconexi\u00f3n de centros de datos de la Administraci\u00f3n Central y servicios de ciberseguridad. Lo m\u00e1s probable es que se proceda a una nueva licitaci\u00f3n.<\/p>\n<p class=\"\">Este escenario implica una pr\u00f3rroga en la prestaci\u00f3n del servicio por parte de los operadores actuales, Telef\u00f3nica e Indra, hasta que el nuevo proceso se complete, algo que llevar\u00e1 varios meses. Sin embargo, las implicaciones no se detienen en el Lote 3. La propia resoluci\u00f3n de la Mesa de Contrataci\u00f3n ha instado al \u00f3rgano ministerial a analizar los posibles efectos de este mismo incumplimiento en el Lote 1, un contrato de red nacional multiservicio de 152,15 millones de euros que Telef\u00f3nica ya hab\u00eda ganado previamente.<\/p>\n<p><b>El c\u00famulo de descalificaciones y la controversia<\/b><\/p>\n<p class=\"\"><a href=\"https:\/\/elpais.com\/economia\/2025-10-06\/masorange-recurrira-la-anulacion-del-contrato-de-ciberseguridad-del-estado.html\" rel=\"nofollow noopener\" target=\"_blank\">La historia de esta licitaci\u00f3n comenz\u00f3 con la descalificaci\u00f3n de la UTE liderada por MasOrange, TRC y Mnemo,<\/a> debido a que Mnemo no ten\u00eda inscrito su plan de igualdad al presentar la oferta. Esta exclusi\u00f3n, considerada por algunos como pol\u00e9mica dada la presencia del Gobierno en el capital de Telef\u00f3nica a trav\u00e9s de la SEPI con el 10%, dio un giro inesperado. MasOrange hab\u00eda presentado una oferta econ\u00f3mica significativamente m\u00e1s baja (55,26 millones de euros sin IVA frente a los 63,06 millones de Telef\u00f3nica) y fue la m\u00e1s valorada inicialmente.<\/p>\n<p class=\"\">Telef\u00f3nica, sin embargo, recurri\u00f3 esta adjudicaci\u00f3n por la ausencia del plan de igualdad, y el Tribunal Administrativo Central de Recursos Contractuales (TACRC), organismo adscrito al Ministerio de Hacienda, fall\u00f3 a su favor el pasado 4 de octubre. Este mismo fallo contractual por el plan de igualdad (en la filial Telef\u00f3nica IOT &amp; Big Data) ya hab\u00eda provocado <a href=\"https:\/\/cincodias.elpais.com\/companias\/2025-11-20\/telefonica-queda-excluida-de-un-concurso-por-no-tener-plan-de-igualdad.html\" rel=\"nofollow noopener\" target=\"_blank\">la exclusi\u00f3n de Telef\u00f3nica de otro concurso en Talavera, como adelant\u00f3 EL PA\u00cdS.<\/a> MasOrange no tard\u00f3 en reaccionar y anunci\u00f3 que recurrir\u00eda la decisi\u00f3n del TARC \u201cante las instancias oportunas, al considerarla desproporcionada y contraria a la doctrina europea\u201d. La compa\u00f1\u00eda que dirige Meinrad Spenger ya est\u00e1 ejecutando los servicios correspondientes al lote 2, que tambi\u00e9n gan\u00f3, y que incluye la ciberseguridad de los dispositivos, un servicio clave para la seguridad del Estado.<\/p>\n<p class=\"\">Tras el recurso, el Ministerio de \u00d3scar L\u00f3pez procedi\u00f3 a descalificar a la UTE de Masorange el 6 de octubre, resolviendo otorgar el contrato a Telef\u00f3nica, la \u00fanica oferta restante. Este movimiento tambi\u00e9n suscit\u00f3 cr\u00edticas en el sector, especialmente por la adjudicaci\u00f3n de una materia estrat\u00e9gica como la ciberseguridad a una firma con una creciente influencia del Estado franc\u00e9s, m\u00e1xime tras el acuerdo de Orange, controlada en un 23% por capital p\u00fablico franc\u00e9s, para adquirir el 100% de MasOrange.<\/p>\n<p class=\"\">Finalmente, el c\u00edrculo se ha cerrado, y el mismo requisito de igualdad esgrimido por Telef\u00f3nica para descalificar a su competidor, ha resultado ser la causa de su propia exclusi\u00f3n, dejando desierto el concurso.<\/p>\n","protected":false},"excerpt":{"rendered":"El Ministerio para la Transformaci\u00f3n Digital ha resuelto declarar desierta la adjudicaci\u00f3n del conocido Lote 3 del contrato&hellip;\n","protected":false},"author":2,"featured_media":261879,"comment_status":"","ping_status":"","sticky":false,"template":"","format":"standard","meta":{"footnotes":""},"categories":[80],"tags":[82,95,94,25,24,13913,24371,23,6538,1826,41517],"class_list":{"0":"post-261878","1":"post","2":"type-post","3":"status-publish","4":"format-standard","5":"has-post-thumbnail","7":"category-economia","8":"tag-business","9":"tag-economia","10":"tag-economy","11":"tag-es","12":"tag-espana","13":"tag-masorange","14":"tag-oscar-lopez-agueda","15":"tag-spain","16":"tag-telecomunicaciones","17":"tag-telefonica","18":"tag-transformacion-digital"},"share_on_mastodon":{"url":"https:\/\/pubeurope.com\/@es\/115632537937983863","error":""},"_links":{"self":[{"href":"https:\/\/www.europesays.com\/es\/wp-json\/wp\/v2\/posts\/261878","targetHints":{"allow":["GET"]}}],"collection":[{"href":"https:\/\/www.europesays.com\/es\/wp-json\/wp\/v2\/posts"}],"about":[{"href":"https:\/\/www.europesays.com\/es\/wp-json\/wp\/v2\/types\/post"}],"author":[{"embeddable":true,"href":"https:\/\/www.europesays.com\/es\/wp-json\/wp\/v2\/users\/2"}],"replies":[{"embeddable":true,"href":"https:\/\/www.europesays.com\/es\/wp-json\/wp\/v2\/comments?post=261878"}],"version-history":[{"count":0,"href":"https:\/\/www.europesays.com\/es\/wp-json\/wp\/v2\/posts\/261878\/revisions"}],"wp:featuredmedia":[{"embeddable":true,"href":"https:\/\/www.europesays.com\/es\/wp-json\/wp\/v2\/media\/261879"}],"wp:attachment":[{"href":"https:\/\/www.europesays.com\/es\/wp-json\/wp\/v2\/media?parent=261878"}],"wp:term":[{"taxonomy":"category","embeddable":true,"href":"https:\/\/www.europesays.com\/es\/wp-json\/wp\/v2\/categories?post=261878"},{"taxonomy":"post_tag","embeddable":true,"href":"https:\/\/www.europesays.com\/es\/wp-json\/wp\/v2\/tags?post=261878"}],"curies":[{"name":"wp","href":"https:\/\/api.w.org\/{rel}","templated":true}]}}