{"id":26188,"date":"2025-08-05T00:59:12","date_gmt":"2025-08-05T00:59:12","guid":{"rendered":"https:\/\/www.europesays.com\/es\/26188\/"},"modified":"2025-08-05T00:59:12","modified_gmt":"2025-08-05T00:59:12","slug":"complicidad-con-los-reyes-y-del-brazo-de-dona-sofia","status":"publish","type":"post","link":"https:\/\/www.europesays.com\/es\/26188\/","title":{"rendered":"complicidad con los Reyes y del brazo de do\u00f1a Sof\u00eda"},"content":{"rendered":"<p><b>La princesa Leonor y la infanta Sof\u00eda han debutado este lunes, 4 de agosto, en la tradicional recepci\u00f3n a la sociedad balear en Marivent, en Palma<\/b>. Han llegado al acto sonrientes, tan deslumbrantes como sus vestidos estampados, y agarradas del brazo de su abuela, do\u00f1a Sof\u00eda, que viaj\u00f3 a la isla este pasado domingo, con retraso, debido al<a href=\"https:\/\/www.eleconomista.es\/informalia\/casas-reales\/noticias\/13484848\/07\/25\/preocupacion-por-irene-de-grecia-la-hermana-de-la-reina-sofia-su-salud-se-ha-resentido-en-los-ultimos-dias.html\" rel=\"nofollow noopener\" target=\"_blank\"> delicado estado de salud de su hermana<\/a>, la princesa Irene de Grecia, de la que permanece pendiente. Junto a sus padres, Felipe VI y do\u00f1a Letizia, las hermanas debutan as\u00ed en la recepci\u00f3n de los cerca de 600 representantes de todas las instituciones y sectores de Baleares que pasan, por cuarto a\u00f1o consecutivo, por la residencia estival de los monarcas.<\/p>\n<p><b>La llegada de la familia real se ha producido sobre las 20.56 horas<\/b>, dando paso a un acto que, un a\u00f1o m\u00e1s, re\u00fane a sus miembros con rostros de diversos \u00e1mbitos de la sociedad balear, y que abarcan desde miembros del Gobierno auton\u00f3mico y del Parlamento balear hasta rostros del mundo empresarial, cultural, deportivo, sanitario y period\u00edstico. Para todos ellos se ha preparado un men\u00fa a la altura inspirado, como hasta el momento han venido haciendo las chefs <a href=\"https:\/\/www.eleconomista.es\/informalia\/casas-reales\/noticias\/12928777\/07\/24\/felipe-vi-y-letizia-abren-las-puertas-de-marivent-a-la-sociedad-balear-600-invitados-y-catering-mallorquin.html\" rel=\"nofollow noopener\" target=\"_blank\">Marga Coll y Maca De Castro<\/a>, en la gastronom\u00eda mallorquina. Este a\u00f1o, <a href=\"https:\/\/www.eleconomista.es\/informalia\/casas-reales\/noticias\/13492729\/08\/25\/recepcion-de-felipe-vi-y-letizia-en-marivent-catering-mallorquin-con-gamba-roja-cochinillo-de-la-raza-autoctona-y-escabeche-de-aceituna-con-berenjena.html\" title=\"Recepci\u00f3n de Felipe VI y Letizia en Marivent: exclusivo men\u00fa con gamba roja, cochinillo de raza mallorquina y escabeche de aceituna\" rel=\"nofollow noopener\" target=\"_blank\">ha sido el chef Andreu Genestra el encargado de alegrar el paladar <\/a>de los presentes.<\/p>\n<p>La estampa de este a\u00f1o -no se les ve\u00eda a la familia reunida desde octubre del pasado a\u00f1o, durante la entrega de los premios Princesa de Asturias, en Oviedo- indica que, <b>ahora que la benjamina de los Reyes ha alcanzado la mayor\u00eda de edad, se potenciar\u00e1 su papel institucional<\/b>. Se espera, de hecho, que se estrene el pr\u00f3ximo 12 de octubre en la recepci\u00f3n del Palacio Real tras el desfile de la Fiesta Nacional.<\/p>\n<p>                            <img decoding=\"async\" src=\"https:\/\/www.europesays.com\/es\/wp-content\/uploads\/2025\/08\/770x_familiareal-miravent.jpeg\" loading=\"lazy\"\/><\/p>\n<p>                            La familia real, a su llegada a la recepci\u00f3n de Miravent. Foto: GTRES<\/p>\n<p><b>Las hermanas han asistido con dos vestidos largos y veraniegos, pero de distinto corte y estampado<\/b>. Leonor de Borb\u00f3n ha recuperado la pieza de materiales ecol\u00f3gicos que <a href=\"https:\/\/www.eleconomista.es\/informalia\/casas-reales\/noticias\/12396245\/08\/23\/dona-letizia-y-su-suegra-la-reina-sofia-exhiben-carino-y-complicidad-en-marivent.html\" title=\"Do\u00f1a Letizia y su suegra la reina Sof\u00eda exhiben cari\u00f1o y complicidad en Marivent\" rel=\"nofollow noopener\" target=\"_blank\">ya llev\u00f3 su madre en la recepci\u00f3n a las autoridades de las Islas Baleares en 2023<\/a>; un dise\u00f1o con escote barco, dibujos azules sobre fondo blanco y falda muy fluida, de la dise\u00f1adora Stella Jean en colaboraci\u00f3n con la firma espa\u00f1ola Desigual. La infanta Sof\u00eda, por su parte, ha lucido un vestido de estampado floral con tonos rosa palo y fucsia. El traje, de cuello cerrado, es m\u00e1s entallado que el de su hermana, de palabra de honor.<\/p>\n<p>Ha llamado tambi\u00e9n la atenci\u00f3n en vestido que ha elegido para la ocasi\u00f3n la reina consorte. Do\u00f1a Letizia se ha enfundado en un vestido de estilo adlib que destaca <b>por sus bordados, as\u00ed como su favorecedor escote en V<\/b>. El tejido aporta frescura y un aire rom\u00e1ntico sin renunciar a la comodidad. Para complementar su estilismo, ha seleccionado una alpargatas plateadas y unos favorecedores pendientes.<\/p>\n<p>                            <img decoding=\"async\" src=\"https:\/\/www.europesays.com\/es\/wp-content\/uploads\/2025\/08\/770x_leonor-sofia-miravent.jpeg\" loading=\"lazy\"\/><\/p>\n<p>                            Do\u00f1a Sof\u00eda y la princesa Leonor llegan a la recepci\u00f3n de Miravent. Foto: GTRES<\/p>\n<p>                            <img decoding=\"async\" src=\"https:\/\/www.europesays.com\/es\/wp-content\/uploads\/2025\/08\/EuropaPress_5367019_rey_felipe_iv_reina_letizia_reina_sofia_recepcion_ofrecida_autoridades-1.jpg\" loading=\"lazy\"\/><\/p>\n<p>                            La reina Letizia, en Marivent, en 2023. Foto: GTRES<\/p>\n<p>La zona en la que se recibe a los invitados en el palacio es la misma en la que cada a\u00f1o el presidente de Gobierno ofrece una rueda de prensa tras mantener el despacho de verano con el Rey, un \u00e1rea pr\u00f3xima a las pistas de tenis del complejo y desde la que se puede atisbar el Mediterr\u00e1neo entre los \u00e1rboles. Los miembros de la Familia Real al completo han esperado para recibirlos al final del camino que une la vivienda principal con la anexa. Los invitados, puntuales, han estrechado la mano de los miembros de la familia real en <b>un desfile que ha durado cerca de 20 minutos, y luego se han dispersado por la estancia principal<\/b>.<\/p>\n<p><b>Cabe decir que este a\u00f1o no solo es una novedad la presencia de la princesa Leonor y la infanta Sof\u00eda<\/b>. La etiqueta, esta vez, invitaba a las mujeres a asistir con traje corto y a los hombres con camisa o guayabera. Por primera vez, se pod\u00eda asistir sin necesidad de usar chaqueta.<\/p>\n<p>                            <img decoding=\"async\" src=\"https:\/\/www.europesays.com\/es\/wp-content\/uploads\/2025\/08\/770x_marivent-familia.jpg\" loading=\"lazy\"\/><\/p>\n<p>                            Posado oficial en la recepci\u00f3n de Marivent. Foto: GTRES<\/p>\n<p>Invitados de excepci\u00f3n<\/p>\n<p><b>Entre los representantes pol\u00edticos que han asistido a la recepci\u00f3n<\/b> se ha podido ver a la presidenta del Congreso, Francina Armengol, y a la presidenta del Gobierno de Baleares, Marga Prohens, entre otros. Tambi\u00e9n ha asistido el director del Atl\u00e0ntida Film Fest, Jaume Ripoll; el dise\u00f1ador Pablo Erroz, el cantante Jaime Anglada, el chef y exconcursante de Supervivientes Koldo Royo, el exjugador de baloncesto Rudy Fern\u00e1ndez o el extenista Rafa Nadal, quien, recordemos, el pasado mes de junio fue nombrado por el Rey marqu\u00e9s de Llevant de Mallorca.<\/p>\n<p>                            <img decoding=\"async\" src=\"https:\/\/www.europesays.com\/es\/wp-content\/uploads\/2025\/08\/1754355552_910_nadal-marivent.jpg\" loading=\"lazy\"\/><\/p>\n<p>Han pasado 11 desde que los monarcas cambiaran la cena de gala que Juan Carlos I y Sof\u00eda ofrec\u00edan a las autoridades pol\u00edticas y militares por esta recepci\u00f3n, que tiene como principal objetivo el intercambio de opiniones e ideas entre los Reyes y los asistentes al evento en una maniobra de acercamiento a la sociedad. L<b>os a\u00f1os pasan y, con ellos, las tradiciones. Probablemente, Leonor y Sof\u00eda nunca olvidar\u00e1n este d\u00eda<\/b>.<b> <\/b><\/p>\n<p>WhatsApp<a href=\"https:\/\/api.whatsapp.com\/send?text=https:\/\/www.eleconomista.es\/informalia\/casas-reales\/noticias\/13492941\/08\/25\/debut-de-la-princesa-leonor-y-la-infanta-sofia-en-la-recepcion-de-marivent-complicidad-con-los-reyes-y-del-brazo-de-dona-sofia.html?utm_source%3Dwhatsapp%26utm_medium%3Dshare_button&amp;id=1648118629957_whatsapp\" target=\"_blank\" data-action=\"share\/whatsapp\/share\" aria-label=\"Compartir en Whatsapp\" rel=\"nofollow noopener\"><\/a>Facebook<a id=\"fb-share\" href=\"#\" target=\"_blank\" rel=\"noopener noreferrer\" aria-label=\"Compartir en Facebook\"><\/a>Twitter<a href=\"https:\/\/twitter.com\/share?text=Debut+de+la+princesa+Leonor+y+la+infanta+Sof%C3%ADa+en+la+recepci%C3%B3n+de+Marivent%3A+complicidad+con+los+Reyes+y+del+brazo+de+do%C3%B1a+Sof%C3%ADa&amp;url=https:\/\/www.eleconomista.es\/informalia\/casas-reales\/noticias\/13492941\/08\/25\/debut-de-la-princesa-leonor-y-la-infanta-sofia-en-la-recepcion-de-marivent-complicidad-con-los-reyes-y-del-brazo-de-dona-sofia.html&amp;via=Informalia&amp;id=1648118839245_twitter\" target=\"_blank\" aria-label=\"Compartir en Twitter\" rel=\"nofollow noopener\"><\/a>Linkedin<a onclick=\"return abrirLinkedin();\" href=\"https:\/\/www.linkedin.com\/shareArticle?text=Debut+de+la+princesa+Leonor+y+la+infanta+Sof%C3%ADa+en+la+recepci%C3%B3n+de+Marivent%3A+complicidad+con+los+Reyes+y+del+brazo+de+do%C3%B1a+Sof%C3%ADa&amp;url=https:\/\/www.eleconomista.es\/informalia\/casas-reales\/noticias\/13492941\/08\/25\/debut-de-la-princesa-leonor-y-la-infanta-sofia-en-la-recepcion-de-marivent-complicidad-con-los-reyes-y-del-brazo-de-dona-sofia.html&amp;mini=true\" target=\"_blank\" aria-label=\"Compartir en linkedin\" rel=\"nofollow noopener\"><\/a>Beloud<a href=\"https:\/\/beloud.com\/share?text=Debut+de+la+princesa+Leonor+y+la+infanta+Sof%C3%ADa+en+la+recepci%C3%B3n+de+Marivent%3A+complicidad+con+los+Reyes+y+del+brazo+de+do%C3%B1a+Sof%C3%ADa&amp;url=https:\/\/www.eleconomista.es\/informalia\/casas-reales\/noticias\/13492941\/08\/25\/debut-de-la-princesa-leonor-y-la-infanta-sofia-en-la-recepcion-de-marivent-complicidad-con-los-reyes-y-del-brazo-de-dona-sofia.html&amp;via=Informalia&amp;id=1648118839245_beloud\" target=\"_blank\" aria-label=\"Compartir en beloud\" rel=\"nofollow noopener\"><\/a>Bluesky<a href=\"https:\/\/bsky.app\/intent\/compose?text=https:\/\/bsky.app\/intent\/compose?text=https:\/\/www.eleconomista.es\/informalia\/casas-reales\/noticias\/13492941\/08\/25\/debut-de-la-princesa-leonor-y-la-infanta-sofia-en-la-recepcion-de-marivent-complicidad-con-los-reyes-y-del-brazo-de-dona-sofia.html&amp;url=https:\/\/www.eleconomista.es\/informalia\/casas-reales\/noticias\/13492941\/08\/25\/debut-de-la-princesa-leonor-y-la-infanta-sofia-en-la-recepcion-de-marivent-complicidad-con-los-reyes-y-del-brazo-de-dona-sofia.html&amp;via=elEconomistaes&amp;id=1648118839245_bluesky\" target=\"_blank\" aria-label=\"Compartir en bluesky\" rel=\"nofollow noopener\"><\/a><\/p>\n<p><script async src=\"https:\/\/platform.twitter.com\/widgets.js\" charset=\"utf-8\"><\/script><\/p>\n","protected":false},"excerpt":{"rendered":"La princesa Leonor y la infanta Sof\u00eda han debutado este lunes, 4 de agosto, en la tradicional recepci\u00f3n&hellip;\n","protected":false},"author":2,"featured_media":26189,"comment_status":"","ping_status":"","sticky":false,"template":"","format":"standard","meta":{"footnotes":""},"categories":[174],"tags":[14486,255,146,147,25,24,256,23],"class_list":{"0":"post-26188","1":"post","2":"type-post","3":"status-publish","4":"format-standard","5":"has-post-thumbnail","7":"category-famosos","8":"tag-casas-reales","9":"tag-celebrities","10":"tag-entertainment","11":"tag-entretenimiento","12":"tag-es","13":"tag-espana","14":"tag-famosos","15":"tag-spain"},"share_on_mastodon":{"url":"","error":""},"_links":{"self":[{"href":"https:\/\/www.europesays.com\/es\/wp-json\/wp\/v2\/posts\/26188","targetHints":{"allow":["GET"]}}],"collection":[{"href":"https:\/\/www.europesays.com\/es\/wp-json\/wp\/v2\/posts"}],"about":[{"href":"https:\/\/www.europesays.com\/es\/wp-json\/wp\/v2\/types\/post"}],"author":[{"embeddable":true,"href":"https:\/\/www.europesays.com\/es\/wp-json\/wp\/v2\/users\/2"}],"replies":[{"embeddable":true,"href":"https:\/\/www.europesays.com\/es\/wp-json\/wp\/v2\/comments?post=26188"}],"version-history":[{"count":0,"href":"https:\/\/www.europesays.com\/es\/wp-json\/wp\/v2\/posts\/26188\/revisions"}],"wp:featuredmedia":[{"embeddable":true,"href":"https:\/\/www.europesays.com\/es\/wp-json\/wp\/v2\/media\/26189"}],"wp:attachment":[{"href":"https:\/\/www.europesays.com\/es\/wp-json\/wp\/v2\/media?parent=26188"}],"wp:term":[{"taxonomy":"category","embeddable":true,"href":"https:\/\/www.europesays.com\/es\/wp-json\/wp\/v2\/categories?post=26188"},{"taxonomy":"post_tag","embeddable":true,"href":"https:\/\/www.europesays.com\/es\/wp-json\/wp\/v2\/tags?post=26188"}],"curies":[{"name":"wp","href":"https:\/\/api.w.org\/{rel}","templated":true}]}}