{"id":261880,"date":"2025-11-29T10:34:10","date_gmt":"2025-11-29T10:34:10","guid":{"rendered":"https:\/\/www.europesays.com\/es\/261880\/"},"modified":"2025-11-29T10:34:10","modified_gmt":"2025-11-29T10:34:10","slug":"un-muerto-y-una-decena-de-heridos-por-ataque-ruso-con-drones-contra-kiev","status":"publish","type":"post","link":"https:\/\/www.europesays.com\/es\/261880\/","title":{"rendered":"Un muerto y una decena de heridos por ataque ruso con drones contra Kiev"},"content":{"rendered":"<p>    <img src=\"https:\/\/www.europesays.com\/es\/wp-content\/uploads\/2025\/11\/2025-11-29T063A533A07Z-90551925.jpg\" width=\"1024\" height=\"731\" alt=\"\" loading=\"eager\" decoding=\"sync\" fetchpriority=\"high\"\/><\/p>\n<p>            afp_tickers        <\/p>\n<p>        Este contenido fue publicado en    <\/p>\n<p>        29 noviembre 2025 &#8211; 07:53\n<\/p>\n<p>Un ataque ruso con drones contra la capital ucraniana caus\u00f3 la madrugada del s\u00e1bado al menos un muerto y una decena de heridos, adem\u00e1s de importantes da\u00f1os materiales, informaron las autoridades.<\/p>\n<p>La administraci\u00f3n militar de la ciudad tambi\u00e9n advirti\u00f3 a la poblaci\u00f3n sobre la \u00abamenaza\u00bb de un ataque con misil bal\u00edstico disparado desde un avi\u00f3n ruso MIG-31.<\/p>\n<p>\u00abExiste la amenaza de un ataque con misiles enemigos. \u00a1Permanezcan en los refugios!\u00bb, advirti\u00f3 en un comunicado publicado en la plataforma de mensajer\u00eda Telegram.<\/p>\n<p>Periodistas de la AFP escucharon fuertes explosiones alrededor de la medianoche en el centro de Kiev, que el alcalde de la ciudad, Vitali Klitschko, atribuy\u00f3 a Mosc\u00fa.<\/p>\n<p>\u00abSe confirm\u00f3 la muerte de una persona\u00bb, probablemente \u00abun hombre\u00bb, indic\u00f3 tambi\u00e9n en Telegram el jefe de la administraci\u00f3n militar de la ciudad, Timur Tkachenko.<\/p>\n<p>Las autoridades locales reportaron adem\u00e1s una decena de heridos.<\/p>\n<p>La administraci\u00f3n militar lament\u00f3 posteriormente que el \u00abc\u00ednico ataque terrorista de la Federaci\u00f3n de Rusia\u00bb haya impactado en nueve lugares de cinco barrios capitalinos.<\/p>\n<p>Se trata \u00abde un intento por parte de los rusos de aterrorizar pura y simplemente a la poblaci\u00f3n civil\u00bb, denunci\u00f3 Tkachenko.<\/p>\n<p>El alcalde de Kiev hab\u00eda indicado antes que entre los heridos se encontraba un adolescente de 13 a\u00f1os.<\/p>\n<p>Al menos dos edificios residenciales, uno de ellos de 25 pisos, una casa y varios autom\u00f3viles sufrieron da\u00f1os, precisaron los funcionarios.<\/p>\n<p>\u00abKiev lleva m\u00e1s de ocho horas en alerta a\u00e9rea\u00bb, a\u00f1adi\u00f3 posteriormente el alcalde, al explicar que \u00abel oeste de la capital se encuentra sin electricidad\u00bb, lo que confirmaron periodistas de la AFP.<\/p>\n<p>A principios de esta semana, poderosas explosiones sacudieron Kiev durante la noche mientras drones y misiles rusos ca\u00edan sobre la capital, lo que provoc\u00f3 incendios en edificios residenciales.\u00a0<\/p>\n<p>Las autoridades de la ciudad informaron que siete personas murieron.\u00a0<\/p>\n<p>Rusia lanz\u00f3 su invasi\u00f3n a gran escala de Ucrania en febrero de 2022, lo que desencaden\u00f3 el peor conflicto armado en Europa desde la Segunda Guerra Mundial.<\/p>\n<p>bur-kjm\/atm\/cr\/sag\/arm<\/p>\n","protected":false},"excerpt":{"rendered":"afp_tickers Este contenido fue publicado en 29 noviembre 2025 &#8211; 07:53 Un ataque ruso con drones contra la&hellip;\n","protected":false},"author":2,"featured_media":261881,"comment_status":"","ping_status":"","sticky":false,"template":"","format":"standard","meta":{"footnotes":""},"categories":[42],"tags":[635,17,18,636,13,14,11,61,62,63,64,19,20,9,10,15,16,90,12,21,22,65,66,67],"class_list":{"0":"post-261880","1":"post","2":"type-post","3":"status-publish","4":"format-standard","5":"has-post-thumbnail","7":"category-internacional","8":"tag-armed-conflict","9":"tag-breaking-news","10":"tag-breakingnews","11":"tag-conflict","12":"tag-featured-news","13":"tag-featurednews","14":"tag-headlines","15":"tag-internacional","16":"tag-international","17":"tag-international-news","18":"tag-internationalnews","19":"tag-latest-news","20":"tag-latestnews","21":"tag-news","22":"tag-noticias","23":"tag-noticias-destacadas","24":"tag-noticiasdestacadas","25":"tag-ticker","26":"tag-titulares","27":"tag-ultimas-noticias","28":"tag-ultimasnoticias","29":"tag-world","30":"tag-world-news","31":"tag-worldnews"},"share_on_mastodon":{"url":"https:\/\/pubeurope.com\/@es\/115632542353349116","error":""},"_links":{"self":[{"href":"https:\/\/www.europesays.com\/es\/wp-json\/wp\/v2\/posts\/261880","targetHints":{"allow":["GET"]}}],"collection":[{"href":"https:\/\/www.europesays.com\/es\/wp-json\/wp\/v2\/posts"}],"about":[{"href":"https:\/\/www.europesays.com\/es\/wp-json\/wp\/v2\/types\/post"}],"author":[{"embeddable":true,"href":"https:\/\/www.europesays.com\/es\/wp-json\/wp\/v2\/users\/2"}],"replies":[{"embeddable":true,"href":"https:\/\/www.europesays.com\/es\/wp-json\/wp\/v2\/comments?post=261880"}],"version-history":[{"count":0,"href":"https:\/\/www.europesays.com\/es\/wp-json\/wp\/v2\/posts\/261880\/revisions"}],"wp:featuredmedia":[{"embeddable":true,"href":"https:\/\/www.europesays.com\/es\/wp-json\/wp\/v2\/media\/261881"}],"wp:attachment":[{"href":"https:\/\/www.europesays.com\/es\/wp-json\/wp\/v2\/media?parent=261880"}],"wp:term":[{"taxonomy":"category","embeddable":true,"href":"https:\/\/www.europesays.com\/es\/wp-json\/wp\/v2\/categories?post=261880"},{"taxonomy":"post_tag","embeddable":true,"href":"https:\/\/www.europesays.com\/es\/wp-json\/wp\/v2\/tags?post=261880"}],"curies":[{"name":"wp","href":"https:\/\/api.w.org\/{rel}","templated":true}]}}